{"id":669545,"date":"2025-05-30T00:00:11","date_gmt":"2025-05-30T06:00:11","guid":{"rendered":"https:\/\/www.diarioimagen.net\/?p=669545"},"modified":"2025-05-29T21:24:22","modified_gmt":"2025-05-30T03:24:22","slug":"llega-a-tlalnepantla-la-jornada-por-la-paz-para-fortalecer-vinculo-de-autoridades-con-la-sociedad","status":"publish","type":"post","link":"https:\/\/www.diarioimagen.net\/?p=669545","title":{"rendered":"Llega a Tlalnepantla la \u201cJornada por la paz\u201d para  fortalecer v\u00ednculo de autoridades con la sociedad"},"content":{"rendered":"<p>&nbsp;<\/p>\n<ul>\n<li><strong>Reconstrucci\u00f3n del tejido social<\/strong><\/li>\n<\/ul>\n<p>&nbsp;<\/p>\n<p>&nbsp;<\/p>\n<div id=\"attachment_669546\" style=\"width: 414px\" class=\"wp-caption alignnone\"><img loading=\"lazy\" decoding=\"async\" aria-describedby=\"caption-attachment-669546\" class=\"size-large wp-image-669546\" src=\"https:\/\/www.diarioimagen.net\/wp-content\/uploads\/2025\/05\/BAENA-1-ok-14-404x270.jpg\" alt=\"\" width=\"404\" height=\"270\" srcset=\"https:\/\/www.diarioimagen.net\/wp-content\/uploads\/2025\/05\/BAENA-1-ok-14-404x270.jpg 404w, https:\/\/www.diarioimagen.net\/wp-content\/uploads\/2025\/05\/BAENA-1-ok-14-240x160.jpg 240w, https:\/\/www.diarioimagen.net\/wp-content\/uploads\/2025\/05\/BAENA-1-ok-14-768x513.jpg 768w, https:\/\/www.diarioimagen.net\/wp-content\/uploads\/2025\/05\/BAENA-1-ok-14.jpg 1500w\" sizes=\"auto, (max-width: 404px) 100vw, 404px\" \/><p id=\"caption-attachment-669546\" class=\"wp-caption-text\">Jos\u00e9 Alberto Gonz\u00e1lez, Subdirector de Protecci\u00f3n del Delito y Estrategias de la Paz de la Comisar\u00eda General de Proximidad, asisti\u00f3 al arranque de la \u201cJornada por la paz\u201d en la colonia L\u00e1zaro C\u00e1rdenas III.<\/p><\/div>\n<p>Tlalnepantla, M\u00e9x.- El gobierno de M\u00e9xico que encabeza la presidenta Claudia Sheinbaum, llev\u00f3 a cabo las \u201cJornadas por la Paz\u201d en Tlalnepantla, proyecto donde confluyen los tres \u00f3rdenes gubernamentales con el objetivo de acercar y fortalecer el v\u00ednculo de la sociedad con sus autoridades, atender sus necesidades y reconstruir el tejido social.<\/p>\n<p>&nbsp;<\/p>\n<p>La \u201cJornada por la paz\u201d llegaron a la colonia L\u00e1zaro C\u00e1rdenas III de este municipio con el firme prop\u00f3sito de hacer sentir a las y los habitantes que la construcci\u00f3n de la paz en el pa\u00eds no es un concepto abstracto, ni un ideal inalcanzable, sino una tarea y participaci\u00f3n conjunta para garantizar acceso a servicios esenciales y recuperar espacios comunitarios para la convivencia y el desarrollo.<\/p>\n<p>&nbsp;<\/p>\n<p>En representaci\u00f3n del presidente municipal de Tlalnepantla, Raciel P\u00e9rez Cruz, estuvo presente Jos\u00e9 Alberto Gonz\u00e1lez Subdirector de Protecci\u00f3n del Delito y Estrategias de la Paz de la Comisar\u00eda General de Proximidad y Seguridad Ciudadana, as\u00ed como la presidenta honoraria del Sistema Municipal DIF de Tlalnepantla, Roc\u00edo P\u00e9rez Cruz.<\/p>\n<p>&nbsp;<\/p>\n<p>Durante el arranque de esta importante programa, el Secretario T\u00e9cnico de la Mesa de Construcci\u00f3n de Paz en Tlalnepantla, Joel Esteban Licona P\u00e9rez, se\u00f1al\u00f3 que la \u201cJornada por la paz\u201d es instruida por la Presidenta de la Rep\u00fablica, con la finalidad de acercar a los funcionarios con la poblaci\u00f3n.<\/p>\n<p>&nbsp;<\/p>\n<p>\u201cQue las y los vecinos conozcan a sus autoridades federales, estatales y municipales, ofrecerles servicios, actividades y diferentes acciones que nos permitan disminuir la incidencia delictiva aqu\u00ed, en Tlalnepantla, y en nuestro pa\u00eds\u201d, afirm\u00f3.<\/p>\n<p>&nbsp;<\/p>\n<p>En este contexto, el director general del Sistema DIF Municipal de Tlalnepantla, Edmundo Gonz\u00e1lez Gallegos, indic\u00f3 que el gobierno municipal fomenta este programa del gobierno federal a trav\u00e9s de la \u201cJornada M\u00e9dico Asistencial\u201d, para llevar apoyos y servicios esenciales a todas las comunidades de la demarcaci\u00f3n, como atenci\u00f3n m\u00e9dica, odontol\u00f3gica,\u00a0 prevenci\u00f3n y erradicaci\u00f3n de las adicciones, atenci\u00f3n a personas adultas mayores, ni\u00f1as, ni\u00f1os y adolescentes, servicios veterinarios, asesor\u00eda jur\u00eddica. entre otros.<\/p>\n<p>&nbsp;<\/p>\n<p>&nbsp;<\/p>\n","protected":false},"excerpt":{"rendered":"<p>&nbsp; Reconstrucci\u00f3n del tejido social &nbsp; &nbsp; Tlalnepantla, M\u00e9x.- El gobierno de M\u00e9xico que encabeza la presidenta Claudia Sheinbaum, llev\u00f3 a cabo las \u201cJornadas por la Paz\u201d en Tlalnepantla, proyecto donde confluyen los tres \u00f3rdenes gubernamentales con el objetivo de acercar y fortalecer el v\u00ednculo de la sociedad con sus autoridades, atender sus necesidades y [&hellip;]<\/p>\n","protected":false},"author":14,"featured_media":669546,"comment_status":"open","ping_status":"open","sticky":false,"template":"","format":"standard","meta":{"_monsterinsights_skip_tracking":false,"_monsterinsights_sitenote_active":false,"_monsterinsights_sitenote_note":"","_monsterinsights_sitenote_category":0,"footnotes":""},"categories":[5],"tags":[],"class_list":["post-669545","post","type-post","status-publish","format-standard","has-post-thumbnail","hentry","category-estado-de-mexico"],"_links":{"self":[{"href":"https:\/\/www.diarioimagen.net\/index.php?rest_route=\/wp\/v2\/posts\/669545","targetHints":{"allow":["GET"]}}],"collection":[{"href":"https:\/\/www.diarioimagen.net\/index.php?rest_route=\/wp\/v2\/posts"}],"about":[{"href":"https:\/\/www.diarioimagen.net\/index.php?rest_route=\/wp\/v2\/types\/post"}],"author":[{"embeddable":true,"href":"https:\/\/www.diarioimagen.net\/index.php?rest_route=\/wp\/v2\/users\/14"}],"replies":[{"embeddable":true,"href":"https:\/\/www.diarioimagen.net\/index.php?rest_route=%2Fwp%2Fv2%2Fcomments&post=669545"}],"version-history":[{"count":1,"href":"https:\/\/www.diarioimagen.net\/index.php?rest_route=\/wp\/v2\/posts\/669545\/revisions"}],"predecessor-version":[{"id":669547,"href":"https:\/\/www.diarioimagen.net\/index.php?rest_route=\/wp\/v2\/posts\/669545\/revisions\/669547"}],"wp:featuredmedia":[{"embeddable":true,"href":"https:\/\/www.diarioimagen.net\/index.php?rest_route=\/wp\/v2\/media\/669546"}],"wp:attachment":[{"href":"https:\/\/www.diarioimagen.net\/index.php?rest_route=%2Fwp%2Fv2%2Fmedia&parent=669545"}],"wp:term":[{"taxonomy":"category","embeddable":true,"href":"https:\/\/www.diarioimagen.net\/index.php?rest_route=%2Fwp%2Fv2%2Fcategories&post=669545"},{"taxonomy":"post_tag","embeddable":true,"href":"https:\/\/www.diarioimagen.net\/index.php?rest_route=%2Fwp%2Fv2%2Ftags&post=669545"}],"curies":[{"name":"wp","href":"https:\/\/api.w.org\/{rel}","templated":true}]}}