{"id":669548,"date":"2025-05-30T00:00:32","date_gmt":"2025-05-30T06:00:32","guid":{"rendered":"https:\/\/www.diarioimagen.net\/?p=669548"},"modified":"2025-05-29T21:25:26","modified_gmt":"2025-05-30T03:25:26","slug":"el-prd-seguira-siendo-critico-ante-las-injusticias-afirma-lucina-cortes","status":"publish","type":"post","link":"https:\/\/www.diarioimagen.net\/?p=669548","title":{"rendered":"El PRD seguir\u00e1 siendo cr\u00edtico ante  las injusticias, afirma Lucina Cort\u00e9s"},"content":{"rendered":"<ul>\n<li><strong>Compromiso con el di\u00e1logo en Edomex<\/strong><\/li>\n<\/ul>\n<p><strong>\u00a0<\/strong><\/p>\n<p>&nbsp;<\/p>\n<div id=\"attachment_669549\" style=\"width: 248px\" class=\"wp-caption alignnone\"><img loading=\"lazy\" decoding=\"async\" aria-describedby=\"caption-attachment-669549\" class=\"size-large wp-image-669549\" src=\"https:\/\/www.diarioimagen.net\/wp-content\/uploads\/2025\/05\/BAENA-2-ok-19-238x270.jpg\" alt=\"\" width=\"238\" height=\"270\" srcset=\"https:\/\/www.diarioimagen.net\/wp-content\/uploads\/2025\/05\/BAENA-2-ok-19-238x270.jpg 238w, https:\/\/www.diarioimagen.net\/wp-content\/uploads\/2025\/05\/BAENA-2-ok-19-212x240.jpg 212w, https:\/\/www.diarioimagen.net\/wp-content\/uploads\/2025\/05\/BAENA-2-ok-19-768x871.jpg 768w, https:\/\/www.diarioimagen.net\/wp-content\/uploads\/2025\/05\/BAENA-2-ok-19-1354x1536.jpg 1354w, https:\/\/www.diarioimagen.net\/wp-content\/uploads\/2025\/05\/BAENA-2-ok-19-1806x2048.jpg 1806w\" sizes=\"auto, (max-width: 238px) 100vw, 238px\" \/><p id=\"caption-attachment-669549\" class=\"wp-caption-text\">Lucina Cort\u00e9s Cornejo destac\u00f3 que la defensa de los derechos humanos es y ser\u00e1 una tarea constante del perredismo mexiquense.<\/p><\/div>\n<p>Por Arturo Baena<\/p>\n<p>&nbsp;<\/p>\n<p>Valle de M\u00e9xico.- El ser oposici\u00f3n no significa ir en todo lo contrario a la aprobaci\u00f3n de Leyes o Iniciativas gubernamentales, ser oposici\u00f3n es ser un polo de ideas y cr\u00edtica pertinente para una mejor conducci\u00f3n de nuestros municipios y de nuestro pa\u00eds, el cu\u00e1l se encuentra estancado econ\u00f3micamente y en medio de una grave crisis de violencia.<\/p>\n<p>&nbsp;<\/p>\n<p>As\u00ed lo expres\u00f3 la dirigente del PRD en el municipio de Naucalpan,\u00a0 Lucina Cort\u00e9s Cornejo, luego de expresar qu\u00e9 \u00abefectivamente, el deseo de nuestro partido es que las\u00a0 administraciones federal, estatal y municipal, logren\u00a0 avanzar hacia un aut\u00e9ntico bienestar para todos los mexicanos, incluyendo a los mexiquenses\u00bb, dijo.<\/p>\n<p>&nbsp;<\/p>\n<p>La tambi\u00e9n regidora destac\u00f3 que la defensa de los derechos humanos y la importancia de mantenerse vigilantes, ante cualquier intento de autoritarismo, es y ser\u00e1 una tarea constante del perredismo mexiquense.<\/p>\n<p>&nbsp;<\/p>\n<p>\u201cEl PRD se mantendr\u00e1 firme en la defensa de los derechos humanos, la libertad de expresi\u00f3n y la democracia. Rechazamos cualquier forma de autoritarismo y abogamos por un M\u00e9xico donde el respeto a las diferencias sea un pilar fundamental\u201d, afirm\u00f3.<\/p>\n<p>&nbsp;<\/p>\n<p>Finalmente, Lucina Cort\u00e9s reiter\u00f3 que \u201cdesde el PRD del Estado de M\u00e9xico mantendremos nuestra postura cr\u00edtica, pero propositiva ante el gobierno, reafirmando nuestro compromiso con el di\u00e1logo y la inclusi\u00f3n como v\u00edas para alcanzar el desarrollo y la justicia social en el pa\u00eds\u201d, finaliz\u00f3.<\/p>\n<p>&nbsp;<\/p>\n<p>&nbsp;<\/p>\n<p>&nbsp;<\/p>\n","protected":false},"excerpt":{"rendered":"<p>Compromiso con el di\u00e1logo en Edomex \u00a0 &nbsp; Por Arturo Baena &nbsp; Valle de M\u00e9xico.- El ser oposici\u00f3n no significa ir en todo lo contrario a la aprobaci\u00f3n de Leyes o Iniciativas gubernamentales, ser oposici\u00f3n es ser un polo de ideas y cr\u00edtica pertinente para una mejor conducci\u00f3n de nuestros municipios y de nuestro pa\u00eds, [&hellip;]<\/p>\n","protected":false},"author":14,"featured_media":669549,"comment_status":"open","ping_status":"open","sticky":false,"template":"","format":"standard","meta":{"_monsterinsights_skip_tracking":false,"_monsterinsights_sitenote_active":false,"_monsterinsights_sitenote_note":"","_monsterinsights_sitenote_category":0,"footnotes":""},"categories":[5],"tags":[],"class_list":["post-669548","post","type-post","status-publish","format-standard","has-post-thumbnail","hentry","category-estado-de-mexico"],"_links":{"self":[{"href":"https:\/\/www.diarioimagen.net\/index.php?rest_route=\/wp\/v2\/posts\/669548","targetHints":{"allow":["GET"]}}],"collection":[{"href":"https:\/\/www.diarioimagen.net\/index.php?rest_route=\/wp\/v2\/posts"}],"about":[{"href":"https:\/\/www.diarioimagen.net\/index.php?rest_route=\/wp\/v2\/types\/post"}],"author":[{"embeddable":true,"href":"https:\/\/www.diarioimagen.net\/index.php?rest_route=\/wp\/v2\/users\/14"}],"replies":[{"embeddable":true,"href":"https:\/\/www.diarioimagen.net\/index.php?rest_route=%2Fwp%2Fv2%2Fcomments&post=669548"}],"version-history":[{"count":1,"href":"https:\/\/www.diarioimagen.net\/index.php?rest_route=\/wp\/v2\/posts\/669548\/revisions"}],"predecessor-version":[{"id":669550,"href":"https:\/\/www.diarioimagen.net\/index.php?rest_route=\/wp\/v2\/posts\/669548\/revisions\/669550"}],"wp:featuredmedia":[{"embeddable":true,"href":"https:\/\/www.diarioimagen.net\/index.php?rest_route=\/wp\/v2\/media\/669549"}],"wp:attachment":[{"href":"https:\/\/www.diarioimagen.net\/index.php?rest_route=%2Fwp%2Fv2%2Fmedia&parent=669548"}],"wp:term":[{"taxonomy":"category","embeddable":true,"href":"https:\/\/www.diarioimagen.net\/index.php?rest_route=%2Fwp%2Fv2%2Fcategories&post=669548"},{"taxonomy":"post_tag","embeddable":true,"href":"https:\/\/www.diarioimagen.net\/index.php?rest_route=%2Fwp%2Fv2%2Ftags&post=669548"}],"curies":[{"name":"wp","href":"https:\/\/api.w.org\/{rel}","templated":true}]}}