{"id":669554,"date":"2025-05-30T00:00:47","date_gmt":"2025-05-30T06:00:47","guid":{"rendered":"https:\/\/www.diarioimagen.net\/?p=669554"},"modified":"2025-05-29T21:27:42","modified_gmt":"2025-05-30T03:27:42","slug":"por-eleccion-judicial-ley-seca-en-ecatepec","status":"publish","type":"post","link":"https:\/\/www.diarioimagen.net\/?p=669554","title":{"rendered":"Por elecci\u00f3n judicial, \u201cley seca\u201d en Ecatepec"},"content":{"rendered":"<p><img loading=\"lazy\" decoding=\"async\" class=\"alignnone size-large wp-image-669555\" src=\"https:\/\/www.diarioimagen.net\/wp-content\/uploads\/2025\/05\/BAENA-4-ok-20-452x270.jpg\" alt=\"\" width=\"452\" height=\"270\" srcset=\"https:\/\/www.diarioimagen.net\/wp-content\/uploads\/2025\/05\/BAENA-4-ok-20-452x270.jpg 452w, https:\/\/www.diarioimagen.net\/wp-content\/uploads\/2025\/05\/BAENA-4-ok-20-240x144.jpg 240w, https:\/\/www.diarioimagen.net\/wp-content\/uploads\/2025\/05\/BAENA-4-ok-20-768x459.jpg 768w, https:\/\/www.diarioimagen.net\/wp-content\/uploads\/2025\/05\/BAENA-4-ok-20.jpg 1500w\" sizes=\"auto, (max-width: 452px) 100vw, 452px\" \/><\/p>\n<p>Ecatepec, M\u00e9x- Con motivo del Proceso Electoral Judicial Extraordinario 2025 se prohibi\u00f3 la venta de bebidas alcoh\u00f3licas en los establecimientos mercantiles ubicados en Ecatepec, a partir de las 00:00 horas del s\u00e1bado 31 de mayo y hasta las 23:00 horas del domingo 1 de junio de 2025. La Direcci\u00f3n de Desarrollo Econ\u00f3mico de Ecatepec es la encargada de informar sobre dicho acuerdo a las unidades econ\u00f3micas relacionadas con la venta de bebidas alcoh\u00f3licas, a fin de que cumplan la disposici\u00f3n. Lo anterior, luego de que las y los integrantes del Ayuntamiento de Ecatepec, en sesi\u00f3n de Cabildo, presidida por la alcaldesa Azucena Cisneros Coss, aprobaron el acuerdo n\u00famero 109\/2025.<\/p>\n<p>&nbsp;<\/p>\n<p>&nbsp;<\/p>\n<p>&nbsp;<\/p>\n<p>&nbsp;<\/p>\n<p>&nbsp;<\/p>\n<p>que proh\u00edbe la venta de bebidas alcoh\u00f3licas en los establecimientos mercantiles ubicados en el municipio a partir de las 00:00 horas del 31 de mayo hasta las 23:00 horas del 1 de junio pr\u00f3ximos, con motivo del Proceso Electoral Extraordinario para la elecci\u00f3n de diversos cargos del Poder Judicial de la Federaci\u00f3n 2024-2025.<\/p>\n","protected":false},"excerpt":{"rendered":"<p>Ecatepec, M\u00e9x- Con motivo del Proceso Electoral Judicial Extraordinario 2025 se prohibi\u00f3 la venta de bebidas alcoh\u00f3licas en los establecimientos mercantiles ubicados en Ecatepec, a partir de las 00:00 horas del s\u00e1bado 31 de mayo y hasta las 23:00 horas del domingo 1 de junio de 2025. La Direcci\u00f3n de Desarrollo Econ\u00f3mico de Ecatepec es [&hellip;]<\/p>\n","protected":false},"author":14,"featured_media":669555,"comment_status":"open","ping_status":"open","sticky":false,"template":"","format":"standard","meta":{"_monsterinsights_skip_tracking":false,"_monsterinsights_sitenote_active":false,"_monsterinsights_sitenote_note":"","_monsterinsights_sitenote_category":0,"footnotes":""},"categories":[5],"tags":[],"class_list":["post-669554","post","type-post","status-publish","format-standard","has-post-thumbnail","hentry","category-estado-de-mexico"],"_links":{"self":[{"href":"https:\/\/www.diarioimagen.net\/index.php?rest_route=\/wp\/v2\/posts\/669554","targetHints":{"allow":["GET"]}}],"collection":[{"href":"https:\/\/www.diarioimagen.net\/index.php?rest_route=\/wp\/v2\/posts"}],"about":[{"href":"https:\/\/www.diarioimagen.net\/index.php?rest_route=\/wp\/v2\/types\/post"}],"author":[{"embeddable":true,"href":"https:\/\/www.diarioimagen.net\/index.php?rest_route=\/wp\/v2\/users\/14"}],"replies":[{"embeddable":true,"href":"https:\/\/www.diarioimagen.net\/index.php?rest_route=%2Fwp%2Fv2%2Fcomments&post=669554"}],"version-history":[{"count":1,"href":"https:\/\/www.diarioimagen.net\/index.php?rest_route=\/wp\/v2\/posts\/669554\/revisions"}],"predecessor-version":[{"id":669556,"href":"https:\/\/www.diarioimagen.net\/index.php?rest_route=\/wp\/v2\/posts\/669554\/revisions\/669556"}],"wp:featuredmedia":[{"embeddable":true,"href":"https:\/\/www.diarioimagen.net\/index.php?rest_route=\/wp\/v2\/media\/669555"}],"wp:attachment":[{"href":"https:\/\/www.diarioimagen.net\/index.php?rest_route=%2Fwp%2Fv2%2Fmedia&parent=669554"}],"wp:term":[{"taxonomy":"category","embeddable":true,"href":"https:\/\/www.diarioimagen.net\/index.php?rest_route=%2Fwp%2Fv2%2Fcategories&post=669554"},{"taxonomy":"post_tag","embeddable":true,"href":"https:\/\/www.diarioimagen.net\/index.php?rest_route=%2Fwp%2Fv2%2Ftags&post=669554"}],"curies":[{"name":"wp","href":"https:\/\/api.w.org\/{rel}","templated":true}]}}