{"id":669578,"date":"2025-05-30T00:00:04","date_gmt":"2025-05-30T06:00:04","guid":{"rendered":"https:\/\/www.diarioimagen.net\/?p=669578"},"modified":"2025-05-29T21:40:00","modified_gmt":"2025-05-30T03:40:00","slug":"nsqk-llevara-por-primera-vez-su-nuevo-show-al-palacio-de-los-deportes","status":"publish","type":"post","link":"https:\/\/www.diarioimagen.net\/?p=669578","title":{"rendered":"NSQK llevar\u00e1 por primera vez su nuevo show al Palacio de los Deportes"},"content":{"rendered":"<ul>\n<li><strong>El pr\u00f3ximo 1 de noviembre <\/strong><\/li>\n<li><strong>La preventa Banamex es el 2 de junio a a las 11:00 am<\/strong><\/li>\n<\/ul>\n<p>&nbsp;<\/p>\n<div id=\"attachment_669579\" style=\"width: 470px\" class=\"wp-caption alignnone\"><img loading=\"lazy\" decoding=\"async\" aria-describedby=\"caption-attachment-669579\" class=\"size-large wp-image-669579\" src=\"https:\/\/www.diarioimagen.net\/wp-content\/uploads\/2025\/05\/NSQK-460x259.jpeg\" alt=\"\" width=\"460\" height=\"259\" srcset=\"https:\/\/www.diarioimagen.net\/wp-content\/uploads\/2025\/05\/NSQK-460x259.jpeg 460w, https:\/\/www.diarioimagen.net\/wp-content\/uploads\/2025\/05\/NSQK-240x135.jpeg 240w, https:\/\/www.diarioimagen.net\/wp-content\/uploads\/2025\/05\/NSQK-768x432.jpeg 768w, https:\/\/www.diarioimagen.net\/wp-content\/uploads\/2025\/05\/NSQK-1536x864.jpeg 1536w, https:\/\/www.diarioimagen.net\/wp-content\/uploads\/2025\/05\/NSQK-480x270.jpeg 480w, https:\/\/www.diarioimagen.net\/wp-content\/uploads\/2025\/05\/NSQK-235x132.jpeg 235w, https:\/\/www.diarioimagen.net\/wp-content\/uploads\/2025\/05\/NSQK-202x114.jpeg 202w, https:\/\/www.diarioimagen.net\/wp-content\/uploads\/2025\/05\/NSQK-350x196.jpeg 350w, https:\/\/www.diarioimagen.net\/wp-content\/uploads\/2025\/05\/NSQK-220x123.jpeg 220w, https:\/\/www.diarioimagen.net\/wp-content\/uploads\/2025\/05\/NSQK-237x132.jpeg 237w, https:\/\/www.diarioimagen.net\/wp-content\/uploads\/2025\/05\/NSQK.jpeg 1920w\" sizes=\"auto, (max-width: 460px) 100vw, 460px\" \/><p id=\"caption-attachment-669579\" class=\"wp-caption-text\">El anuncio llega tras el exitoso debut de Nsqk en festivales en USA y Canad\u00e1.<\/p><\/div>\n<p>El visionario artista y productor Nsqk har\u00e1 su regreso triunfal a Ciudad de M\u00e9xico el pr\u00f3ximo 1 de noviembre, presentando lo que ser\u00e1 un show inolvidable, en el emblem\u00e1tico Palacio de los Deportes.<\/p>\n<p>&nbsp;<\/p>\n<p>La estrella regiomontana se presentar\u00e1 en la ic\u00f3nica arena capitalina, llevando al escenario, su aclamado m\u00e1s reciente \u00e1lbum ATP (A\u00fan Te Pienso) y tambi\u00e9n sus m\u00e1s destacados \u00e9xitos.<\/p>\n<p>&nbsp;<\/p>\n<p>Los boletos estar\u00e1n disponibles en Preventa Banamex el 2 de junio a las 11:00 A.M., hora local; mientras que la venta general ser\u00e1 el 3 de junio a trav\u00e9s de Ticketmaster y a partir del 4 de junio podr\u00e1s adquirir tus boletos en las taquillas del inmueble.<\/p>\n<p>&nbsp;<\/p>\n<p>OCESAFACT: El impacto de su \u00faltimo disco ATP fue tanto que, en\u00a0 la semana de lanzamiento, el \u00e1lbum se posicion\u00f3 como el quinto disco m\u00e1s reproducido a nivel global en Spotify.<\/p>\n<p>&nbsp;<\/p>\n<p>El anuncio llega tras el exitoso debut de Nsqk en festivales en USA y Canad\u00e1. El artista cautiv\u00f3 a los asistentes con un espectacular recorrido por sus diferentes eras musicales, desde Bot\u00e1nica hasta ATP (A\u00fan Te Pienso).<\/p>\n<p>&nbsp;<\/p>\n<p>Recientemente, Nsqk lleg\u00f3 a la familia Adidas como la nueva imagen de campa\u00f1a del cl\u00e1sico zapato Superstar para el mercado mexicano, consolidando su creciente influencia m\u00e1s all\u00e1 de la m\u00fasica.<\/p>\n<p>&nbsp;<\/p>\n<p>El artista tambi\u00e9n debut\u00f3 en el showcase exclusivo de la revista Rolling Stone \u201cFuture of Music\u201d. Cabe destacar que Nsqk forma parte de The Future 25 de Rolling Stone, selecci\u00f3n que re\u00fane a 25 artistas que est\u00e1n causando un impacto en la industria musical mundial.<\/p>\n<p>Nsqk se encuentra actualmente en el estudio trabajando en nueva m\u00fasica.<\/p>\n<p>&nbsp;<\/p>\n<p>&nbsp;<\/p>\n","protected":false},"excerpt":{"rendered":"<p>El pr\u00f3ximo 1 de noviembre La preventa Banamex es el 2 de junio a a las 11:00 am &nbsp; El visionario artista y productor Nsqk har\u00e1 su regreso triunfal a Ciudad de M\u00e9xico el pr\u00f3ximo 1 de noviembre, presentando lo que ser\u00e1 un show inolvidable, en el emblem\u00e1tico Palacio de los Deportes. &nbsp; La estrella [&hellip;]<\/p>\n","protected":false},"author":14,"featured_media":669579,"comment_status":"open","ping_status":"open","sticky":false,"template":"","format":"standard","meta":{"_monsterinsights_skip_tracking":false,"_monsterinsights_sitenote_active":false,"_monsterinsights_sitenote_note":"","_monsterinsights_sitenote_category":0,"footnotes":""},"categories":[12],"tags":[],"class_list":["post-669578","post","type-post","status-publish","format-standard","has-post-thumbnail","hentry","category-espectaculos"],"_links":{"self":[{"href":"https:\/\/www.diarioimagen.net\/index.php?rest_route=\/wp\/v2\/posts\/669578","targetHints":{"allow":["GET"]}}],"collection":[{"href":"https:\/\/www.diarioimagen.net\/index.php?rest_route=\/wp\/v2\/posts"}],"about":[{"href":"https:\/\/www.diarioimagen.net\/index.php?rest_route=\/wp\/v2\/types\/post"}],"author":[{"embeddable":true,"href":"https:\/\/www.diarioimagen.net\/index.php?rest_route=\/wp\/v2\/users\/14"}],"replies":[{"embeddable":true,"href":"https:\/\/www.diarioimagen.net\/index.php?rest_route=%2Fwp%2Fv2%2Fcomments&post=669578"}],"version-history":[{"count":1,"href":"https:\/\/www.diarioimagen.net\/index.php?rest_route=\/wp\/v2\/posts\/669578\/revisions"}],"predecessor-version":[{"id":669580,"href":"https:\/\/www.diarioimagen.net\/index.php?rest_route=\/wp\/v2\/posts\/669578\/revisions\/669580"}],"wp:featuredmedia":[{"embeddable":true,"href":"https:\/\/www.diarioimagen.net\/index.php?rest_route=\/wp\/v2\/media\/669579"}],"wp:attachment":[{"href":"https:\/\/www.diarioimagen.net\/index.php?rest_route=%2Fwp%2Fv2%2Fmedia&parent=669578"}],"wp:term":[{"taxonomy":"category","embeddable":true,"href":"https:\/\/www.diarioimagen.net\/index.php?rest_route=%2Fwp%2Fv2%2Fcategories&post=669578"},{"taxonomy":"post_tag","embeddable":true,"href":"https:\/\/www.diarioimagen.net\/index.php?rest_route=%2Fwp%2Fv2%2Ftags&post=669578"}],"curies":[{"name":"wp","href":"https:\/\/api.w.org\/{rel}","templated":true}]}}