{"id":669666,"date":"2025-06-02T00:00:15","date_gmt":"2025-06-02T06:00:15","guid":{"rendered":"https:\/\/www.diarioimagen.net\/?p=669666"},"modified":"2025-06-01T19:54:59","modified_gmt":"2025-06-02T01:54:59","slug":"exhorta-mara-lezama-a-evitar-caer-en-fraudes-y-falsos-gestores","status":"publish","type":"post","link":"https:\/\/www.diarioimagen.net\/?p=669666","title":{"rendered":"Exhorta Mara Lezama a evitar  caer en fraudes y falsos gestores"},"content":{"rendered":"<ul>\n<li><strong>La gobernadora invita a denunciarlos<\/strong><\/li>\n<li><strong>Pude acudir a la Sedetus y al Registro P\u00fablico de la Propiedad para comprobar veracidad<\/strong><\/li>\n<\/ul>\n<div id=\"attachment_669667\" style=\"width: 415px\" class=\"wp-caption alignnone\"><img loading=\"lazy\" decoding=\"async\" aria-describedby=\"caption-attachment-669667\" class=\"wp-image-669667 size-large\" src=\"https:\/\/www.diarioimagen.net\/wp-content\/uploads\/2025\/06\/MARA-1-OKK-405x270.jpg\" alt=\"\" width=\"405\" height=\"270\" srcset=\"https:\/\/www.diarioimagen.net\/wp-content\/uploads\/2025\/06\/MARA-1-OKK-405x270.jpg 405w, https:\/\/www.diarioimagen.net\/wp-content\/uploads\/2025\/06\/MARA-1-OKK-240x160.jpg 240w, https:\/\/www.diarioimagen.net\/wp-content\/uploads\/2025\/06\/MARA-1-OKK-768x512.jpg 768w, https:\/\/www.diarioimagen.net\/wp-content\/uploads\/2025\/06\/MARA-1-OKK.jpg 1500w\" sizes=\"auto, (max-width: 405px) 100vw, 405px\" \/><p id=\"caption-attachment-669667\" class=\"wp-caption-text\">En el programa \u201cLa Voz del Pueblo\u201d, la gobernadora Mara Lezama Espinosa hizo un llamado a las y los quintanarroenses para no caer en fraudes de falsos gestores que les roban su dinero y los invit\u00f3 a denunciarlos.<\/p><\/div>\n<p>Canc\u00fan.- Durante el programa \u201cLa Voz del Pueblo\u201d, la gobernadora Mara Lezama Espinosa hizo un llamado a las y los quintanarroenses para no caer en fraudes de falsos gestores que les roban su dinero y los invit\u00f3 a denunciarlos para que las autoridades apliquen el peso de la ley.<\/p>\n<p>&nbsp;<\/p>\n<p>\u201cHay que acudir a la autoridad, denunciarlos, tenemos un centro de atenci\u00f3n para que puedan mandarnos fotograf\u00edas de las personas que est\u00e1n cometiendo fraudes y a trav\u00e9s de la Fiscal\u00eda General del Estado se puede perseguir este delito\u201d expres\u00f3 la titular del Ejecutivo.<\/p>\n<p>&nbsp;<\/p>\n<p>Mara Lezama explic\u00f3 que durante las audiencias p\u00fablicas las personas se le han acercado para denunciar a estos falsos gestores, quienes llegan a la puerta de las casas y ofrecen carteras vencidas, venta de casas y piden dinero anticipado para hacer los tr\u00e1mites y hasta llegan con notarios p\u00fablicos.<\/p>\n<p>&nbsp;<\/p>\n<p>La titular del Ejecutivo estatal indic\u00f3 que en este gobierno diferente, humanista con coraz\u00f3n feminista, se combate la corrupci\u00f3n, por lo que invit\u00f3 que si van a comprar alguna propiedad se acerquen a la Sedatu, al Registro P\u00fablico de la Propiedad para asegurarse que todo est\u00e1 en regla.<\/p>\n<p>&nbsp;<\/p>\n<p>Asimismo, inform\u00f3 que el programa Viviendas del Bienestar, que impulsa la presidenta Claudia Sheinbaum son acciones directas, sin intermediarios y sin gestores, para que todo est\u00e9 en orden.<\/p>\n<p>&nbsp;<\/p>\n<p>La gobernadora Mara Lezama fue enf\u00e1tica: No permitamos que se defraude.<\/p>\n<p>&nbsp;<\/p>\n<p>Por otra parte, la Gobernadora atendi\u00f3 las solicitudes y peticiones que le hicieron llegar durante el programa.<\/p>\n<p>&nbsp;<\/p>\n<p><strong>\u00a0<\/strong><\/p>\n<p>&nbsp;<\/p>\n<p>&nbsp;<\/p>\n<p><strong>Nuevo modelo de transparencia<\/strong><\/p>\n<h2><strong>\u00a0<\/strong><\/h2>\n<h2><strong>Participa MLE en instalaci\u00f3n del Consejo del <\/strong><strong>Sistema Nacional de Acceso a la Informaci\u00f3n P\u00fablica<\/strong><\/h2>\n<h2><strong>\u00a0<\/strong><\/h2>\n<p><strong>\u00a0<\/strong><\/p>\n<p><strong>\u00a0<\/strong><\/p>\n<p>Canc\u00fan.- Para contribuir en la consolidaci\u00f3n de un nuevo modelo de transparencia en M\u00e9xico, la gobernadora Mara Lezama Espinosa particip\u00f3 en la instalaci\u00f3n del Consejo del Sistema Nacional de Acceso a la Informaci\u00f3n P\u00fablica, presidido por Raquel Buenrostro, Secretaria Anticorrupci\u00f3n y Buen Gobierno.<\/p>\n<p>&nbsp;<\/p>\n<p>Al respecto, la titular del Ejecutivo explic\u00f3 que en Quintana Roo este gobierno diferente tiene como prioridad, en el Nuevo Acuerdo por el Bienestar y Desarrollo, la transparencia, el combate a la corrupci\u00f3n y la rendici\u00f3n de cuentas, porque tiene claro que el dinero es del pueblo, no del gobierno.<\/p>\n<p>&nbsp;<\/p>\n<p>Durante la sesi\u00f3n, realizada de manera virtual con la presencia de la Secretaria Anticorrupci\u00f3n y Buen Gobierno Reyna Arceo Rosado, se aprobaron las Reglas de Operaci\u00f3n y Funcionamiento del Sistema Nacional de Acceso a la Informaci\u00f3n P\u00fablica.<\/p>\n<p>&nbsp;<\/p>\n<p>Se explic\u00f3 que el Consejo, \u00f3rgano colegiado y m\u00e1ximo rector de coordinaci\u00f3n y deliberaci\u00f3n del Sistema Nacional, ser\u00e1 un espacio de di\u00e1logo, colaboraci\u00f3n y an\u00e1lisis, que tenga como resultado criterios homologados, lineamientos y propuestas de pol\u00edtica p\u00fablica en la materia que coadyuven a fortalecer el acceso al derecho a la informaci\u00f3n p\u00fablica.<\/p>\n<p>&nbsp;<\/p>\n<p>Se destac\u00f3 la importancia del Consejo como un mecanismo esencial para consolidar una red de coordinaci\u00f3n institucional que garantice la transparencia y la rendici\u00f3n de cuentas en M\u00e9xico.<\/p>\n<p>&nbsp;<\/p>\n<p>En este encuentro participaron las y los gobernadores de las entidades federativas, titulares de los \u00d3rganos Estatales de Control, la titular de Transparencia para el Pueblo, Mar\u00eda Tanivet Ramos Reyes, as\u00ed como representantes del Archivo General de la Naci\u00f3n, de la Agencia de Transformaci\u00f3n Digital y Telecomunicaciones, del Centro Federal de Conciliaci\u00f3n y Registro Laboral, del Tribunal Federal de Conciliaci\u00f3n y Arbitraje y del Instituto Nacional Electoral.<\/p>\n","protected":false},"excerpt":{"rendered":"<p>La gobernadora invita a denunciarlos Pude acudir a la Sedetus y al Registro P\u00fablico de la Propiedad para comprobar veracidad Canc\u00fan.- Durante el programa \u201cLa Voz del Pueblo\u201d, la gobernadora Mara Lezama Espinosa hizo un llamado a las y los quintanarroenses para no caer en fraudes de falsos gestores que les roban su dinero y [&hellip;]<\/p>\n","protected":false},"author":14,"featured_media":669667,"comment_status":"open","ping_status":"open","sticky":false,"template":"","format":"standard","meta":{"_monsterinsights_skip_tracking":false,"footnotes":""},"categories":[101305],"tags":[],"class_list":["post-669666","post","type-post","status-publish","format-standard","has-post-thumbnail","hentry","category-quintana-roo"],"_links":{"self":[{"href":"https:\/\/www.diarioimagen.net\/index.php?rest_route=\/wp\/v2\/posts\/669666","targetHints":{"allow":["GET"]}}],"collection":[{"href":"https:\/\/www.diarioimagen.net\/index.php?rest_route=\/wp\/v2\/posts"}],"about":[{"href":"https:\/\/www.diarioimagen.net\/index.php?rest_route=\/wp\/v2\/types\/post"}],"author":[{"embeddable":true,"href":"https:\/\/www.diarioimagen.net\/index.php?rest_route=\/wp\/v2\/users\/14"}],"replies":[{"embeddable":true,"href":"https:\/\/www.diarioimagen.net\/index.php?rest_route=%2Fwp%2Fv2%2Fcomments&post=669666"}],"version-history":[{"count":1,"href":"https:\/\/www.diarioimagen.net\/index.php?rest_route=\/wp\/v2\/posts\/669666\/revisions"}],"predecessor-version":[{"id":669668,"href":"https:\/\/www.diarioimagen.net\/index.php?rest_route=\/wp\/v2\/posts\/669666\/revisions\/669668"}],"wp:featuredmedia":[{"embeddable":true,"href":"https:\/\/www.diarioimagen.net\/index.php?rest_route=\/wp\/v2\/media\/669667"}],"wp:attachment":[{"href":"https:\/\/www.diarioimagen.net\/index.php?rest_route=%2Fwp%2Fv2%2Fmedia&parent=669666"}],"wp:term":[{"taxonomy":"category","embeddable":true,"href":"https:\/\/www.diarioimagen.net\/index.php?rest_route=%2Fwp%2Fv2%2Fcategories&post=669666"},{"taxonomy":"post_tag","embeddable":true,"href":"https:\/\/www.diarioimagen.net\/index.php?rest_route=%2Fwp%2Fv2%2Ftags&post=669666"}],"curies":[{"name":"wp","href":"https:\/\/api.w.org\/{rel}","templated":true}]}}