{"id":669705,"date":"2025-06-02T00:00:42","date_gmt":"2025-06-02T06:00:42","guid":{"rendered":"https:\/\/www.diarioimagen.net\/?p=669705"},"modified":"2025-06-01T20:26:47","modified_gmt":"2025-06-02T02:26:47","slug":"el-panista-anuar-azar-es-un-hombre-de-palabra-y-de-hechos-dicen-lideres-sociales-mexiquenses","status":"publish","type":"post","link":"https:\/\/www.diarioimagen.net\/?p=669705","title":{"rendered":"El panista Anuar Azar es un hombre de palabra  y de hechos, dicen l\u00edderes sociales mexiquenses"},"content":{"rendered":"<ul>\n<li><strong>Popularidad ganada a pulso<\/strong><\/li>\n<\/ul>\n<p><strong>\u00a0<\/strong><\/p>\n<div id=\"attachment_669718\" style=\"width: 303px\" class=\"wp-caption alignnone\"><img loading=\"lazy\" decoding=\"async\" aria-describedby=\"caption-attachment-669718\" class=\"wp-image-669718 size-large\" src=\"https:\/\/www.diarioimagen.net\/wp-content\/uploads\/2025\/06\/BAENA-1-ok-293x270.jpg\" alt=\"\" width=\"293\" height=\"270\" srcset=\"https:\/\/www.diarioimagen.net\/wp-content\/uploads\/2025\/06\/BAENA-1-ok-293x270.jpg 293w, https:\/\/www.diarioimagen.net\/wp-content\/uploads\/2025\/06\/BAENA-1-ok-240x221.jpg 240w, https:\/\/www.diarioimagen.net\/wp-content\/uploads\/2025\/06\/BAENA-1-ok-768x707.jpg 768w, https:\/\/www.diarioimagen.net\/wp-content\/uploads\/2025\/06\/BAENA-1-ok-1536x1413.jpg 1536w, https:\/\/www.diarioimagen.net\/wp-content\/uploads\/2025\/06\/BAENA-1-ok-2048x1885.jpg 2048w\" sizes=\"auto, (max-width: 293px) 100vw, 293px\" \/><p id=\"caption-attachment-669718\" class=\"wp-caption-text\">El panista Anuar Azar Figueroa se ha ganado la confianza ciudadana a trav\u00e9s de sus recorridos y acciones a trav\u00e9s de las jornadas que sigue realizando por todo el territorio atizapense.<\/p><\/div>\n<p>Por Arturo Baena<\/p>\n<p>&nbsp;<\/p>\n<p>Atizap\u00e1n de Zaragoza, M\u00e9x.- Anuar Azar Figueroa no necesita presentaci\u00f3n. Su carisma y liderazgo como dirigente y diputado del PAN,\u00a0 lo dicen todo. Anuar es un hombre preocupado y ocupado por las familias del Estado de M\u00e9xico, muy en especial con las de Atizap\u00e1n de Zaragoza, quienes lo reciben con algarab\u00eda en todo el territorio.<\/p>\n<p>&nbsp;<\/p>\n<p>As\u00ed lo expresaron, l\u00edderes\u00a0 sociales, militantes y simpatizantes de Acci\u00f3n Nacional, en voz de la l\u00edder social Miriam Guzm\u00e1n, luego de agradecerle al pol\u00edtico los apoyos que ha realizado a trav\u00e9s de jornadas m\u00e9dico-asistenciales por diversas colonias del municipio.<\/p>\n<p>&nbsp;<\/p>\n<p>Durante un receso y en breve entrevista, el diputado es claro: \u201cCaminar junto a las y los atizapenses, el escucharles y responder con acciones es muy grato y lo seguiremos haciendo, pues es as\u00ed como se construye un mejor Atizap\u00e1n\u201d, dijo.<\/p>\n<p>&nbsp;<\/p>\n<p>En colonias como son M\u00e9xico Nuevo, en la Emiliano Zapata, en muchas m\u00e1s, Anuar Azar, se ha ganado la confianza ciudadana a trav\u00e9s de sus recorridos y acciones a trav\u00e9s de las jornadas que sigue realizando por todo el territorio atizapense.<\/p>\n<p>&nbsp;<\/p>\n<p>\u201cGracias por abrir las puertas de su hogar, por su confianza y por permitirme caminar a su lado, recorriendo juntos las calles de su colonia, escuchando, atendiendo y construyendo soluciones reales\u201d, dijo.<\/p>\n<p>&nbsp;<\/p>\n<p>La popularidad de Anuar Azar se la ha ganado a pulso, pues es un hombre de hechos y no palabras, reafirmaron delegados, Copacis y\u00a0 panistas mexiquenses, quienes refrendaron su apoyo total a Azar Figueroa.<\/p>\n<p>&nbsp;<\/p>\n<p><strong>\u00a0<\/strong><\/p>\n<p>&nbsp;<\/p>\n","protected":false},"excerpt":{"rendered":"<p>Popularidad ganada a pulso \u00a0 Por Arturo Baena &nbsp; Atizap\u00e1n de Zaragoza, M\u00e9x.- Anuar Azar Figueroa no necesita presentaci\u00f3n. Su carisma y liderazgo como dirigente y diputado del PAN,\u00a0 lo dicen todo. Anuar es un hombre preocupado y ocupado por las familias del Estado de M\u00e9xico, muy en especial con las de Atizap\u00e1n de Zaragoza, [&hellip;]<\/p>\n","protected":false},"author":14,"featured_media":669718,"comment_status":"open","ping_status":"open","sticky":false,"template":"","format":"standard","meta":{"_monsterinsights_skip_tracking":false,"_monsterinsights_sitenote_active":false,"_monsterinsights_sitenote_note":"","_monsterinsights_sitenote_category":0,"footnotes":""},"categories":[5],"tags":[],"class_list":["post-669705","post","type-post","status-publish","format-standard","has-post-thumbnail","hentry","category-estado-de-mexico"],"_links":{"self":[{"href":"https:\/\/www.diarioimagen.net\/index.php?rest_route=\/wp\/v2\/posts\/669705","targetHints":{"allow":["GET"]}}],"collection":[{"href":"https:\/\/www.diarioimagen.net\/index.php?rest_route=\/wp\/v2\/posts"}],"about":[{"href":"https:\/\/www.diarioimagen.net\/index.php?rest_route=\/wp\/v2\/types\/post"}],"author":[{"embeddable":true,"href":"https:\/\/www.diarioimagen.net\/index.php?rest_route=\/wp\/v2\/users\/14"}],"replies":[{"embeddable":true,"href":"https:\/\/www.diarioimagen.net\/index.php?rest_route=%2Fwp%2Fv2%2Fcomments&post=669705"}],"version-history":[{"count":1,"href":"https:\/\/www.diarioimagen.net\/index.php?rest_route=\/wp\/v2\/posts\/669705\/revisions"}],"predecessor-version":[{"id":669731,"href":"https:\/\/www.diarioimagen.net\/index.php?rest_route=\/wp\/v2\/posts\/669705\/revisions\/669731"}],"wp:featuredmedia":[{"embeddable":true,"href":"https:\/\/www.diarioimagen.net\/index.php?rest_route=\/wp\/v2\/media\/669718"}],"wp:attachment":[{"href":"https:\/\/www.diarioimagen.net\/index.php?rest_route=%2Fwp%2Fv2%2Fmedia&parent=669705"}],"wp:term":[{"taxonomy":"category","embeddable":true,"href":"https:\/\/www.diarioimagen.net\/index.php?rest_route=%2Fwp%2Fv2%2Fcategories&post=669705"},{"taxonomy":"post_tag","embeddable":true,"href":"https:\/\/www.diarioimagen.net\/index.php?rest_route=%2Fwp%2Fv2%2Ftags&post=669705"}],"curies":[{"name":"wp","href":"https:\/\/api.w.org\/{rel}","templated":true}]}}