{"id":669742,"date":"2025-06-02T00:00:47","date_gmt":"2025-06-02T06:00:47","guid":{"rendered":"https:\/\/www.diarioimagen.net\/?p=669742"},"modified":"2025-06-01T20:34:09","modified_gmt":"2025-06-02T02:34:09","slug":"colocan-la-primera-piedra-de-la-universidad-de-naucalpan","status":"publish","type":"post","link":"https:\/\/www.diarioimagen.net\/?p=669742","title":{"rendered":"Colocan la primera piedra de  la Universidad de Naucalpan"},"content":{"rendered":"<ul>\n<li><strong>Capacidad de mil 40 espacios educativos<\/strong><\/li>\n<\/ul>\n<div id=\"attachment_669743\" style=\"width: 406px\" class=\"wp-caption alignnone\"><img loading=\"lazy\" decoding=\"async\" aria-describedby=\"caption-attachment-669743\" class=\"wp-image-669743 size-large\" src=\"https:\/\/www.diarioimagen.net\/wp-content\/uploads\/2025\/06\/BAENA-3-ok-396x270.jpg\" alt=\"\" width=\"396\" height=\"270\" srcset=\"https:\/\/www.diarioimagen.net\/wp-content\/uploads\/2025\/06\/BAENA-3-ok-396x270.jpg 396w, https:\/\/www.diarioimagen.net\/wp-content\/uploads\/2025\/06\/BAENA-3-ok-240x164.jpg 240w, https:\/\/www.diarioimagen.net\/wp-content\/uploads\/2025\/06\/BAENA-3-ok-768x524.jpg 768w, https:\/\/www.diarioimagen.net\/wp-content\/uploads\/2025\/06\/BAENA-3-ok-1536x1048.jpg 1536w, https:\/\/www.diarioimagen.net\/wp-content\/uploads\/2025\/06\/BAENA-3-ok-2048x1397.jpg 2048w\" sizes=\"auto, (max-width: 396px) 100vw, 396px\" \/><p id=\"caption-attachment-669743\" class=\"wp-caption-text\">Isaac Montoya M\u00e1rquez, acompa\u00f1ado de funcionarios de educaci\u00f3n mexiquense, coloc\u00f3 la primera piedra de lo que ser\u00e1 la Universidad de Naucalpan.<\/p><\/div>\n<p>Naucalpan, M\u00e9x.- El presidente municipal Isaac Montoya M\u00e1rquez, acompa\u00f1ado de funcionarios de Educaci\u00f3n mexiquense,\u00a0 coloc\u00f3 la primera piedra de lo que ser\u00e1 la Universidad de Naucalpan, instituci\u00f3n educativa que brindar\u00e1 opciones de desarrollo profesional a m\u00e1s de mil estudiantes.<\/p>\n<p>&nbsp;<\/p>\n<p>En el predio ubicado en el Camino Real a las Julianas, Rancho \u201cLos Tres Garc\u00eda\u201d, Montoya M\u00e1rquez,\u00a0 destac\u00f3 que \u201cestamos muy contentos porque el proyecto va mucho m\u00e1s all\u00e1 de lo que incluso alcanz\u00e1bamos a so\u00f1ar y esto va a ser en beneficio de las y los naucalpenses, de los j\u00f3venes, pero tambi\u00e9n de los vecinos de esta regi\u00f3n del Valle de M\u00e9xico\u201d.<\/p>\n<p>&nbsp;<\/p>\n<p>El alcalde refiri\u00f3 que con el inicio de los trabajos de adecuaci\u00f3n de esta instituci\u00f3n educativa, donde las y los j\u00f3venes contar\u00e1n con una alternativa de desarrollo profesional de calidad y digna, este plantel se constituye como el primero que se instalar\u00e1 en los 125 municipios del Estado de M\u00e9xico y ofrecer\u00e1 1, 040 espacios en las carreras de:<\/p>\n<p>&nbsp;<\/p>\n<p>Ingenier\u00eda en Control y Automatizaci\u00f3n, Ingenier\u00eda en Inteligencia Artificial, Licenciatura en Administraci\u00f3n y Comercio, Licenciatura en Ciencias Ambientales para Zonas Urbanas, Licenciatura en Ciencias de Datos para Negocios, Licenciatura en Contadur\u00eda y Finanzas Licenciatura en Derecho y Seguridad Ciudadana, Licenciatura en Econom\u00eda y Desarrollo Sostenible y Licenciatura en Turismo Licenciatura en Urbanismo y Desarrollo Metropolitano.<\/p>\n<p>&nbsp;<\/p>\n<p>Acompa\u00f1ado de autoridades educativas, a quienes agradeci\u00f3 su compromiso, Montoya M\u00e1rquez tambi\u00e9n reconoci\u00f3 el apoyo de la presidenta Claudia Sheinbaum y de la gobernadora del Estado de M\u00e9xico, Delfina G\u00f3mez \u00c1lvarez, por favorecer el desarrollo educativo de miles de j\u00f3venes que buscan concretar una carrera profesional.<\/p>\n<p>&nbsp;<\/p>\n<p>Expres\u00f3 que, as\u00ed se saldar\u00e1 una deuda hist\u00f3rica y de justicia social con una generaci\u00f3n entera que hab\u00eda quedado condenada, excluida y que ahora va a tener una alternativa educativa de calidad, digna y que estar\u00e1 cerca de su hogar.<\/p>\n<p>&nbsp;<\/p>\n<p>&nbsp;<\/p>\n","protected":false},"excerpt":{"rendered":"<p>Capacidad de mil 40 espacios educativos Naucalpan, M\u00e9x.- El presidente municipal Isaac Montoya M\u00e1rquez, acompa\u00f1ado de funcionarios de Educaci\u00f3n mexiquense,\u00a0 coloc\u00f3 la primera piedra de lo que ser\u00e1 la Universidad de Naucalpan, instituci\u00f3n educativa que brindar\u00e1 opciones de desarrollo profesional a m\u00e1s de mil estudiantes. &nbsp; En el predio ubicado en el Camino Real a [&hellip;]<\/p>\n","protected":false},"author":14,"featured_media":669743,"comment_status":"open","ping_status":"open","sticky":false,"template":"","format":"standard","meta":{"_monsterinsights_skip_tracking":false,"_monsterinsights_sitenote_active":false,"_monsterinsights_sitenote_note":"","_monsterinsights_sitenote_category":0,"footnotes":""},"categories":[5],"tags":[],"class_list":["post-669742","post","type-post","status-publish","format-standard","has-post-thumbnail","hentry","category-estado-de-mexico"],"_links":{"self":[{"href":"https:\/\/www.diarioimagen.net\/index.php?rest_route=\/wp\/v2\/posts\/669742","targetHints":{"allow":["GET"]}}],"collection":[{"href":"https:\/\/www.diarioimagen.net\/index.php?rest_route=\/wp\/v2\/posts"}],"about":[{"href":"https:\/\/www.diarioimagen.net\/index.php?rest_route=\/wp\/v2\/types\/post"}],"author":[{"embeddable":true,"href":"https:\/\/www.diarioimagen.net\/index.php?rest_route=\/wp\/v2\/users\/14"}],"replies":[{"embeddable":true,"href":"https:\/\/www.diarioimagen.net\/index.php?rest_route=%2Fwp%2Fv2%2Fcomments&post=669742"}],"version-history":[{"count":1,"href":"https:\/\/www.diarioimagen.net\/index.php?rest_route=\/wp\/v2\/posts\/669742\/revisions"}],"predecessor-version":[{"id":669744,"href":"https:\/\/www.diarioimagen.net\/index.php?rest_route=\/wp\/v2\/posts\/669742\/revisions\/669744"}],"wp:featuredmedia":[{"embeddable":true,"href":"https:\/\/www.diarioimagen.net\/index.php?rest_route=\/wp\/v2\/media\/669743"}],"wp:attachment":[{"href":"https:\/\/www.diarioimagen.net\/index.php?rest_route=%2Fwp%2Fv2%2Fmedia&parent=669742"}],"wp:term":[{"taxonomy":"category","embeddable":true,"href":"https:\/\/www.diarioimagen.net\/index.php?rest_route=%2Fwp%2Fv2%2Fcategories&post=669742"},{"taxonomy":"post_tag","embeddable":true,"href":"https:\/\/www.diarioimagen.net\/index.php?rest_route=%2Fwp%2Fv2%2Ftags&post=669742"}],"curies":[{"name":"wp","href":"https:\/\/api.w.org\/{rel}","templated":true}]}}