{"id":669745,"date":"2025-06-02T00:00:50","date_gmt":"2025-06-02T06:00:50","guid":{"rendered":"https:\/\/www.diarioimagen.net\/?p=669745"},"modified":"2025-06-01T20:36:39","modified_gmt":"2025-06-02T02:36:39","slug":"juan-minutti-lopez-nuevo-director-de-gobierno-de-tepotzotlan","status":"publish","type":"post","link":"https:\/\/www.diarioimagen.net\/?p=669745","title":{"rendered":"Juan Minutti L\u00f3pez, nuevo Director de Gobierno de Tepotzotl\u00e1n"},"content":{"rendered":"<p><img loading=\"lazy\" decoding=\"async\" class=\"alignnone wp-image-669746 size-large\" src=\"https:\/\/www.diarioimagen.net\/wp-content\/uploads\/2025\/06\/BAENA-4-ok-394x270.jpg\" alt=\"\" width=\"394\" height=\"270\" srcset=\"https:\/\/www.diarioimagen.net\/wp-content\/uploads\/2025\/06\/BAENA-4-ok-394x270.jpg 394w, https:\/\/www.diarioimagen.net\/wp-content\/uploads\/2025\/06\/BAENA-4-ok-240x165.jpg 240w, https:\/\/www.diarioimagen.net\/wp-content\/uploads\/2025\/06\/BAENA-4-ok-768x527.jpg 768w, https:\/\/www.diarioimagen.net\/wp-content\/uploads\/2025\/06\/BAENA-4-ok-1536x1053.jpg 1536w, https:\/\/www.diarioimagen.net\/wp-content\/uploads\/2025\/06\/BAENA-4-ok-2048x1405.jpg 2048w\" sizes=\"auto, (max-width: 394px) 100vw, 394px\" \/><\/p>\n<p>Tepotzotl\u00e1n, M\u00e9x.- El Cabildo municipal aprob\u00f3 por unanimidad el nombramiento del maestro Juan Minutti L\u00f3pez como titular de la reci\u00e9n creada Direcci\u00f3n de Gobierno del Ayuntamiento de Tepotzotl\u00e1n. El objetivo principal de crear la Direcci\u00f3n de Gobierno \u201ces fortalecer los v\u00ednculos de relaci\u00f3n entre el gobierno y los diferentes grupos de la sociedad\u201d, explic\u00f3 la presidenta municipal Mar\u00eda de los \u00c1ngeles Zuppa Villegas.\u00a0 El maestro Minutti L\u00f3pez tiene una amplia experiencia pol\u00edtica avalada por una trayectoria de m\u00e1s de 23 a\u00f1os de servicio en la Fiscal\u00eda General de Justicia del Estado de M\u00e9xico. Diez de esos 23 a\u00f1os, fue Fiscal Regional en diversos municipios tales como Ecatepec, Tlalnepantla y Cuautitl\u00e1n Izcalli. Adem\u00e1s, se desempe\u00f1\u00f3 como Director Jur\u00eddico en Tlalnepantla.<\/p>\n","protected":false},"excerpt":{"rendered":"<p>Tepotzotl\u00e1n, M\u00e9x.- El Cabildo municipal aprob\u00f3 por unanimidad el nombramiento del maestro Juan Minutti L\u00f3pez como titular de la reci\u00e9n creada Direcci\u00f3n de Gobierno del Ayuntamiento de Tepotzotl\u00e1n. El objetivo principal de crear la Direcci\u00f3n de Gobierno \u201ces fortalecer los v\u00ednculos de relaci\u00f3n entre el gobierno y los diferentes grupos de la sociedad\u201d, explic\u00f3 la [&hellip;]<\/p>\n","protected":false},"author":14,"featured_media":669746,"comment_status":"open","ping_status":"open","sticky":false,"template":"","format":"standard","meta":{"_monsterinsights_skip_tracking":false,"_monsterinsights_sitenote_active":false,"_monsterinsights_sitenote_note":"","_monsterinsights_sitenote_category":0,"footnotes":""},"categories":[5],"tags":[],"class_list":["post-669745","post","type-post","status-publish","format-standard","has-post-thumbnail","hentry","category-estado-de-mexico"],"_links":{"self":[{"href":"https:\/\/www.diarioimagen.net\/index.php?rest_route=\/wp\/v2\/posts\/669745","targetHints":{"allow":["GET"]}}],"collection":[{"href":"https:\/\/www.diarioimagen.net\/index.php?rest_route=\/wp\/v2\/posts"}],"about":[{"href":"https:\/\/www.diarioimagen.net\/index.php?rest_route=\/wp\/v2\/types\/post"}],"author":[{"embeddable":true,"href":"https:\/\/www.diarioimagen.net\/index.php?rest_route=\/wp\/v2\/users\/14"}],"replies":[{"embeddable":true,"href":"https:\/\/www.diarioimagen.net\/index.php?rest_route=%2Fwp%2Fv2%2Fcomments&post=669745"}],"version-history":[{"count":1,"href":"https:\/\/www.diarioimagen.net\/index.php?rest_route=\/wp\/v2\/posts\/669745\/revisions"}],"predecessor-version":[{"id":669747,"href":"https:\/\/www.diarioimagen.net\/index.php?rest_route=\/wp\/v2\/posts\/669745\/revisions\/669747"}],"wp:featuredmedia":[{"embeddable":true,"href":"https:\/\/www.diarioimagen.net\/index.php?rest_route=\/wp\/v2\/media\/669746"}],"wp:attachment":[{"href":"https:\/\/www.diarioimagen.net\/index.php?rest_route=%2Fwp%2Fv2%2Fmedia&parent=669745"}],"wp:term":[{"taxonomy":"category","embeddable":true,"href":"https:\/\/www.diarioimagen.net\/index.php?rest_route=%2Fwp%2Fv2%2Fcategories&post=669745"},{"taxonomy":"post_tag","embeddable":true,"href":"https:\/\/www.diarioimagen.net\/index.php?rest_route=%2Fwp%2Fv2%2Ftags&post=669745"}],"curies":[{"name":"wp","href":"https:\/\/api.w.org\/{rel}","templated":true}]}}