{"id":669891,"date":"2025-06-03T00:00:00","date_gmt":"2025-06-03T06:00:00","guid":{"rendered":"https:\/\/www.diarioimagen.net\/?p=669891"},"modified":"2025-06-02T20:36:37","modified_gmt":"2025-06-03T02:36:37","slug":"piden-a-jose-a-couttolenc-dar-a-conocer-su-verdadero-patrimonio","status":"publish","type":"post","link":"https:\/\/www.diarioimagen.net\/?p=669891","title":{"rendered":"Piden a Jos\u00e9 A. Couttolenc dar a conocer su verdadero patrimonio\u00a0"},"content":{"rendered":"<div id=\"attachment_669880\" style=\"width: 280px\" class=\"wp-caption alignnone\"><img loading=\"lazy\" decoding=\"async\" aria-describedby=\"caption-attachment-669880\" class=\"wp-image-669880 size-large\" src=\"https:\/\/www.diarioimagen.net\/wp-content\/uploads\/2025\/06\/BAENA-4-OK-1-270x270.jpg\" alt=\"\" width=\"270\" height=\"270\" srcset=\"https:\/\/www.diarioimagen.net\/wp-content\/uploads\/2025\/06\/BAENA-4-OK-1-270x270.jpg 270w, https:\/\/www.diarioimagen.net\/wp-content\/uploads\/2025\/06\/BAENA-4-OK-1-240x240.jpg 240w, https:\/\/www.diarioimagen.net\/wp-content\/uploads\/2025\/06\/BAENA-4-OK-1-150x150.jpg 150w, https:\/\/www.diarioimagen.net\/wp-content\/uploads\/2025\/06\/BAENA-4-OK-1-768x768.jpg 768w, https:\/\/www.diarioimagen.net\/wp-content\/uploads\/2025\/06\/BAENA-4-OK-1-50x50.jpg 50w, https:\/\/www.diarioimagen.net\/wp-content\/uploads\/2025\/06\/BAENA-4-OK-1-75x75.jpg 75w, https:\/\/www.diarioimagen.net\/wp-content\/uploads\/2025\/06\/BAENA-4-OK-1-70x70.jpg 70w, https:\/\/www.diarioimagen.net\/wp-content\/uploads\/2025\/06\/BAENA-4-OK-1.jpg 1500w\" sizes=\"auto, (max-width: 270px) 100vw, 270px\" \/><p id=\"caption-attachment-669880\" class=\"wp-caption-text\">En varios municipios mexiquenses se observ\u00f3\u00a0 muy poca participaci\u00f3n ciudadana en la elecci\u00f3n judicial debido a nombres de candidatos desconocidos y la gente no ten\u00eda ni idea de c\u00f3mo sufragar.<\/p><\/div>\n<p>&nbsp;<\/p>\n<p>Valle de M\u00e9xico.- Militantes y simpatizantes\u00a0del PVEM en el Estado de M\u00e9xico exigieron investigar el patrimonio del dirigente de ese partido Jos\u00e9 Alberto \u00a0Couttolenc, toda vez que tiene en el olvido a ese partido en varios municipios mexiquenses.<\/p>\n<p>Expresaron lo anterior, luego de enterarse que mientras se busca sumar a m\u00e1s militares al Verde Ecologista, \u201cPepe Couttolenc se las pasa derrochando el dinero a manos llenas en tiendas y restaurantes y fiestas, mientras que a nosotros no los toman en cuenta\u201d, dijeron. Ricardo Rodriguez, militante de muchos a\u00f1os de ese partido pol\u00edtico, reiter\u00f3 que \u00bb nos debe una explicaci\u00f3n sobre sus gastos excesivos\u00bb, abund\u00f3.<\/p>\n<p>&nbsp;<\/p>\n<p>&nbsp;<\/p>\n<p>&nbsp;<\/p>\n<p>Finalmente, pidieron que las autoridades electorales le exigen a Jos\u00e9 Couttolenc, presentar los gastos de las prerrogativas que le entregan y nadie sabe a d\u00f3nde van a parar.<\/p>\n<p>Finalmente, le llamaron al dirigente partidista, \u00abno ser c\u00f3mplice de qu\u00e9 algunos de sus m\u00e1s cercanos colaboradores desv\u00eden recursos para fines personales\u00bb.<\/p>\n","protected":false},"excerpt":{"rendered":"<p>&nbsp; Valle de M\u00e9xico.- Militantes y simpatizantes\u00a0del PVEM en el Estado de M\u00e9xico exigieron investigar el patrimonio del dirigente de ese partido Jos\u00e9 Alberto \u00a0Couttolenc, toda vez que tiene en el olvido a ese partido en varios municipios mexiquenses. Expresaron lo anterior, luego de enterarse que mientras se busca sumar a m\u00e1s militares al Verde [&hellip;]<\/p>\n","protected":false},"author":14,"featured_media":669880,"comment_status":"open","ping_status":"open","sticky":false,"template":"","format":"standard","meta":{"_monsterinsights_skip_tracking":false,"_monsterinsights_sitenote_active":false,"_monsterinsights_sitenote_note":"","_monsterinsights_sitenote_category":0,"footnotes":""},"categories":[5],"tags":[],"class_list":["post-669891","post","type-post","status-publish","format-standard","has-post-thumbnail","hentry","category-estado-de-mexico"],"_links":{"self":[{"href":"https:\/\/www.diarioimagen.net\/index.php?rest_route=\/wp\/v2\/posts\/669891","targetHints":{"allow":["GET"]}}],"collection":[{"href":"https:\/\/www.diarioimagen.net\/index.php?rest_route=\/wp\/v2\/posts"}],"about":[{"href":"https:\/\/www.diarioimagen.net\/index.php?rest_route=\/wp\/v2\/types\/post"}],"author":[{"embeddable":true,"href":"https:\/\/www.diarioimagen.net\/index.php?rest_route=\/wp\/v2\/users\/14"}],"replies":[{"embeddable":true,"href":"https:\/\/www.diarioimagen.net\/index.php?rest_route=%2Fwp%2Fv2%2Fcomments&post=669891"}],"version-history":[{"count":1,"href":"https:\/\/www.diarioimagen.net\/index.php?rest_route=\/wp\/v2\/posts\/669891\/revisions"}],"predecessor-version":[{"id":669904,"href":"https:\/\/www.diarioimagen.net\/index.php?rest_route=\/wp\/v2\/posts\/669891\/revisions\/669904"}],"wp:featuredmedia":[{"embeddable":true,"href":"https:\/\/www.diarioimagen.net\/index.php?rest_route=\/wp\/v2\/media\/669880"}],"wp:attachment":[{"href":"https:\/\/www.diarioimagen.net\/index.php?rest_route=%2Fwp%2Fv2%2Fmedia&parent=669891"}],"wp:term":[{"taxonomy":"category","embeddable":true,"href":"https:\/\/www.diarioimagen.net\/index.php?rest_route=%2Fwp%2Fv2%2Fcategories&post=669891"},{"taxonomy":"post_tag","embeddable":true,"href":"https:\/\/www.diarioimagen.net\/index.php?rest_route=%2Fwp%2Fv2%2Ftags&post=669891"}],"curies":[{"name":"wp","href":"https:\/\/api.w.org\/{rel}","templated":true}]}}