{"id":670062,"date":"2025-06-04T00:00:30","date_gmt":"2025-06-04T06:00:30","guid":{"rendered":"https:\/\/www.diarioimagen.net\/?p=670062"},"modified":"2025-06-03T19:58:17","modified_gmt":"2025-06-04T01:58:17","slug":"fue-un-exito-la-eleccion-judicial-dice-luz-maria-hernandez-bermudez","status":"publish","type":"post","link":"https:\/\/www.diarioimagen.net\/?p=670062","title":{"rendered":"Fue un \u00e9xito la elecci\u00f3n judicial,  dice Luz Mar\u00eda Hern\u00e1ndez Berm\u00fadez"},"content":{"rendered":"<p>&nbsp;<\/p>\n<ul>\n<li><strong>Participaron 13 millones de mexicanos <\/strong><\/li>\n<\/ul>\n<p><strong>\u00a0<\/strong><\/p>\n<p>&nbsp;<\/p>\n<div id=\"attachment_670063\" style=\"width: 385px\" class=\"wp-caption alignnone\"><img loading=\"lazy\" decoding=\"async\" aria-describedby=\"caption-attachment-670063\" class=\"wp-image-670063 size-large\" src=\"https:\/\/www.diarioimagen.net\/wp-content\/uploads\/2025\/06\/BAENA-2-ok-2-375x270.jpg\" alt=\"\" width=\"375\" height=\"270\" srcset=\"https:\/\/www.diarioimagen.net\/wp-content\/uploads\/2025\/06\/BAENA-2-ok-2-375x270.jpg 375w, https:\/\/www.diarioimagen.net\/wp-content\/uploads\/2025\/06\/BAENA-2-ok-2-240x173.jpg 240w, https:\/\/www.diarioimagen.net\/wp-content\/uploads\/2025\/06\/BAENA-2-ok-2-768x553.jpg 768w, https:\/\/www.diarioimagen.net\/wp-content\/uploads\/2025\/06\/BAENA-2-ok-2-90x65.jpg 90w, https:\/\/www.diarioimagen.net\/wp-content\/uploads\/2025\/06\/BAENA-2-ok-2.jpg 1500w\" sizes=\"auto, (max-width: 375px) 100vw, 375px\" \/><p id=\"caption-attachment-670063\" class=\"wp-caption-text\">Luz Mar\u00eda\u00a0 Hern\u00e1ndez Berm\u00fadez, presidenta de Morena en el Estado de M\u00e9xico, se\u00f1al\u00f3 que M\u00e9xico se consolida como ejemplo de democracia participativa.04<\/p><\/div>\n<p>Ecatepec, M\u00e9x.- M\u00e9xico se consolida como ejemplo de democracia participativa a nivel mundial, asegur\u00f3 Luz Mar\u00eda\u00a0 Hern\u00e1ndez Berm\u00fadez, presidenta del Comit\u00e9 Ejecutivo Estatal de Morena.<\/p>\n<p>&nbsp;<\/p>\n<p>\u201cEl pasado 1 de junio, 13 millones de mexicanos elegimos a nueve ministros democr\u00e1ticamente\u201d, manifest\u00f3 la lideresa estatal morenista, luego de emitir su voto a primera hora en la casilla 1655, ubicada en este municipio.<\/p>\n<p>&nbsp;<\/p>\n<p>Hern\u00e1ndez Berm\u00fadez asegur\u00f3 que \u201cestamos de acuerdo con nuestra presidenta Claudia Sheinbaum, al asegurar que fue un \u00e9xito bajo dos criterios: que el n\u00famero de participaci\u00f3n super\u00f3 los votos que obtuvo el PAN y el PRI (separados) y que super\u00f3 la consulta ciudadana para juzgar a ex presidentes por el doble\u201d, dijo.<\/p>\n<p>&nbsp;<\/p>\n<p>Es importante recordarle a la oposici\u00f3n, dijo Luz Mar\u00eda Hern\u00e1ndez, que en\u00a0 la elecci\u00f3n de 2024, cuando el PAN obtuvo 9.6 millones de votos y 5.7 millones el PRI, as\u00ed que esto reviste de mayor valor a los votos de nuestros 13 millones de mexicanos.<\/p>\n<p>&nbsp;<\/p>\n<p>La l\u00edder morenista enfatiz\u00f3 que este 1 de junio de 2025 vimos una elecci\u00f3n democr\u00e1tica de jueces como un avance sin precedentes hacia un Poder Judicial al servicio del pueblo y calific\u00f3 esta jornada electoral como un \u00e9xito y un hecho hist\u00f3rico para la vida democr\u00e1tica del pa\u00eds.<\/p>\n<p>&nbsp;<\/p>\n<p>&nbsp;<\/p>\n<p>&nbsp;<\/p>\n","protected":false},"excerpt":{"rendered":"<p>&nbsp; Participaron 13 millones de mexicanos \u00a0 &nbsp; Ecatepec, M\u00e9x.- M\u00e9xico se consolida como ejemplo de democracia participativa a nivel mundial, asegur\u00f3 Luz Mar\u00eda\u00a0 Hern\u00e1ndez Berm\u00fadez, presidenta del Comit\u00e9 Ejecutivo Estatal de Morena. &nbsp; \u201cEl pasado 1 de junio, 13 millones de mexicanos elegimos a nueve ministros democr\u00e1ticamente\u201d, manifest\u00f3 la lideresa estatal morenista, luego de [&hellip;]<\/p>\n","protected":false},"author":14,"featured_media":670063,"comment_status":"open","ping_status":"open","sticky":false,"template":"","format":"standard","meta":{"_monsterinsights_skip_tracking":false,"_monsterinsights_sitenote_active":false,"_monsterinsights_sitenote_note":"","_monsterinsights_sitenote_category":0,"footnotes":""},"categories":[5],"tags":[],"class_list":["post-670062","post","type-post","status-publish","format-standard","has-post-thumbnail","hentry","category-estado-de-mexico"],"_links":{"self":[{"href":"https:\/\/www.diarioimagen.net\/index.php?rest_route=\/wp\/v2\/posts\/670062","targetHints":{"allow":["GET"]}}],"collection":[{"href":"https:\/\/www.diarioimagen.net\/index.php?rest_route=\/wp\/v2\/posts"}],"about":[{"href":"https:\/\/www.diarioimagen.net\/index.php?rest_route=\/wp\/v2\/types\/post"}],"author":[{"embeddable":true,"href":"https:\/\/www.diarioimagen.net\/index.php?rest_route=\/wp\/v2\/users\/14"}],"replies":[{"embeddable":true,"href":"https:\/\/www.diarioimagen.net\/index.php?rest_route=%2Fwp%2Fv2%2Fcomments&post=670062"}],"version-history":[{"count":1,"href":"https:\/\/www.diarioimagen.net\/index.php?rest_route=\/wp\/v2\/posts\/670062\/revisions"}],"predecessor-version":[{"id":670064,"href":"https:\/\/www.diarioimagen.net\/index.php?rest_route=\/wp\/v2\/posts\/670062\/revisions\/670064"}],"wp:featuredmedia":[{"embeddable":true,"href":"https:\/\/www.diarioimagen.net\/index.php?rest_route=\/wp\/v2\/media\/670063"}],"wp:attachment":[{"href":"https:\/\/www.diarioimagen.net\/index.php?rest_route=%2Fwp%2Fv2%2Fmedia&parent=670062"}],"wp:term":[{"taxonomy":"category","embeddable":true,"href":"https:\/\/www.diarioimagen.net\/index.php?rest_route=%2Fwp%2Fv2%2Fcategories&post=670062"},{"taxonomy":"post_tag","embeddable":true,"href":"https:\/\/www.diarioimagen.net\/index.php?rest_route=%2Fwp%2Fv2%2Ftags&post=670062"}],"curies":[{"name":"wp","href":"https:\/\/api.w.org\/{rel}","templated":true}]}}