{"id":670065,"date":"2025-06-04T00:00:54","date_gmt":"2025-06-04T06:00:54","guid":{"rendered":"https:\/\/www.diarioimagen.net\/?p=670065"},"modified":"2025-06-03T20:00:33","modified_gmt":"2025-06-04T02:00:33","slug":"autoridades-estatales-y-municipales-revisan-trabajos-en-presa-los-cuartos","status":"publish","type":"post","link":"https:\/\/www.diarioimagen.net\/?p=670065","title":{"rendered":"Autoridades estatales y municipales  revisan trabajos en presa Los Cuartos"},"content":{"rendered":"<p><strong>\u00a0<\/strong><\/p>\n<ul>\n<li><strong>Acciones preventivas de desfogue y desazolve<\/strong><\/li>\n<\/ul>\n<p><strong>\u00a0<\/strong><\/p>\n<div id=\"attachment_670066\" style=\"width: 388px\" class=\"wp-caption alignnone\"><img loading=\"lazy\" decoding=\"async\" aria-describedby=\"caption-attachment-670066\" class=\"wp-image-670066 size-large\" src=\"https:\/\/www.diarioimagen.net\/wp-content\/uploads\/2025\/06\/BAENA-3-ok-2-378x270.jpg\" alt=\"\" width=\"378\" height=\"270\" srcset=\"https:\/\/www.diarioimagen.net\/wp-content\/uploads\/2025\/06\/BAENA-3-ok-2-378x270.jpg 378w, https:\/\/www.diarioimagen.net\/wp-content\/uploads\/2025\/06\/BAENA-3-ok-2-240x172.jpg 240w, https:\/\/www.diarioimagen.net\/wp-content\/uploads\/2025\/06\/BAENA-3-ok-2-768x549.jpg 768w, https:\/\/www.diarioimagen.net\/wp-content\/uploads\/2025\/06\/BAENA-3-ok-2-90x65.jpg 90w, https:\/\/www.diarioimagen.net\/wp-content\/uploads\/2025\/06\/BAENA-3-ok-2.jpg 1500w\" sizes=\"auto, (max-width: 378px) 100vw, 378px\" \/><p id=\"caption-attachment-670066\" class=\"wp-caption-text\">Isaac Montoya M\u00e1rquez, Delfina G\u00f3mez \u00c1lvarez, y la directora del OCAVM, Citlalli Peraza Camacho, recorrieron la presa Los Cuartos para verificar y agilizar los trabajos preventivos de desfogue y desazolve.04<\/p><\/div>\n<p>&nbsp;<\/p>\n<p>Naucalpan, M\u00e9x.- El presidente municipal Isaac Montoya M\u00e1rquez, la gobernadora del Estado de M\u00e9xico, Delfina G\u00f3mez \u00c1lvarez, y la directora del Organismo de Cuenca Aguas del Valle de M\u00e9xico (OCAVM), Citlalli Peraza Camacho, junto con autoridades de la CAEM, recorrieron la Presa Los Cuartos para verificar y agilizar los trabajos preventivos de desfogue y desazolve que se llevan a cabo en este cuerpo de agua y para constatar que no haya riesgos para los vecinos ante las lluvias de los \u00faltimos dos d\u00edas.<\/p>\n<p>&nbsp;<\/p>\n<p>En este recorrido se destac\u00f3 que los trabajos de prevenci\u00f3n y de desazolve en este lugar no se realizaron por d\u00e9cadas, por ello, autoridades de los tres niveles de gobierno llevan a cabo un trabajo de m\u00e1s de 45 d\u00edas con bombas que desalojan el agua para poder retirar el tap\u00f3n de basura impide la salida del l\u00edquido.<\/p>\n<p>&nbsp;<\/p>\n<p>La gobernadora y el alcalde enfatizaron a los pobladores que los trabajos continuar\u00e1n sin interrupciones para desalojar las toneladas de basura que han provocado que la presa eleve ligeramente su nivel.<\/p>\n<p>&nbsp;<\/p>\n<p>Tanto G\u00f3mez \u00c1lvarez como Montoya M\u00e1rquez convocaron a la poblaci\u00f3n a una jornada de limpieza en las m\u00e1rgenes de la presa Los Cuartos para retirar los desechos s\u00f3lidos que provocaron el tap\u00f3n de basura que impide el desalojo del agua. Asimismo, invitaron a la ciudadan\u00eda a evitar arrojar desechos s\u00f3lidos en las calles y desde luego en presas y r\u00edos, para evitar que ocurran incidentes en cualquier parte del municipio y del estado de M\u00e9xico.<\/p>\n<p>&nbsp;<\/p>\n<p>Adem\u00e1s se inform\u00f3 que tanto la CAEM, la Conagua y el Gobierno Municipal mantienen una vigilancia permanente con el fin de ofrecer apoyo a la ciudadan\u00eda. Refirieron que, luego de las lluvias, se reportaron 4 casas con una inundaci\u00f3n ligera, que sucedi\u00f3 debido a que desalojan su agua a la presa y al subir el nivel, se regresa el l\u00edquido.<\/p>\n<p>&nbsp;<\/p>\n<p>&nbsp;<\/p>\n<p>&nbsp;<\/p>\n<p>&nbsp;<\/p>\n","protected":false},"excerpt":{"rendered":"<p>\u00a0 Acciones preventivas de desfogue y desazolve \u00a0 &nbsp; Naucalpan, M\u00e9x.- El presidente municipal Isaac Montoya M\u00e1rquez, la gobernadora del Estado de M\u00e9xico, Delfina G\u00f3mez \u00c1lvarez, y la directora del Organismo de Cuenca Aguas del Valle de M\u00e9xico (OCAVM), Citlalli Peraza Camacho, junto con autoridades de la CAEM, recorrieron la Presa Los Cuartos para verificar [&hellip;]<\/p>\n","protected":false},"author":14,"featured_media":670066,"comment_status":"open","ping_status":"open","sticky":false,"template":"","format":"standard","meta":{"_monsterinsights_skip_tracking":false,"_monsterinsights_sitenote_active":false,"_monsterinsights_sitenote_note":"","_monsterinsights_sitenote_category":0,"footnotes":""},"categories":[5],"tags":[],"class_list":["post-670065","post","type-post","status-publish","format-standard","has-post-thumbnail","hentry","category-estado-de-mexico"],"_links":{"self":[{"href":"https:\/\/www.diarioimagen.net\/index.php?rest_route=\/wp\/v2\/posts\/670065","targetHints":{"allow":["GET"]}}],"collection":[{"href":"https:\/\/www.diarioimagen.net\/index.php?rest_route=\/wp\/v2\/posts"}],"about":[{"href":"https:\/\/www.diarioimagen.net\/index.php?rest_route=\/wp\/v2\/types\/post"}],"author":[{"embeddable":true,"href":"https:\/\/www.diarioimagen.net\/index.php?rest_route=\/wp\/v2\/users\/14"}],"replies":[{"embeddable":true,"href":"https:\/\/www.diarioimagen.net\/index.php?rest_route=%2Fwp%2Fv2%2Fcomments&post=670065"}],"version-history":[{"count":1,"href":"https:\/\/www.diarioimagen.net\/index.php?rest_route=\/wp\/v2\/posts\/670065\/revisions"}],"predecessor-version":[{"id":670067,"href":"https:\/\/www.diarioimagen.net\/index.php?rest_route=\/wp\/v2\/posts\/670065\/revisions\/670067"}],"wp:featuredmedia":[{"embeddable":true,"href":"https:\/\/www.diarioimagen.net\/index.php?rest_route=\/wp\/v2\/media\/670066"}],"wp:attachment":[{"href":"https:\/\/www.diarioimagen.net\/index.php?rest_route=%2Fwp%2Fv2%2Fmedia&parent=670065"}],"wp:term":[{"taxonomy":"category","embeddable":true,"href":"https:\/\/www.diarioimagen.net\/index.php?rest_route=%2Fwp%2Fv2%2Fcategories&post=670065"},{"taxonomy":"post_tag","embeddable":true,"href":"https:\/\/www.diarioimagen.net\/index.php?rest_route=%2Fwp%2Fv2%2Ftags&post=670065"}],"curies":[{"name":"wp","href":"https:\/\/api.w.org\/{rel}","templated":true}]}}