{"id":670068,"date":"2025-06-04T00:00:44","date_gmt":"2025-06-04T06:00:44","guid":{"rendered":"https:\/\/www.diarioimagen.net\/?p=670068"},"modified":"2025-06-03T20:05:02","modified_gmt":"2025-06-04T02:05:02","slug":"arranco-el-canje-de-armas-en-tlalnepantla","status":"publish","type":"post","link":"https:\/\/www.diarioimagen.net\/?p=670068","title":{"rendered":"Arranc\u00f3 el canje de armas en Tlalnepantla"},"content":{"rendered":"<p>&nbsp;<\/p>\n<p>&nbsp;<\/p>\n<p><img loading=\"lazy\" decoding=\"async\" class=\"alignnone wp-image-670069 size-large\" src=\"https:\/\/www.diarioimagen.net\/wp-content\/uploads\/2025\/06\/BAENA-4-ok-2-460x263.jpg\" alt=\"\" width=\"460\" height=\"263\" srcset=\"https:\/\/www.diarioimagen.net\/wp-content\/uploads\/2025\/06\/BAENA-4-ok-2-460x263.jpg 460w, https:\/\/www.diarioimagen.net\/wp-content\/uploads\/2025\/06\/BAENA-4-ok-2-240x137.jpg 240w, https:\/\/www.diarioimagen.net\/wp-content\/uploads\/2025\/06\/BAENA-4-ok-2-768x440.jpg 768w, https:\/\/www.diarioimagen.net\/wp-content\/uploads\/2025\/06\/BAENA-4-ok-2-202x114.jpg 202w, https:\/\/www.diarioimagen.net\/wp-content\/uploads\/2025\/06\/BAENA-4-ok-2.jpg 1500w\" sizes=\"auto, (max-width: 460px) 100vw, 460px\" \/><\/p>\n<p>Tlalnepantla, M\u00e9x.- La gobernadora Delfina G\u00f3mez \u00c1lvarez estuvo en Tlalnepantla para el arranque del programa \u201cCanje de Armas 2025\u201d acompa\u00f1ada por el presidente municipal Raciel P\u00e9rez Cruz, integrantes de la Mesa de Coordinaci\u00f3n para la Construcci\u00f3n de la Paz y autoridades de la Secretar\u00eda de la Defensa Nacional. En el evento, la mandataria estatal intercambi\u00f3 juguetes b\u00e9licos por juegos did\u00e1cticos con estudiantes del municipio. A partir del 2 de junio y hasta el\u00a0 27 de septiembre, se llevar\u00e1 a cabo esta iniciativa \u201cS\u00ed al desarme, s\u00ed a la paz\u201d en 49 municipios con el objetivo de retirar armas de los hogares y comunidades a fin de evitar ambientes de violencia y prevenir accidentes. La entrega de armas, para su destrucci\u00f3n, es voluntaria, pac\u00edfica y an\u00f3nima a cambio de un monto econ\u00f3mico especificado en un tabulador.<\/p>\n","protected":false},"excerpt":{"rendered":"<p>&nbsp; &nbsp; Tlalnepantla, M\u00e9x.- La gobernadora Delfina G\u00f3mez \u00c1lvarez estuvo en Tlalnepantla para el arranque del programa \u201cCanje de Armas 2025\u201d acompa\u00f1ada por el presidente municipal Raciel P\u00e9rez Cruz, integrantes de la Mesa de Coordinaci\u00f3n para la Construcci\u00f3n de la Paz y autoridades de la Secretar\u00eda de la Defensa Nacional. En el evento, la mandataria [&hellip;]<\/p>\n","protected":false},"author":14,"featured_media":670069,"comment_status":"open","ping_status":"open","sticky":false,"template":"","format":"standard","meta":{"_monsterinsights_skip_tracking":false,"_monsterinsights_sitenote_active":false,"_monsterinsights_sitenote_note":"","_monsterinsights_sitenote_category":0,"footnotes":""},"categories":[5],"tags":[],"class_list":["post-670068","post","type-post","status-publish","format-standard","has-post-thumbnail","hentry","category-estado-de-mexico"],"_links":{"self":[{"href":"https:\/\/www.diarioimagen.net\/index.php?rest_route=\/wp\/v2\/posts\/670068","targetHints":{"allow":["GET"]}}],"collection":[{"href":"https:\/\/www.diarioimagen.net\/index.php?rest_route=\/wp\/v2\/posts"}],"about":[{"href":"https:\/\/www.diarioimagen.net\/index.php?rest_route=\/wp\/v2\/types\/post"}],"author":[{"embeddable":true,"href":"https:\/\/www.diarioimagen.net\/index.php?rest_route=\/wp\/v2\/users\/14"}],"replies":[{"embeddable":true,"href":"https:\/\/www.diarioimagen.net\/index.php?rest_route=%2Fwp%2Fv2%2Fcomments&post=670068"}],"version-history":[{"count":1,"href":"https:\/\/www.diarioimagen.net\/index.php?rest_route=\/wp\/v2\/posts\/670068\/revisions"}],"predecessor-version":[{"id":670070,"href":"https:\/\/www.diarioimagen.net\/index.php?rest_route=\/wp\/v2\/posts\/670068\/revisions\/670070"}],"wp:featuredmedia":[{"embeddable":true,"href":"https:\/\/www.diarioimagen.net\/index.php?rest_route=\/wp\/v2\/media\/670069"}],"wp:attachment":[{"href":"https:\/\/www.diarioimagen.net\/index.php?rest_route=%2Fwp%2Fv2%2Fmedia&parent=670068"}],"wp:term":[{"taxonomy":"category","embeddable":true,"href":"https:\/\/www.diarioimagen.net\/index.php?rest_route=%2Fwp%2Fv2%2Fcategories&post=670068"},{"taxonomy":"post_tag","embeddable":true,"href":"https:\/\/www.diarioimagen.net\/index.php?rest_route=%2Fwp%2Fv2%2Ftags&post=670068"}],"curies":[{"name":"wp","href":"https:\/\/api.w.org\/{rel}","templated":true}]}}