{"id":670258,"date":"2025-06-05T00:00:11","date_gmt":"2025-06-05T06:00:11","guid":{"rendered":"https:\/\/www.diarioimagen.net\/?p=670258"},"modified":"2025-06-04T21:25:58","modified_gmt":"2025-06-05T03:25:58","slug":"trabajadores-suteymistas-estan-listos-para-atender-danos-por-lluvias-tomas-palomares","status":"publish","type":"post","link":"https:\/\/www.diarioimagen.net\/?p=670258","title":{"rendered":"Trabajadores suteymistas est\u00e1n listos para  atender da\u00f1os por lluvias: Tom\u00e1s Palomares"},"content":{"rendered":"<ul>\n<li><strong>Compromiso con la comunidad naucalpense<\/strong><\/li>\n<\/ul>\n<div id=\"attachment_670259\" style=\"width: 301px\" class=\"wp-caption alignnone\"><img loading=\"lazy\" decoding=\"async\" aria-describedby=\"caption-attachment-670259\" class=\"wp-image-670259 size-large\" src=\"https:\/\/www.diarioimagen.net\/wp-content\/uploads\/2025\/06\/BAENA-1-ok-2-291x270.jpg\" alt=\"\" width=\"291\" height=\"270\" srcset=\"https:\/\/www.diarioimagen.net\/wp-content\/uploads\/2025\/06\/BAENA-1-ok-2-291x270.jpg 291w, https:\/\/www.diarioimagen.net\/wp-content\/uploads\/2025\/06\/BAENA-1-ok-2-240x223.jpg 240w, https:\/\/www.diarioimagen.net\/wp-content\/uploads\/2025\/06\/BAENA-1-ok-2-768x714.jpg 768w, https:\/\/www.diarioimagen.net\/wp-content\/uploads\/2025\/06\/BAENA-1-ok-2-1536x1427.jpg 1536w, https:\/\/www.diarioimagen.net\/wp-content\/uploads\/2025\/06\/BAENA-1-ok-2-2048x1903.jpg 2048w\" sizes=\"auto, (max-width: 291px) 100vw, 291px\" \/><p id=\"caption-attachment-670259\" class=\"wp-caption-text\">La clase trabajadora agremiada al SUTEyM ha participado en las campa\u00f1as de prevenci\u00f3n de inundaciones, promoviendo la cultura del cuidado del agua y colaborando con las autoridades de Naucalpan en la limpieza de drenajes.<\/p><\/div>\n<p><strong>\u00a0<\/strong><\/p>\n<p>&nbsp;<\/p>\n<p>Por Arturo Baena<\/p>\n<p>&nbsp;<\/p>\n<p>Naucalpan, M\u00e9x.- \u201cAnte la temporada de lluvias y para evitar inundaciones en calles y avenidas de este municipio, trabajadores del SUTEyM, de las \u00e1reas de Servicios P\u00fablicos, y del organismo de agua, coadyuvamos para dar atenci\u00f3n\u00a0 de manera puntual a las afectaciones pluviales.<\/p>\n<p>&nbsp;<\/p>\n<p>As\u00ed lo expres\u00f3 en entrevista, Tom\u00e1s Palomares Parra, secretario general de ese gremio sindical, luego de hacer un llamado a los diferentes sectores del SUTEyM, a sumarse de manera voluntaria para evitar da\u00f1os por las lluvias que han afectado a Naucalpan.<\/p>\n<p>&nbsp;<\/p>\n<p>El tambi\u00e9n Secretario de Exterior destac\u00f3 que \u201cel SUTEYM ha mostrado su compromiso con\u00a0 la protecci\u00f3n de las comunidades, sum\u00e1ndose a las acciones del gobierno que encabeza el alcalde Isaac Montoya para mitigar los efectos de las lluvias\u201d, dijo.<\/p>\n<p>&nbsp;<\/p>\n<p>Acompa\u00f1ado de delegados de su comit\u00e9, Palomares Parra reiter\u00f3 que ese gremio sindical ha participado en las campa\u00f1as de prevenci\u00f3n de inundaciones, promoviendo la cultura del cuidado del agua y colaborando con las autoridades en la limpieza de drenajes y la detecci\u00f3n de problemas.<\/p>\n<p>&nbsp;<\/p>\n<p>El dirigente sindical, abund\u00f3 que \u00abla clase trabajadora agremiada al SUTEyM est\u00e1 comprometida para brindar servicios de calidad a los naucalpenses, y en esta temporada de lluvias no es la excepci\u00f3n\u00bb, dijo.<\/p>\n<p>&nbsp;<\/p>\n<p>&nbsp;<\/p>\n<p><strong>\u00a0<\/strong><\/p>\n<p>&nbsp;<\/p>\n","protected":false},"excerpt":{"rendered":"<p>Compromiso con la comunidad naucalpense \u00a0 &nbsp; Por Arturo Baena &nbsp; Naucalpan, M\u00e9x.- \u201cAnte la temporada de lluvias y para evitar inundaciones en calles y avenidas de este municipio, trabajadores del SUTEyM, de las \u00e1reas de Servicios P\u00fablicos, y del organismo de agua, coadyuvamos para dar atenci\u00f3n\u00a0 de manera puntual a las afectaciones pluviales. &nbsp; [&hellip;]<\/p>\n","protected":false},"author":14,"featured_media":670259,"comment_status":"open","ping_status":"open","sticky":false,"template":"","format":"standard","meta":{"_monsterinsights_skip_tracking":false,"_monsterinsights_sitenote_active":false,"_monsterinsights_sitenote_note":"","_monsterinsights_sitenote_category":0,"footnotes":""},"categories":[5],"tags":[],"class_list":["post-670258","post","type-post","status-publish","format-standard","has-post-thumbnail","hentry","category-estado-de-mexico"],"_links":{"self":[{"href":"https:\/\/www.diarioimagen.net\/index.php?rest_route=\/wp\/v2\/posts\/670258","targetHints":{"allow":["GET"]}}],"collection":[{"href":"https:\/\/www.diarioimagen.net\/index.php?rest_route=\/wp\/v2\/posts"}],"about":[{"href":"https:\/\/www.diarioimagen.net\/index.php?rest_route=\/wp\/v2\/types\/post"}],"author":[{"embeddable":true,"href":"https:\/\/www.diarioimagen.net\/index.php?rest_route=\/wp\/v2\/users\/14"}],"replies":[{"embeddable":true,"href":"https:\/\/www.diarioimagen.net\/index.php?rest_route=%2Fwp%2Fv2%2Fcomments&post=670258"}],"version-history":[{"count":1,"href":"https:\/\/www.diarioimagen.net\/index.php?rest_route=\/wp\/v2\/posts\/670258\/revisions"}],"predecessor-version":[{"id":670260,"href":"https:\/\/www.diarioimagen.net\/index.php?rest_route=\/wp\/v2\/posts\/670258\/revisions\/670260"}],"wp:featuredmedia":[{"embeddable":true,"href":"https:\/\/www.diarioimagen.net\/index.php?rest_route=\/wp\/v2\/media\/670259"}],"wp:attachment":[{"href":"https:\/\/www.diarioimagen.net\/index.php?rest_route=%2Fwp%2Fv2%2Fmedia&parent=670258"}],"wp:term":[{"taxonomy":"category","embeddable":true,"href":"https:\/\/www.diarioimagen.net\/index.php?rest_route=%2Fwp%2Fv2%2Fcategories&post=670258"},{"taxonomy":"post_tag","embeddable":true,"href":"https:\/\/www.diarioimagen.net\/index.php?rest_route=%2Fwp%2Fv2%2Ftags&post=670258"}],"curies":[{"name":"wp","href":"https:\/\/api.w.org\/{rel}","templated":true}]}}