{"id":670267,"date":"2025-06-05T00:00:02","date_gmt":"2025-06-05T06:00:02","guid":{"rendered":"https:\/\/www.diarioimagen.net\/?p=670267"},"modified":"2025-06-04T21:31:15","modified_gmt":"2025-06-05T03:31:15","slug":"reconocen-a-huixquilucan-su-estrategia-en-materia-hidrica","status":"publish","type":"post","link":"https:\/\/www.diarioimagen.net\/?p=670267","title":{"rendered":"Reconocen a Huixquilucan\u00a0su estrategia en materia h\u00eddrica\u00a0"},"content":{"rendered":"<div id=\"attachment_670268\" style=\"width: 423px\" class=\"wp-caption alignnone\"><img loading=\"lazy\" decoding=\"async\" aria-describedby=\"caption-attachment-670268\" class=\"wp-image-670268 size-large\" src=\"https:\/\/www.diarioimagen.net\/wp-content\/uploads\/2025\/06\/BAENA-4-ok-3-413x270.jpg\" alt=\"\" width=\"413\" height=\"270\" srcset=\"https:\/\/www.diarioimagen.net\/wp-content\/uploads\/2025\/06\/BAENA-4-ok-3-413x270.jpg 413w, https:\/\/www.diarioimagen.net\/wp-content\/uploads\/2025\/06\/BAENA-4-ok-3-240x157.jpg 240w, https:\/\/www.diarioimagen.net\/wp-content\/uploads\/2025\/06\/BAENA-4-ok-3-768x503.jpg 768w, https:\/\/www.diarioimagen.net\/wp-content\/uploads\/2025\/06\/BAENA-4-ok-3-1536x1005.jpg 1536w, https:\/\/www.diarioimagen.net\/wp-content\/uploads\/2025\/06\/BAENA-4-ok-3-2048x1340.jpg 2048w\" sizes=\"auto, (max-width: 413px) 100vw, 413px\" \/><p id=\"caption-attachment-670268\" class=\"wp-caption-text\">Reconocen a Huixquilucan\u00a0su estrategia en materia h\u00eddrica<\/p><\/div>\n<p>&nbsp;<\/p>\n<p>Huixquilucan, M\u00e9x.- En el marco del inicio de la perforaci\u00f3n del nuevo pozo en el fraccionamiento Lomas de Tecamachalco, Aguas de Huixquilucan anunci\u00f3 que, durante la Cumbre Mundial del Agua 2025 (Global Water Summit) celebrada en la ciudad de Par\u00eds, Francia, se nombr\u00f3 a este organismo como miembro de los 300 l\u00edderes del mundo en materia h\u00eddrica, con la intenci\u00f3n de compartir sus acciones y programas de \u00e9xito que garantizan el abastecimiento de agua potable y servicios p\u00fablicos de calidad. Al respecto, la presidenta municipal Romina Contreras Carrasco afirm\u00f3 que este reconocimiento forma parte del trabajo 24\/7 de seguir aumentando las fuentes propias de abastecimiento de agua potable en Huixquilucan y las acciones que se implementaron con el programa \u201cEsfuerzo 24\/7\u201d, que busca reducir la dependencia del Sistema Cutzamala y enfrentar la sequ\u00eda que atraviesa el Valle de M\u00e9xico.<\/p>\n<p>&nbsp;<\/p>\n<p>&nbsp;<\/p>\n<p>La alcaldesa, mencion\u00f3 que, un ejemplo de las acciones que lleva a cabo Aguas de Huixquilucan para aumentar el abastecimiento de agua potable a las viviendas, es el inicio a los trabajos de la perforaci\u00f3n de este pozo n\u00famero 16, el cual beneficiar\u00e1 a m\u00e1s de 10 mil personas de la Zona Residencial y tendr\u00e1 una profundidad de 350 metros, obra que estar\u00e1 lista a finales de este 2025.<\/p>\n","protected":false},"excerpt":{"rendered":"<p>&nbsp; Huixquilucan, M\u00e9x.- En el marco del inicio de la perforaci\u00f3n del nuevo pozo en el fraccionamiento Lomas de Tecamachalco, Aguas de Huixquilucan anunci\u00f3 que, durante la Cumbre Mundial del Agua 2025 (Global Water Summit) celebrada en la ciudad de Par\u00eds, Francia, se nombr\u00f3 a este organismo como miembro de los 300 l\u00edderes del mundo [&hellip;]<\/p>\n","protected":false},"author":14,"featured_media":670268,"comment_status":"open","ping_status":"open","sticky":false,"template":"","format":"standard","meta":{"_monsterinsights_skip_tracking":false,"_monsterinsights_sitenote_active":false,"_monsterinsights_sitenote_note":"","_monsterinsights_sitenote_category":0,"footnotes":""},"categories":[5],"tags":[],"class_list":["post-670267","post","type-post","status-publish","format-standard","has-post-thumbnail","hentry","category-estado-de-mexico"],"_links":{"self":[{"href":"https:\/\/www.diarioimagen.net\/index.php?rest_route=\/wp\/v2\/posts\/670267","targetHints":{"allow":["GET"]}}],"collection":[{"href":"https:\/\/www.diarioimagen.net\/index.php?rest_route=\/wp\/v2\/posts"}],"about":[{"href":"https:\/\/www.diarioimagen.net\/index.php?rest_route=\/wp\/v2\/types\/post"}],"author":[{"embeddable":true,"href":"https:\/\/www.diarioimagen.net\/index.php?rest_route=\/wp\/v2\/users\/14"}],"replies":[{"embeddable":true,"href":"https:\/\/www.diarioimagen.net\/index.php?rest_route=%2Fwp%2Fv2%2Fcomments&post=670267"}],"version-history":[{"count":1,"href":"https:\/\/www.diarioimagen.net\/index.php?rest_route=\/wp\/v2\/posts\/670267\/revisions"}],"predecessor-version":[{"id":670269,"href":"https:\/\/www.diarioimagen.net\/index.php?rest_route=\/wp\/v2\/posts\/670267\/revisions\/670269"}],"wp:featuredmedia":[{"embeddable":true,"href":"https:\/\/www.diarioimagen.net\/index.php?rest_route=\/wp\/v2\/media\/670268"}],"wp:attachment":[{"href":"https:\/\/www.diarioimagen.net\/index.php?rest_route=%2Fwp%2Fv2%2Fmedia&parent=670267"}],"wp:term":[{"taxonomy":"category","embeddable":true,"href":"https:\/\/www.diarioimagen.net\/index.php?rest_route=%2Fwp%2Fv2%2Fcategories&post=670267"},{"taxonomy":"post_tag","embeddable":true,"href":"https:\/\/www.diarioimagen.net\/index.php?rest_route=%2Fwp%2Fv2%2Ftags&post=670267"}],"curies":[{"name":"wp","href":"https:\/\/api.w.org\/{rel}","templated":true}]}}