{"id":670287,"date":"2025-06-05T00:00:55","date_gmt":"2025-06-05T06:00:55","guid":{"rendered":"https:\/\/www.diarioimagen.net\/?p=670287"},"modified":"2025-06-04T21:46:27","modified_gmt":"2025-06-05T03:46:27","slug":"opera-con-normalidad-h-g-z-53-en-la-paz-tras-afectaciones-por-lluvias","status":"publish","type":"post","link":"https:\/\/www.diarioimagen.net\/?p=670287","title":{"rendered":"Opera con normalidad H.G.Z 53 en  La Paz, tras afectaciones por lluvias"},"content":{"rendered":"<p><strong>\u00a0<\/strong><\/p>\n<ul>\n<li><strong>Colabora Gobierno del Edomex con IMSS<\/strong><\/li>\n<li><strong>\u00a0<\/strong><strong>Total disposici\u00f3n para para atender cualquier tipo de contingencias en el sector salud<\/strong><\/li>\n<\/ul>\n<p><strong>\u00a0<\/strong><\/p>\n<div id=\"attachment_670289\" style=\"width: 370px\" class=\"wp-caption alignnone\"><img loading=\"lazy\" decoding=\"async\" aria-describedby=\"caption-attachment-670289\" class=\"wp-image-670289 size-large\" src=\"https:\/\/www.diarioimagen.net\/wp-content\/uploads\/2025\/06\/EDOMEX-3-ok-2-ok-360x270.jpg\" alt=\"\" width=\"360\" height=\"270\" srcset=\"https:\/\/www.diarioimagen.net\/wp-content\/uploads\/2025\/06\/EDOMEX-3-ok-2-ok-360x270.jpg 360w, https:\/\/www.diarioimagen.net\/wp-content\/uploads\/2025\/06\/EDOMEX-3-ok-2-ok-240x180.jpg 240w, https:\/\/www.diarioimagen.net\/wp-content\/uploads\/2025\/06\/EDOMEX-3-ok-2-ok-768x575.jpg 768w, https:\/\/www.diarioimagen.net\/wp-content\/uploads\/2025\/06\/EDOMEX-3-ok-2-ok.jpg 1500w\" sizes=\"auto, (max-width: 360px) 100vw, 360px\" \/><p id=\"caption-attachment-670289\" class=\"wp-caption-text\">La doctora Macarena Montoya Olvera, Secretaria de Salud estatal, recorri\u00f3 Hospital General de Zona (HGZ) No. 53, el cual opera de manera normal luego de las afectaciones por las intensas precipitaciones registradas el pasado lunes.<\/p><\/div>\n<p>Los Reyes La Paz, Estado de M\u00e9xico.- En atenci\u00f3n a las instrucciones de la Gobernadora Delfina G\u00f3mez \u00c1lvarez de coadyuvar en los trabajos de rehabilitaci\u00f3n del \u00e1rea de Urgencias del Hospital General de Zona (HGZ) No. 53, en el municipio de Los Reyes, La Paz, la doctora Macarena Montoya Olvera, Secretaria de Salud estatal recorri\u00f3 este nosocomio el cual opera de manera normal luego de las afectaciones por las intensas precipitaciones registradas el lunes 2 de junio.<\/p>\n<p>&nbsp;<\/p>\n<p>El \u00e1rea de urgencias reanud\u00f3 el servicio, el cual fue suspendido temporalmente por el ingreso de agua pluvial. Cabe destacar que tanto la sala de espera como de atenci\u00f3n m\u00e9dica, fueron las \u00fanicas afectadas por la contingencia y en ning\u00fan momento se interrumpi\u00f3 el servicio de hospitalizaci\u00f3n.<\/p>\n<p>Durante su recorrido, Macarena Montoya Olvera estuvo acompa\u00f1ada por Josefina Estrada Mart\u00ednez, la titular del \u00d3rgano de Operaci\u00f3n Administrativa Desconcentrado del Estado de M\u00e9xico Oriente del Instituto Mexicano del Seguro Social (IMSS) con quien verific\u00f3 las tareas de saneamiento y supervisaron las \u00e1reas de Urgencias, Rayos X y Tococirug\u00eda.<\/p>\n<p>La Titular de Salud EdoM\u00e9x destac\u00f3 que, a consecuencia de las lluvias registradas, se reportaron solo da\u00f1os materiales en el Hospital General, no hubo personas lesionadas ni p\u00e9rdida de vidas.<\/p>\n<p>Adem\u00e1s, al momento de presentarse la contingencia, inmediatamente se activaron los protocolos que incluyeron la reubicaci\u00f3n de las y los pacientes en el \u00e1rea de consulta externa y el llamado a bomberos y Protecci\u00f3n Civil estatal y municipal, quienes acudieron a otorgar el apoyo respectivo<\/p>\n<p>Finalmente, Macarena Montoya Olvera reiter\u00f3 la voluntad de servir y la permanente coordinaci\u00f3n del sector salud en la entidad, tal como ha instruido la Gobernadora Delfina G\u00f3mez \u00c1lvarez.<\/p>\n<p>&nbsp;<\/p>\n<p>&nbsp;<\/p>\n<p>&nbsp;<\/p>\n","protected":false},"excerpt":{"rendered":"<p>\u00a0 Colabora Gobierno del Edomex con IMSS \u00a0Total disposici\u00f3n para para atender cualquier tipo de contingencias en el sector salud \u00a0 Los Reyes La Paz, Estado de M\u00e9xico.- En atenci\u00f3n a las instrucciones de la Gobernadora Delfina G\u00f3mez \u00c1lvarez de coadyuvar en los trabajos de rehabilitaci\u00f3n del \u00e1rea de Urgencias del Hospital General de Zona [&hellip;]<\/p>\n","protected":false},"author":14,"featured_media":670289,"comment_status":"open","ping_status":"open","sticky":false,"template":"","format":"standard","meta":{"_monsterinsights_skip_tracking":false,"_monsterinsights_sitenote_active":false,"_monsterinsights_sitenote_note":"","_monsterinsights_sitenote_category":0,"footnotes":""},"categories":[5],"tags":[],"class_list":["post-670287","post","type-post","status-publish","format-standard","has-post-thumbnail","hentry","category-estado-de-mexico"],"_links":{"self":[{"href":"https:\/\/www.diarioimagen.net\/index.php?rest_route=\/wp\/v2\/posts\/670287","targetHints":{"allow":["GET"]}}],"collection":[{"href":"https:\/\/www.diarioimagen.net\/index.php?rest_route=\/wp\/v2\/posts"}],"about":[{"href":"https:\/\/www.diarioimagen.net\/index.php?rest_route=\/wp\/v2\/types\/post"}],"author":[{"embeddable":true,"href":"https:\/\/www.diarioimagen.net\/index.php?rest_route=\/wp\/v2\/users\/14"}],"replies":[{"embeddable":true,"href":"https:\/\/www.diarioimagen.net\/index.php?rest_route=%2Fwp%2Fv2%2Fcomments&post=670287"}],"version-history":[{"count":1,"href":"https:\/\/www.diarioimagen.net\/index.php?rest_route=\/wp\/v2\/posts\/670287\/revisions"}],"predecessor-version":[{"id":670290,"href":"https:\/\/www.diarioimagen.net\/index.php?rest_route=\/wp\/v2\/posts\/670287\/revisions\/670290"}],"wp:featuredmedia":[{"embeddable":true,"href":"https:\/\/www.diarioimagen.net\/index.php?rest_route=\/wp\/v2\/media\/670289"}],"wp:attachment":[{"href":"https:\/\/www.diarioimagen.net\/index.php?rest_route=%2Fwp%2Fv2%2Fmedia&parent=670287"}],"wp:term":[{"taxonomy":"category","embeddable":true,"href":"https:\/\/www.diarioimagen.net\/index.php?rest_route=%2Fwp%2Fv2%2Fcategories&post=670287"},{"taxonomy":"post_tag","embeddable":true,"href":"https:\/\/www.diarioimagen.net\/index.php?rest_route=%2Fwp%2Fv2%2Ftags&post=670287"}],"curies":[{"name":"wp","href":"https:\/\/api.w.org\/{rel}","templated":true}]}}