{"id":670291,"date":"2025-06-05T00:00:47","date_gmt":"2025-06-05T06:00:47","guid":{"rendered":"https:\/\/www.diarioimagen.net\/?p=670291"},"modified":"2025-06-04T21:47:54","modified_gmt":"2025-06-05T03:47:54","slug":"regularizacion-de-viviendas-con-las-caravanas-por-la-justicia-social","status":"publish","type":"post","link":"https:\/\/www.diarioimagen.net\/?p=670291","title":{"rendered":"Regularizaci\u00f3n de viviendas con las Caravanas por la Justicia Social"},"content":{"rendered":"<p><strong>Lleva GEM servicios a bajo costo o gratuitos<\/strong><\/p>\n<p><strong>\u00a0<\/strong><\/p>\n<p><strong>\u00a0<\/strong><\/p>\n<div id=\"attachment_670288\" style=\"width: 415px\" class=\"wp-caption alignnone\"><img loading=\"lazy\" decoding=\"async\" aria-describedby=\"caption-attachment-670288\" class=\"wp-image-670288 size-large\" src=\"https:\/\/www.diarioimagen.net\/wp-content\/uploads\/2025\/06\/EDOMEX-2-ok-2-405x270.jpg\" alt=\"\" width=\"405\" height=\"270\" srcset=\"https:\/\/www.diarioimagen.net\/wp-content\/uploads\/2025\/06\/EDOMEX-2-ok-2-405x270.jpg 405w, https:\/\/www.diarioimagen.net\/wp-content\/uploads\/2025\/06\/EDOMEX-2-ok-2-240x160.jpg 240w, https:\/\/www.diarioimagen.net\/wp-content\/uploads\/2025\/06\/EDOMEX-2-ok-2-768x512.jpg 768w, https:\/\/www.diarioimagen.net\/wp-content\/uploads\/2025\/06\/EDOMEX-2-ok-2.jpg 1500w\" sizes=\"auto, (max-width: 405px) 100vw, 405px\" \/><p id=\"caption-attachment-670288\" class=\"wp-caption-text\">Las Caravanas Itinerantes por la Justicia Social llegaron a los municipios de La Paz y Tenango del Valle, acercando m\u00e1s de 125 tr\u00e1mites y servicios gratuitos o a bajo costo a las familias mexiquenses.<\/p><\/div>\n<p><strong>\u00a0<\/strong><\/p>\n<p>&nbsp;<\/p>\n<p>&nbsp;<\/p>\n<p>La Paz, Estado de M\u00e9xico.\u2013 Como parte del trabajo coordinado que impulsa el Gobierno de la Maestra Delfina G\u00f3mez \u00c1lvarez, esta semana las Caravanas Itinerantes por la Justicia Social llegaron a los municipios de La Paz y Tenango del Valle, acercando m\u00e1s de 125 tr\u00e1mites y servicios gratuitos o a bajo costo a las familias mexiquenses.<\/p>\n<p>Al respecto, Jes\u00fas George Zamora, Consejero Jur\u00eddico del Estado de M\u00e9xico, destac\u00f3 que este esfuerzo prioritario permite dar soluciones accesibles a la poblaci\u00f3n, con servicios que fortalezcan su identidad jur\u00eddica, certeza patrimonial y derecho a la justicia.<\/p>\n<p>\u201cSe han dado 438 mil tr\u00e1mites y servicios desde enero de 2024, y esto ha beneficiado a casi 158 mil familias mexiquenses; tambi\u00e9n significa ahorros en la econom\u00eda de las familias mexiquenses porque se evitan traslados, porque se evita el pago de derechos o de impuestos, as\u00ed hemos estimado que existe un ahorro de m\u00e1s de 134 millones para las familias mexiquenses\u201d, indic\u00f3 Jes\u00fas George Zamora, Consejero Jur\u00eddico.<\/p>\n<p>Vanessa \u00c1vila Garc\u00eda, habitante de La Paz, acudi\u00f3 al m\u00f3dulo del Instituto Nacional del Suelo Sustentable (INSUS), una de las 29 instituciones participantes, para recibir asesor\u00eda sobre la regularizaci\u00f3n de su vivienda.<\/p>\n<p>\u201cLa zona como tal es irregular, entonces mucha gente no contamos con escrituras, no est\u00e1 asentada toda esa colonia, creo que yo y la mayor\u00eda de nuestros vecinos tenemos ese mismo problema; entonces buscamos que se regularice esa zona para que podamos tener un t\u00edtulo de propiedad para que nos d\u00e9 la seguridad de estar bien en ese lugar.<\/p>\n<p>\u201cMe dieron una asesor\u00eda bastante buena, cu\u00e1les son los pasos a seguir en caso de que quiera hacer la regularizaci\u00f3n y me dieron toda la informaci\u00f3n, direcci\u00f3n y tel\u00e9fono para poder continuar con el proceso\u201d, explic\u00f3 Vanessa \u00c1vila Garc\u00eda.<\/p>\n<p>A trav\u00e9s del INSUS, las Caravanas han realizado mil 805 tr\u00e1mites relacionados con la tenencia del suelo, mientras que otras instituciones como el Instituto Mexiquense de la Vivienda Social (IMEVIS) y el Instituto de la Funci\u00f3n Registral del Estado de M\u00e9xico (IFREM) atienden temas sobre predios, escrituras y t\u00edtulos de propiedad.<\/p>\n<p>La poblaci\u00f3n puede acercarse a estos servicios en las explanadas municipales de La Paz, hasta el viernes 6 de junio, y de Tenango del Valle, hasta el s\u00e1bado 7 de junio, de 9:00 a 15:00 horas.<\/p>\n<p>Las siguientes Caravanas se realizar\u00e1n en Chapa de Mota y Almoloya del R\u00edo. Para m\u00e1s detalles est\u00e1 disponible el sitio oficial: caravanas.edomex.gob.mx.<\/p>\n<p>&nbsp;<\/p>\n<p>&nbsp;<\/p>\n","protected":false},"excerpt":{"rendered":"<p>Lleva GEM servicios a bajo costo o gratuitos \u00a0 \u00a0 \u00a0 &nbsp; &nbsp; La Paz, Estado de M\u00e9xico.\u2013 Como parte del trabajo coordinado que impulsa el Gobierno de la Maestra Delfina G\u00f3mez \u00c1lvarez, esta semana las Caravanas Itinerantes por la Justicia Social llegaron a los municipios de La Paz y Tenango del Valle, acercando m\u00e1s [&hellip;]<\/p>\n","protected":false},"author":14,"featured_media":670288,"comment_status":"open","ping_status":"open","sticky":false,"template":"","format":"standard","meta":{"_monsterinsights_skip_tracking":false,"_monsterinsights_sitenote_active":false,"_monsterinsights_sitenote_note":"","_monsterinsights_sitenote_category":0,"footnotes":""},"categories":[5],"tags":[],"class_list":["post-670291","post","type-post","status-publish","format-standard","has-post-thumbnail","hentry","category-estado-de-mexico"],"_links":{"self":[{"href":"https:\/\/www.diarioimagen.net\/index.php?rest_route=\/wp\/v2\/posts\/670291","targetHints":{"allow":["GET"]}}],"collection":[{"href":"https:\/\/www.diarioimagen.net\/index.php?rest_route=\/wp\/v2\/posts"}],"about":[{"href":"https:\/\/www.diarioimagen.net\/index.php?rest_route=\/wp\/v2\/types\/post"}],"author":[{"embeddable":true,"href":"https:\/\/www.diarioimagen.net\/index.php?rest_route=\/wp\/v2\/users\/14"}],"replies":[{"embeddable":true,"href":"https:\/\/www.diarioimagen.net\/index.php?rest_route=%2Fwp%2Fv2%2Fcomments&post=670291"}],"version-history":[{"count":1,"href":"https:\/\/www.diarioimagen.net\/index.php?rest_route=\/wp\/v2\/posts\/670291\/revisions"}],"predecessor-version":[{"id":670292,"href":"https:\/\/www.diarioimagen.net\/index.php?rest_route=\/wp\/v2\/posts\/670291\/revisions\/670292"}],"wp:featuredmedia":[{"embeddable":true,"href":"https:\/\/www.diarioimagen.net\/index.php?rest_route=\/wp\/v2\/media\/670288"}],"wp:attachment":[{"href":"https:\/\/www.diarioimagen.net\/index.php?rest_route=%2Fwp%2Fv2%2Fmedia&parent=670291"}],"wp:term":[{"taxonomy":"category","embeddable":true,"href":"https:\/\/www.diarioimagen.net\/index.php?rest_route=%2Fwp%2Fv2%2Fcategories&post=670291"},{"taxonomy":"post_tag","embeddable":true,"href":"https:\/\/www.diarioimagen.net\/index.php?rest_route=%2Fwp%2Fv2%2Ftags&post=670291"}],"curies":[{"name":"wp","href":"https:\/\/api.w.org\/{rel}","templated":true}]}}