{"id":670462,"date":"2025-06-06T00:00:30","date_gmt":"2025-06-06T06:00:30","guid":{"rendered":"https:\/\/www.diarioimagen.net\/?p=670462"},"modified":"2025-06-05T19:46:32","modified_gmt":"2025-06-06T01:46:32","slug":"pedro-rodriguez-villegas-encabeza-la-entrega-de-15-nuevas-unidades-recolectoras-de-basura","status":"publish","type":"post","link":"https:\/\/www.diarioimagen.net\/?p=670462","title":{"rendered":"Pedro Rodr\u00edguez Villegas encabeza la entrega  de 15 nuevas unidades recolectoras de basura"},"content":{"rendered":"<ul>\n<li><strong>Mejorar\u00e1 servicio en Atizap\u00e1n<\/strong><\/li>\n<\/ul>\n<p><strong>\u00a0<\/strong><\/p>\n<div id=\"attachment_670463\" style=\"width: 470px\" class=\"wp-caption alignnone\"><img loading=\"lazy\" decoding=\"async\" aria-describedby=\"caption-attachment-670463\" class=\"wp-image-670463 size-large\" src=\"https:\/\/www.diarioimagen.net\/wp-content\/uploads\/2025\/06\/BAENA-1-ok-3-460x259.jpg\" alt=\"\" width=\"460\" height=\"259\" srcset=\"https:\/\/www.diarioimagen.net\/wp-content\/uploads\/2025\/06\/BAENA-1-ok-3-460x259.jpg 460w, https:\/\/www.diarioimagen.net\/wp-content\/uploads\/2025\/06\/BAENA-1-ok-3-240x135.jpg 240w, https:\/\/www.diarioimagen.net\/wp-content\/uploads\/2025\/06\/BAENA-1-ok-3-768x432.jpg 768w, https:\/\/www.diarioimagen.net\/wp-content\/uploads\/2025\/06\/BAENA-1-ok-3-480x270.jpg 480w, https:\/\/www.diarioimagen.net\/wp-content\/uploads\/2025\/06\/BAENA-1-ok-3-235x132.jpg 235w, https:\/\/www.diarioimagen.net\/wp-content\/uploads\/2025\/06\/BAENA-1-ok-3-202x114.jpg 202w, https:\/\/www.diarioimagen.net\/wp-content\/uploads\/2025\/06\/BAENA-1-ok-3-350x196.jpg 350w, https:\/\/www.diarioimagen.net\/wp-content\/uploads\/2025\/06\/BAENA-1-ok-3-220x123.jpg 220w, https:\/\/www.diarioimagen.net\/wp-content\/uploads\/2025\/06\/BAENA-1-ok-3-237x132.jpg 237w, https:\/\/www.diarioimagen.net\/wp-content\/uploads\/2025\/06\/BAENA-1-ok-3.jpg 1500w\" sizes=\"auto, (max-width: 460px) 100vw, 460px\" \/><p id=\"caption-attachment-670463\" class=\"wp-caption-text\">El alcalde Pedro Rodr\u00edguez Villegas entreg\u00f3 15 nuevas unidades recolectoras de basura, con lo que mejorar\u00e1 este servicio, en beneficio de las familias atizapenses.<\/p><\/div>\n<p>&nbsp;<\/p>\n<p>Atizap\u00e1n de Zaragoza, M\u00e9x.- El presidente municipal Pedro Rodr\u00edguez Villegas encabez\u00f3 la entrega de 15 nuevas unidades recolectoras de basura, un logro significativo que mejorar\u00e1 el servicio esencial para todas las familias atizapenses.<\/p>\n<p>&nbsp;<\/p>\n<p>Este importante avance ha sido posible gracias a la responsable contribuci\u00f3n de los ciudadanos a trav\u00e9s del pago de sus impuestos.<\/p>\n<p>&nbsp;<\/p>\n<p>El evento de entrega se llev\u00f3 a cabo en la explanada de Galer\u00edas Atizap\u00e1n, donde el Alcalde estuvo acompa\u00f1ado por vecinos entusiastas, miembros del cabildo de la actual administraci\u00f3n, as\u00ed como por el secretario general del SUTEYM en Atizap\u00e1n de Zaragoza, Juan Callejas Palacios, y representantes de asociaciones de colonos de Zona Esmeralda.<\/p>\n<p>&nbsp;<\/p>\n<p>Durante su intervenci\u00f3n, Juan Callejas Palacios, l\u00edder sindical del SUTEyM, destac\u00f3 el invaluable apoyo que la gesti\u00f3n del Presidente Pedro Rodr\u00edguez ha brindado a los trabajadores de recolecci\u00f3n. \u00abSin duda, el tener unidades nuevas garantiza un mejor servicio y dignifica el trabajo de los compa\u00f1eros\u00bb, afirm\u00f3 Callejas Palacios, reconociendo el impacto positivo tanto para los trabajadores como para la comunidad.<\/p>\n<p>&nbsp;<\/p>\n<p>Por su parte, el Director de Servicios P\u00fablicos, Mois\u00e9s Berm\u00fadez, agradeci\u00f3 el esfuerzo de la administraci\u00f3n municipal para la adquisici\u00f3n de estos modernos camiones. Resalt\u00f3 tambi\u00e9n \u00abel compromiso de los compa\u00f1eros de la Subdirecci\u00f3n de Limpia con su gobierno y su municipio\u00bb, subrayando la dedicaci\u00f3n del personal que d\u00eda a d\u00eda trabaja por mantener limpia nuestra ciudad.<\/p>\n<p>&nbsp;<\/p>\n<p>En representaci\u00f3n de la ciudadan\u00eda y los colonos, la se\u00f1ora Silvia Antuna Tello tom\u00f3 la palabra para destacar el \u00abcompromiso cumplido por el presidente municipal\u00bb. Record\u00f3 que esta entrega responde a una petici\u00f3n realizada hace algunos meses, y \u00abhoy es una realidad\u00bb, lo que demuestra un gobierno que escucha y atiende las necesidades de sus habitantes.<\/p>\n<p>&nbsp;<\/p>\n<p><strong>\u00a0<\/strong><\/p>\n<p>&nbsp;<\/p>\n","protected":false},"excerpt":{"rendered":"<p>Mejorar\u00e1 servicio en Atizap\u00e1n \u00a0 &nbsp; Atizap\u00e1n de Zaragoza, M\u00e9x.- El presidente municipal Pedro Rodr\u00edguez Villegas encabez\u00f3 la entrega de 15 nuevas unidades recolectoras de basura, un logro significativo que mejorar\u00e1 el servicio esencial para todas las familias atizapenses. &nbsp; Este importante avance ha sido posible gracias a la responsable contribuci\u00f3n de los ciudadanos a [&hellip;]<\/p>\n","protected":false},"author":14,"featured_media":670463,"comment_status":"open","ping_status":"open","sticky":false,"template":"","format":"standard","meta":{"_monsterinsights_skip_tracking":false,"_monsterinsights_sitenote_active":false,"_monsterinsights_sitenote_note":"","_monsterinsights_sitenote_category":0,"footnotes":""},"categories":[5],"tags":[],"class_list":["post-670462","post","type-post","status-publish","format-standard","has-post-thumbnail","hentry","category-estado-de-mexico"],"_links":{"self":[{"href":"https:\/\/www.diarioimagen.net\/index.php?rest_route=\/wp\/v2\/posts\/670462","targetHints":{"allow":["GET"]}}],"collection":[{"href":"https:\/\/www.diarioimagen.net\/index.php?rest_route=\/wp\/v2\/posts"}],"about":[{"href":"https:\/\/www.diarioimagen.net\/index.php?rest_route=\/wp\/v2\/types\/post"}],"author":[{"embeddable":true,"href":"https:\/\/www.diarioimagen.net\/index.php?rest_route=\/wp\/v2\/users\/14"}],"replies":[{"embeddable":true,"href":"https:\/\/www.diarioimagen.net\/index.php?rest_route=%2Fwp%2Fv2%2Fcomments&post=670462"}],"version-history":[{"count":1,"href":"https:\/\/www.diarioimagen.net\/index.php?rest_route=\/wp\/v2\/posts\/670462\/revisions"}],"predecessor-version":[{"id":670464,"href":"https:\/\/www.diarioimagen.net\/index.php?rest_route=\/wp\/v2\/posts\/670462\/revisions\/670464"}],"wp:featuredmedia":[{"embeddable":true,"href":"https:\/\/www.diarioimagen.net\/index.php?rest_route=\/wp\/v2\/media\/670463"}],"wp:attachment":[{"href":"https:\/\/www.diarioimagen.net\/index.php?rest_route=%2Fwp%2Fv2%2Fmedia&parent=670462"}],"wp:term":[{"taxonomy":"category","embeddable":true,"href":"https:\/\/www.diarioimagen.net\/index.php?rest_route=%2Fwp%2Fv2%2Fcategories&post=670462"},{"taxonomy":"post_tag","embeddable":true,"href":"https:\/\/www.diarioimagen.net\/index.php?rest_route=%2Fwp%2Fv2%2Ftags&post=670462"}],"curies":[{"name":"wp","href":"https:\/\/api.w.org\/{rel}","templated":true}]}}