{"id":670471,"date":"2025-06-06T00:00:30","date_gmt":"2025-06-06T06:00:30","guid":{"rendered":"https:\/\/www.diarioimagen.net\/?p=670471"},"modified":"2025-06-05T19:56:10","modified_gmt":"2025-06-06T01:56:10","slug":"grave-deficit-de-recursos-para-seguridad-enrique-vargas-del-villar","status":"publish","type":"post","link":"https:\/\/www.diarioimagen.net\/?p=670471","title":{"rendered":"Grave d\u00e9ficit de recursos para seguridad: Enrique Vargas\u00a0del Villar"},"content":{"rendered":"<p><img loading=\"lazy\" decoding=\"async\" class=\"alignnone wp-image-670472 size-large\" src=\"https:\/\/www.diarioimagen.net\/wp-content\/uploads\/2025\/06\/BAENA-4-ok-4-399x270.jpg\" alt=\"\" width=\"399\" height=\"270\" srcset=\"https:\/\/www.diarioimagen.net\/wp-content\/uploads\/2025\/06\/BAENA-4-ok-4-399x270.jpg 399w, https:\/\/www.diarioimagen.net\/wp-content\/uploads\/2025\/06\/BAENA-4-ok-4-240x163.jpg 240w, https:\/\/www.diarioimagen.net\/wp-content\/uploads\/2025\/06\/BAENA-4-ok-4-768x520.jpg 768w, https:\/\/www.diarioimagen.net\/wp-content\/uploads\/2025\/06\/BAENA-4-ok-4-1536x1041.jpg 1536w, https:\/\/www.diarioimagen.net\/wp-content\/uploads\/2025\/06\/BAENA-4-ok-4-2048x1387.jpg 2048w\" sizes=\"auto, (max-width: 399px) 100vw, 399px\" \/><\/p>\n<p>&nbsp;<\/p>\n<p>&nbsp;<\/p>\n<p>Valle de M\u00e9xico. &#8211; El senador Enrique Vargas del Villar alert\u00f3 sobre el grave d\u00e9ficit de recursos para seguridad local, se\u00f1alando que en los dos \u00faltimos sexenios los municipios dejaron de recibir 20 mil millones de pesos. Critic\u00f3 la estrategia federal \u201cabrazos, no balazos\u201d, al se\u00f1alar que el pa\u00eds acumula 200 mil homicidios y 50 mil desaparecidos seg\u00fan cifras oficiales. El legislador panista exigi\u00f3 mayor inversi\u00f3n en polic\u00edas municipales y estatales, as\u00ed como coordinaci\u00f3n real entre gobiernos para enfrentar la ola de violencia que afecta incluso a la CDMX, tras el asesinato de funcionarios capitalinos. Vargas del Villar revel\u00f3 que en Huixquilucan (su municipio referente) la delincuencia baj\u00f3 40%, gracias a las acciones contundentes para atacar la delincuencia.<\/p>\n","protected":false},"excerpt":{"rendered":"<p>&nbsp; &nbsp; Valle de M\u00e9xico. &#8211; El senador Enrique Vargas del Villar alert\u00f3 sobre el grave d\u00e9ficit de recursos para seguridad local, se\u00f1alando que en los dos \u00faltimos sexenios los municipios dejaron de recibir 20 mil millones de pesos. Critic\u00f3 la estrategia federal \u201cabrazos, no balazos\u201d, al se\u00f1alar que el pa\u00eds acumula 200 mil homicidios [&hellip;]<\/p>\n","protected":false},"author":14,"featured_media":670472,"comment_status":"open","ping_status":"open","sticky":false,"template":"","format":"standard","meta":{"_monsterinsights_skip_tracking":false,"_monsterinsights_sitenote_active":false,"_monsterinsights_sitenote_note":"","_monsterinsights_sitenote_category":0,"footnotes":""},"categories":[12],"tags":[],"class_list":["post-670471","post","type-post","status-publish","format-standard","has-post-thumbnail","hentry","category-espectaculos"],"_links":{"self":[{"href":"https:\/\/www.diarioimagen.net\/index.php?rest_route=\/wp\/v2\/posts\/670471","targetHints":{"allow":["GET"]}}],"collection":[{"href":"https:\/\/www.diarioimagen.net\/index.php?rest_route=\/wp\/v2\/posts"}],"about":[{"href":"https:\/\/www.diarioimagen.net\/index.php?rest_route=\/wp\/v2\/types\/post"}],"author":[{"embeddable":true,"href":"https:\/\/www.diarioimagen.net\/index.php?rest_route=\/wp\/v2\/users\/14"}],"replies":[{"embeddable":true,"href":"https:\/\/www.diarioimagen.net\/index.php?rest_route=%2Fwp%2Fv2%2Fcomments&post=670471"}],"version-history":[{"count":1,"href":"https:\/\/www.diarioimagen.net\/index.php?rest_route=\/wp\/v2\/posts\/670471\/revisions"}],"predecessor-version":[{"id":670500,"href":"https:\/\/www.diarioimagen.net\/index.php?rest_route=\/wp\/v2\/posts\/670471\/revisions\/670500"}],"wp:featuredmedia":[{"embeddable":true,"href":"https:\/\/www.diarioimagen.net\/index.php?rest_route=\/wp\/v2\/media\/670472"}],"wp:attachment":[{"href":"https:\/\/www.diarioimagen.net\/index.php?rest_route=%2Fwp%2Fv2%2Fmedia&parent=670471"}],"wp:term":[{"taxonomy":"category","embeddable":true,"href":"https:\/\/www.diarioimagen.net\/index.php?rest_route=%2Fwp%2Fv2%2Fcategories&post=670471"},{"taxonomy":"post_tag","embeddable":true,"href":"https:\/\/www.diarioimagen.net\/index.php?rest_route=%2Fwp%2Fv2%2Ftags&post=670471"}],"curies":[{"name":"wp","href":"https:\/\/api.w.org\/{rel}","templated":true}]}}