{"id":670506,"date":"2025-06-06T00:00:54","date_gmt":"2025-06-06T06:00:54","guid":{"rendered":"https:\/\/www.diarioimagen.net\/?p=670506"},"modified":"2025-06-05T20:02:22","modified_gmt":"2025-06-06T02:02:22","slug":"plantara-mas-de-450-mil-arboles-en-24-municipios-con-zonas-boscosas","status":"publish","type":"post","link":"https:\/\/www.diarioimagen.net\/?p=670506","title":{"rendered":"Plantar\u00e1 m\u00e1s de 450 mil \u00e1rboles  en 24 municipios con zonas boscosas"},"content":{"rendered":"<ul>\n<li><strong>Alista Edomex reforestaci\u00f3n<\/strong><\/li>\n<li><strong>Se restaurar\u00e1n los \u201cBosques de agua\u201d ubicados en la zona lim\u00edtrofe con la CDMX<\/strong><\/li>\n<\/ul>\n<div id=\"attachment_670507\" style=\"width: 403px\" class=\"wp-caption alignnone\"><img loading=\"lazy\" decoding=\"async\" aria-describedby=\"caption-attachment-670507\" class=\"wp-image-670507 size-large\" src=\"https:\/\/www.diarioimagen.net\/wp-content\/uploads\/2025\/06\/EDOMEX-1-OK-2-393x270.jpg\" alt=\"\" width=\"393\" height=\"270\" srcset=\"https:\/\/www.diarioimagen.net\/wp-content\/uploads\/2025\/06\/EDOMEX-1-OK-2-393x270.jpg 393w, https:\/\/www.diarioimagen.net\/wp-content\/uploads\/2025\/06\/EDOMEX-1-OK-2-240x165.jpg 240w, https:\/\/www.diarioimagen.net\/wp-content\/uploads\/2025\/06\/EDOMEX-1-OK-2-768x528.jpg 768w, https:\/\/www.diarioimagen.net\/wp-content\/uploads\/2025\/06\/EDOMEX-1-OK-2.jpg 1500w\" sizes=\"auto, (max-width: 393px) 100vw, 393px\" \/><p id=\"caption-attachment-670507\" class=\"wp-caption-text\">El Edomex plantar\u00e1 455 mil \u00e1rboles en 24 municipios, lo que permitir\u00e1 la restauraci\u00f3n y protecci\u00f3n de los \u201cBosques de agua\u201d en zonas lim\u00edtrofes con la CDMX, como resultado del Convenio Interestatal de Donaci\u00f3n de Planta, firmado por la SMAyDS y la Corenadr.<\/p><\/div>\n<p>&nbsp;<\/p>\n<p>Ocoyoacac, Estado de M\u00e9xico. &#8211; El Gobierno del Estado de M\u00e9xico plantar\u00e1 455 mil \u00e1rboles en 24 municipios, acci\u00f3n que permitir\u00e1 la restauraci\u00f3n y protecci\u00f3n de los \u201cBosques de agua\u201d en zonas lim\u00edtrofes con la Ciudad de M\u00e9xico, como resultado del Convenio Interestatal de Donaci\u00f3n de Planta, firmado por la Secretar\u00eda del Medio Ambiente y Desarrollo Sostenible (SMAyDS) y la Comisi\u00f3n de Recursos Naturales y Desarrollo Rural (Corenadr).<\/p>\n<p>Este acuerdo establece que ambas entidades llevar\u00e1n a cabo capacitaciones e intercambio tecnol\u00f3gico en temas de manejo, conservaci\u00f3n y restauraci\u00f3n de suelos; creaci\u00f3n de bancos de germoplasma; producci\u00f3n y donaci\u00f3n de planta forestal, frutales y polinizadores; reforestaci\u00f3n; manejo de composta y combate de incendios, entre otros.<\/p>\n<p>La firma de este convenio estuvo encabezada por Alhely Rubio Arronis, Titular de la Secretar\u00eda medioambiental y por Humberto Ad\u00e1n Pe\u00f1a Fuentes, Director General de la Corenadr, acompa\u00f1ados por Nancy Valdez Ruiz, Presidenta Municipal de Ocoyoacac.<\/p>\n<p>Durante el evento, Alhely Rubio Arronis se\u00f1al\u00f3 que hoy se tiene el reto de reforestar y restaurar los bosques que hermanan a ambas entidades, ya que de la misma cuenca hidrol\u00f3gica dependen los bosques que conforman la metr\u00f3poli.<\/p>\n<p>Indic\u00f3 que esta acci\u00f3n llevar\u00e1, en un mediano plazo, hacia una gran urbe verde que sea ejemplo de sostenibilidad; agreg\u00f3 que esta zona de bosques es privilegiada por los beneficios ecosist\u00e9micos; explico que de acuerdo con las diferentes cuencas hidrol\u00f3gicas a restaurar, se estar\u00e1n distribuyendo los vol\u00famenes de plantas.<\/p>\n<p>Por su parte, Humberto Ad\u00e1n Pe\u00f1a Fuentes coment\u00f3 que este convenio es ejemplo de colaboraci\u00f3n metropolitana, y de una alianza fundamental entre ambos gobiernos.<\/p>\n<p>En el marco se realiz\u00f3 una reforestaci\u00f3n en la comunidad de San Pedro Atlapulco, municipio de Ocoyoacac, donde se plantaron 200 plantas de Abies religiosa, con la participaron ni\u00f1as y ni\u00f1os de las dos entidades.<\/p>\n<p>&nbsp;<\/p>\n<p>&nbsp;<\/p>\n","protected":false},"excerpt":{"rendered":"<p>Alista Edomex reforestaci\u00f3n Se restaurar\u00e1n los \u201cBosques de agua\u201d ubicados en la zona lim\u00edtrofe con la CDMX &nbsp; Ocoyoacac, Estado de M\u00e9xico. &#8211; El Gobierno del Estado de M\u00e9xico plantar\u00e1 455 mil \u00e1rboles en 24 municipios, acci\u00f3n que permitir\u00e1 la restauraci\u00f3n y protecci\u00f3n de los \u201cBosques de agua\u201d en zonas lim\u00edtrofes con la Ciudad de [&hellip;]<\/p>\n","protected":false},"author":14,"featured_media":670507,"comment_status":"open","ping_status":"open","sticky":false,"template":"","format":"standard","meta":{"_monsterinsights_skip_tracking":false,"_monsterinsights_sitenote_active":false,"_monsterinsights_sitenote_note":"","_monsterinsights_sitenote_category":0,"footnotes":""},"categories":[5],"tags":[],"class_list":["post-670506","post","type-post","status-publish","format-standard","has-post-thumbnail","hentry","category-estado-de-mexico"],"_links":{"self":[{"href":"https:\/\/www.diarioimagen.net\/index.php?rest_route=\/wp\/v2\/posts\/670506","targetHints":{"allow":["GET"]}}],"collection":[{"href":"https:\/\/www.diarioimagen.net\/index.php?rest_route=\/wp\/v2\/posts"}],"about":[{"href":"https:\/\/www.diarioimagen.net\/index.php?rest_route=\/wp\/v2\/types\/post"}],"author":[{"embeddable":true,"href":"https:\/\/www.diarioimagen.net\/index.php?rest_route=\/wp\/v2\/users\/14"}],"replies":[{"embeddable":true,"href":"https:\/\/www.diarioimagen.net\/index.php?rest_route=%2Fwp%2Fv2%2Fcomments&post=670506"}],"version-history":[{"count":1,"href":"https:\/\/www.diarioimagen.net\/index.php?rest_route=\/wp\/v2\/posts\/670506\/revisions"}],"predecessor-version":[{"id":670508,"href":"https:\/\/www.diarioimagen.net\/index.php?rest_route=\/wp\/v2\/posts\/670506\/revisions\/670508"}],"wp:featuredmedia":[{"embeddable":true,"href":"https:\/\/www.diarioimagen.net\/index.php?rest_route=\/wp\/v2\/media\/670507"}],"wp:attachment":[{"href":"https:\/\/www.diarioimagen.net\/index.php?rest_route=%2Fwp%2Fv2%2Fmedia&parent=670506"}],"wp:term":[{"taxonomy":"category","embeddable":true,"href":"https:\/\/www.diarioimagen.net\/index.php?rest_route=%2Fwp%2Fv2%2Fcategories&post=670506"},{"taxonomy":"post_tag","embeddable":true,"href":"https:\/\/www.diarioimagen.net\/index.php?rest_route=%2Fwp%2Fv2%2Ftags&post=670506"}],"curies":[{"name":"wp","href":"https:\/\/api.w.org\/{rel}","templated":true}]}}