{"id":670509,"date":"2025-06-06T00:00:31","date_gmt":"2025-06-06T06:00:31","guid":{"rendered":"https:\/\/www.diarioimagen.net\/?p=670509"},"modified":"2025-06-05T20:03:41","modified_gmt":"2025-06-06T02:03:41","slug":"impulsan-proyectos-tecnologicos-para-vincular-academia-e-industria","status":"publish","type":"post","link":"https:\/\/www.diarioimagen.net\/?p=670509","title":{"rendered":"Impulsan proyectos tecnol\u00f3gicos para vincular academia e industria"},"content":{"rendered":"<p>&nbsp;<\/p>\n<ul>\n<li><strong>Suman 12 centros de cooperaci\u00f3n en la entidad<\/strong><\/li>\n<\/ul>\n<p><strong>\u00a0<\/strong><\/p>\n<div id=\"attachment_670510\" style=\"width: 422px\" class=\"wp-caption alignnone\"><img loading=\"lazy\" decoding=\"async\" aria-describedby=\"caption-attachment-670510\" class=\"wp-image-670510 size-large\" src=\"https:\/\/www.diarioimagen.net\/wp-content\/uploads\/2025\/06\/EDOMEX-2-OK-3-412x270.jpg\" alt=\"\" width=\"412\" height=\"270\" srcset=\"https:\/\/www.diarioimagen.net\/wp-content\/uploads\/2025\/06\/EDOMEX-2-OK-3-412x270.jpg 412w, https:\/\/www.diarioimagen.net\/wp-content\/uploads\/2025\/06\/EDOMEX-2-OK-3-240x157.jpg 240w, https:\/\/www.diarioimagen.net\/wp-content\/uploads\/2025\/06\/EDOMEX-2-OK-3-768x504.jpg 768w, https:\/\/www.diarioimagen.net\/wp-content\/uploads\/2025\/06\/EDOMEX-2-OK-3.jpg 1500w\" sizes=\"auto, (max-width: 412px) 100vw, 412px\" \/><p id=\"caption-attachment-670510\" class=\"wp-caption-text\">El gobierno del Estado de M\u00e9xico inaugur\u00f3 el Centro de Cooperaci\u00f3n Academia-Industria en el Tecnol\u00f3gico de Estudios Superiores de San Felipe del Progreso para generar proyectos de investigaci\u00f3n aplicada, desarrollo tecnol\u00f3gico e innovaci\u00f3n.<\/p><\/div>\n<p>San Felipe del Progreso, Estado de M\u00e9xico.- Con el objetivo de fortalecer la colaboraci\u00f3n entre instituciones de educaci\u00f3n superior y el sector de la construcci\u00f3n, tanto p\u00fablico como privado, el Gobierno del Estado de M\u00e9xico inaugur\u00f3 el Centro de Cooperaci\u00f3n Academia-Industria (CCAI) en el Tecnol\u00f3gico de Estudios Superiores de San Felipe del Progreso (TESSFP), para generar proyectos de investigaci\u00f3n aplicada, desarrollo tecnol\u00f3gico e innovaci\u00f3n.<\/p>\n<p>Durante el evento, Miguel \u00c1ngel Hern\u00e1ndez Espejel, Titular de la Secretar\u00eda de Educaci\u00f3n, Ciencia, Tecnolog\u00eda e Innovaci\u00f3n (SECTI), destac\u00f3 que el Centro dar\u00e1 servicios como topograf\u00eda, ensayos de resistencia de materiales y estudios para carreteras, lo que permitir\u00e1 atender las necesidades de peque\u00f1as y medianas industrias.<\/p>\n<p>Subray\u00f3 que en estos proyectos participar\u00e1n estudiantes y docentes del TESSFP, quienes contar\u00e1n con laboratorios y equipos especializados para realizar diagn\u00f3sticos sobre materiales y estructuras. Adem\u00e1s, reafirm\u00f3 el compromiso de la Maestra Delfina G\u00f3mez \u00c1lvarez con el impulso a la educaci\u00f3n superior como eje del desarrollo comunitario.<\/p>\n<p>El CCAI es resultado de la colaboraci\u00f3n entre el Gobierno del Estado de M\u00e9xico y el Consejo Mexiquense de Ciencia y Tecnolog\u00eda (Comecyt), que destin\u00f3 4.9 millones de pesos para su equipamiento con herramientas como un perfil\u00f3grafo y un medidor ultras\u00f3nico.<\/p>\n<p>Con esta inauguraci\u00f3n, suman ya 12 los Centros de Cooperaci\u00f3n Academia-Industria creados en la entidad mexiquense: cuatro en Universidades Tecnol\u00f3gicas y ocho en Tecnol\u00f3gicos de Estudios Superiores estatales.<\/p>\n<p>La creaci\u00f3n de estos centros forma parte del compromiso del Estado de M\u00e9xico con la Agenda 2030 de la ONU, enfocada en promover el desarrollo sostenible a favor de las personas, el planeta y la prosperidad.<\/p>\n<p>&nbsp;<\/p>\n<p><strong>\u00a0<\/strong><\/p>\n","protected":false},"excerpt":{"rendered":"<p>&nbsp; Suman 12 centros de cooperaci\u00f3n en la entidad \u00a0 San Felipe del Progreso, Estado de M\u00e9xico.- Con el objetivo de fortalecer la colaboraci\u00f3n entre instituciones de educaci\u00f3n superior y el sector de la construcci\u00f3n, tanto p\u00fablico como privado, el Gobierno del Estado de M\u00e9xico inaugur\u00f3 el Centro de Cooperaci\u00f3n Academia-Industria (CCAI) en el Tecnol\u00f3gico [&hellip;]<\/p>\n","protected":false},"author":14,"featured_media":670510,"comment_status":"open","ping_status":"open","sticky":false,"template":"","format":"standard","meta":{"_monsterinsights_skip_tracking":false,"_monsterinsights_sitenote_active":false,"_monsterinsights_sitenote_note":"","_monsterinsights_sitenote_category":0,"footnotes":""},"categories":[16,5],"tags":[],"class_list":["post-670509","post","type-post","status-publish","format-standard","has-post-thumbnail","hentry","category-destacadas","category-estado-de-mexico"],"_links":{"self":[{"href":"https:\/\/www.diarioimagen.net\/index.php?rest_route=\/wp\/v2\/posts\/670509","targetHints":{"allow":["GET"]}}],"collection":[{"href":"https:\/\/www.diarioimagen.net\/index.php?rest_route=\/wp\/v2\/posts"}],"about":[{"href":"https:\/\/www.diarioimagen.net\/index.php?rest_route=\/wp\/v2\/types\/post"}],"author":[{"embeddable":true,"href":"https:\/\/www.diarioimagen.net\/index.php?rest_route=\/wp\/v2\/users\/14"}],"replies":[{"embeddable":true,"href":"https:\/\/www.diarioimagen.net\/index.php?rest_route=%2Fwp%2Fv2%2Fcomments&post=670509"}],"version-history":[{"count":1,"href":"https:\/\/www.diarioimagen.net\/index.php?rest_route=\/wp\/v2\/posts\/670509\/revisions"}],"predecessor-version":[{"id":670511,"href":"https:\/\/www.diarioimagen.net\/index.php?rest_route=\/wp\/v2\/posts\/670509\/revisions\/670511"}],"wp:featuredmedia":[{"embeddable":true,"href":"https:\/\/www.diarioimagen.net\/index.php?rest_route=\/wp\/v2\/media\/670510"}],"wp:attachment":[{"href":"https:\/\/www.diarioimagen.net\/index.php?rest_route=%2Fwp%2Fv2%2Fmedia&parent=670509"}],"wp:term":[{"taxonomy":"category","embeddable":true,"href":"https:\/\/www.diarioimagen.net\/index.php?rest_route=%2Fwp%2Fv2%2Fcategories&post=670509"},{"taxonomy":"post_tag","embeddable":true,"href":"https:\/\/www.diarioimagen.net\/index.php?rest_route=%2Fwp%2Fv2%2Ftags&post=670509"}],"curies":[{"name":"wp","href":"https:\/\/api.w.org\/{rel}","templated":true}]}}