{"id":670528,"date":"2025-06-06T00:00:36","date_gmt":"2025-06-06T06:00:36","guid":{"rendered":"https:\/\/www.diarioimagen.net\/?p=670528"},"modified":"2025-06-05T20:17:48","modified_gmt":"2025-06-06T02:17:48","slug":"adhara-maite-perez-sanchez-nina-genio-mexicana-que-suena-con-llegar-a-la-nasa","status":"publish","type":"post","link":"https:\/\/www.diarioimagen.net\/?p=670528","title":{"rendered":"Adhara Maite P\u00e9rez S\u00e1nchez, ni\u00f1a genio mexicana que sue\u00f1a con llegar a la NASA"},"content":{"rendered":"<p>&nbsp;<\/p>\n<p>&nbsp;<\/p>\n<p><strong>\u00a0<\/strong><\/p>\n<ul>\n<li><strong>Tiene un coeficiente intelectual de 162, dos puntos por encima del estimado de Einstein y Hawking<\/strong><\/li>\n<\/ul>\n<div id=\"attachment_670529\" style=\"width: 219px\" class=\"wp-caption alignnone\"><img loading=\"lazy\" decoding=\"async\" aria-describedby=\"caption-attachment-670529\" class=\"wp-image-670529 size-large\" src=\"https:\/\/www.diarioimagen.net\/wp-content\/uploads\/2025\/06\/NINA-GENIO-2-OK-209x270.jpg\" alt=\"\" width=\"209\" height=\"270\" \/><p id=\"caption-attachment-670529\" class=\"wp-caption-text\">Adhara Maite P\u00e9rez S\u00e1nchez es una de las mentes m\u00e1s prometedoras del pa\u00eds con un coeficiente intelectual de 162, dos puntos por encima del estimado de Albert Einstein y Stephen Hawking.<\/p><\/div>\n<p>Luego de conquistar el t\u00edtulo de la persona m\u00e1s joven en tener una maestr\u00eda en M\u00e9xico, Adhara Maite P\u00e9rez S\u00e1nchez, de tan s\u00f3lo 13 a\u00f1os, planea llegar a la NASA y convertirse en la primera astronauta mexicana en pisar la Luna y Marte.<\/p>\n<p>A los tres a\u00f1os, Adhara Maite fue diagnosticada con el s\u00edndrome de Asperger. A partir de ese momento, su vida tom\u00f3 un rumbo distinto, no s\u00f3lo por su capacidad intelectual fuera de lo com\u00fan, sino por las etiquetas que otros le impusieron.<\/p>\n<p>En la escuela, sus compa\u00f1eros la llamaban \u201crara\u201d. Sus maestras pensaban que no ten\u00eda futuro. Pero lejos de detenerse, Adhara Maite avanz\u00f3 a pasos que pocos imaginaron posibles.<\/p>\n<p>Aunque por momentos crey\u00f3 que nunca lo lograr\u00eda, el talento y perseverancia de la a\u00fan adolescente han roto muchas barreras. La ciencia, la ingenier\u00eda y el espacio ya no son horizontes lejanos, sino posibilidades reales.<\/p>\n<p>A pesar de la falta de inclusi\u00f3n, su madre, que es licenciada en Psicolog\u00eda, jam\u00e1s dej\u00f3 de creer en ella. Por recomendaci\u00f3n de una psiquiatra la llev\u00f3 al Centro de Atenci\u00f3n al Talento (CEDAT), y all\u00ed los expertos confirmaron que era superdotada: obtuvo una puntuaci\u00f3n de 162 IQ. Con 130 ya se considera a una persona superdotada. A partir de entonces, todo cambi\u00f3.<\/p>\n<p>A los cinco a\u00f1os complet\u00f3 la educaci\u00f3n primaria, a los seis la secundaria y a los siete el nivel medio superior. A los 11 a\u00f1os obtuvo una maestr\u00eda en Ingenier\u00eda Industrial con especialidad en Matem\u00e1ticas por el Instituto Polit\u00e9cnico Nacional (IPN), convirti\u00e9ndose en la persona m\u00e1s joven en alcanzar ese grado en M\u00e9xico. Tambi\u00e9n curs\u00f3 dos licenciaturas: Ingenier\u00eda en Sistemas e Ingenier\u00eda en Matem\u00e1ticas.<\/p>\n<p>Actualmente, tiene como objetivo estudiar Astrof\u00edsica en la Universidad de Arizona, con miras a convertirse en astronauta y participar en misiones espaciales a la Luna y Marte. No obstante, enfrenta obst\u00e1culos econ\u00f3micos y migratorios para concretar ese proyecto.<\/p>\n<p>Adhara es una de las mentes m\u00e1s prometedoras del pa\u00eds. La Universidad Nacional Aut\u00f3noma de M\u00e9xico (UNAM) y la Administraci\u00f3n Nacional de Aeron\u00e1utica y el Espacio (Nasa) siguen de cerca su trayectoria.<\/p>\n<p>&nbsp;<\/p>\n<p><strong>La ni\u00f1a \u201crara\u201d superdotada<\/strong><\/p>\n<p>&nbsp;<\/p>\n<p>La historia de Adhara se podr\u00eda resumir en que es una ni\u00f1a \u201cgenio\u201d con un coeficiente intelectual de 162 IQ que supera incluso al del cient\u00edfico Albert Einstein. Sin embargo, su historia es extensa pese a su corta edad. La peque\u00f1a naci\u00f3 con condici\u00f3n de autismo, que le diagnosticaron hasta los 3 a\u00f1os. Hoy, a los 12, se destaca en todo lo que emprende.<\/p>\n<p>Adhara P\u00e9rez S\u00e1nchez, de la Ciudad de M\u00e9xico, creci\u00f3 en el barrio de bajos recursos de Tl\u00e1huac y a menudo la intimidaban en la escuela por ser autista.<\/p>\n<p>Le diagnosticaron autismo a los tres a\u00f1os despu\u00e9s de que su habla retrocediera significativamente. La encontraron meci\u00e9ndose en su silla alta y empez\u00f3 a gatear muy r\u00e1pido.<\/p>\n<p>Despu\u00e9s de soportar a\u00f1os de maestros ap\u00e1ticos y el acoso de sus compa\u00f1eros de clase, lo que la llev\u00f3 a cambiar de escuela tres veces, Adhara comenz\u00f3 a aislarse<\/p>\n<p>\u00a1Los profesores no fueron muy emp\u00e1ticos, me dijeron que me gustar\u00eda que terminara una tarea\u201d, dijo su madre, Nayeli S\u00e1nchez.<\/p>\n<p>Para ayudar con la depresi\u00f3n de su hija, la inscribi\u00f3 en terapia y pronto le aconsejaron que la enviara al Centro de Atenci\u00f3n al Talento (CEDAT), una escuela para ni\u00f1os superdotados. Aqu\u00ed, se confirm\u00f3 que su coeficiente intelectual era un alucinante 162, m\u00e1s alto que el de Albert Einstein y su musa Stephen Hawking, quienes ten\u00edan un coeficiente intelectual de 160 IQ.<\/p>\n<p>Conoci\u00f3 a Hawking por primera vez cuando visit\u00f3 a uno de sus m\u00e9dicos, que ten\u00eda una oficina llena de obras de arte que mostraban al cient\u00edfico, famoso por su descubrimiento de que los agujeros negros emiten radiaci\u00f3n.<\/p>\n<p>\u201cEra muy inteligente, se manifestaba con la mente y a trav\u00e9s de la computadora\u201d, le dijo su m\u00e9dico, seg\u00fan Marie Claire M\u00e9xico, y as\u00ed naci\u00f3 su fascinaci\u00f3n por el f\u00edsico brit\u00e1nico y la exploraci\u00f3n espacial.<\/p>\n<p>&nbsp;<\/p>\n<p><strong>C\u00f3mo se mide el coeficiente intelectual<\/strong><\/p>\n<p>&nbsp;<\/p>\n<p>El coeficiente intelectual o cociente intelectual, es una cifra con la que se mide la inteligencia de cada persona. Para conocer esta cifra se realizan unas pruebas en las que se mide, por una parte, la edad mental y por otra, la edad cronol\u00f3gica, y a partir de estos datos se calcula el coeficiente intelectual (CI o IQ).<\/p>\n<p>Para medir el cociente intelectual se suelen plantear una serie de pruebas en las que se incluyen problemas de todo tipo: de lenguaje, espaciales, matem\u00e1ticos, l\u00f3gicos, etc. Los resultados obtenidos se valoran con respecto a los resultados obtenidos en una determinada poblaci\u00f3n, teniendo en cuenta su edad cronol\u00f3gica y las limitaciones madurativas de esta.<\/p>\n<p>El cociente intelectual es s\u00f3lo un n\u00famero que sirve para comparar el resultado que se obtuvo con la media de una poblaci\u00f3n de una determinada edad. De esta forma, se puede determinar si el coeficiente intelectual est\u00e1 en unos valores que consideramos est\u00e1ndar, si destacamos (y si es as\u00ed, en qu\u00e9 medida) o si, por el contrario, si cuesta un poco m\u00e1s que al resto de personas de la misma edad.<\/p>\n<p>&nbsp;<\/p>\n<p>&nbsp;<\/p>\n","protected":false},"excerpt":{"rendered":"<p>&nbsp; &nbsp; \u00a0 Tiene un coeficiente intelectual de 162, dos puntos por encima del estimado de Einstein y Hawking Luego de conquistar el t\u00edtulo de la persona m\u00e1s joven en tener una maestr\u00eda en M\u00e9xico, Adhara Maite P\u00e9rez S\u00e1nchez, de tan s\u00f3lo 13 a\u00f1os, planea llegar a la NASA y convertirse en la primera astronauta [&hellip;]<\/p>\n","protected":false},"author":14,"featured_media":670529,"comment_status":"open","ping_status":"open","sticky":false,"template":"","format":"standard","meta":{"_monsterinsights_skip_tracking":false,"_monsterinsights_sitenote_active":false,"_monsterinsights_sitenote_note":"","_monsterinsights_sitenote_category":0,"footnotes":""},"categories":[16,3],"tags":[],"class_list":["post-670528","post","type-post","status-publish","format-standard","has-post-thumbnail","hentry","category-destacadas","category-nacional"],"_links":{"self":[{"href":"https:\/\/www.diarioimagen.net\/index.php?rest_route=\/wp\/v2\/posts\/670528","targetHints":{"allow":["GET"]}}],"collection":[{"href":"https:\/\/www.diarioimagen.net\/index.php?rest_route=\/wp\/v2\/posts"}],"about":[{"href":"https:\/\/www.diarioimagen.net\/index.php?rest_route=\/wp\/v2\/types\/post"}],"author":[{"embeddable":true,"href":"https:\/\/www.diarioimagen.net\/index.php?rest_route=\/wp\/v2\/users\/14"}],"replies":[{"embeddable":true,"href":"https:\/\/www.diarioimagen.net\/index.php?rest_route=%2Fwp%2Fv2%2Fcomments&post=670528"}],"version-history":[{"count":1,"href":"https:\/\/www.diarioimagen.net\/index.php?rest_route=\/wp\/v2\/posts\/670528\/revisions"}],"predecessor-version":[{"id":670530,"href":"https:\/\/www.diarioimagen.net\/index.php?rest_route=\/wp\/v2\/posts\/670528\/revisions\/670530"}],"wp:featuredmedia":[{"embeddable":true,"href":"https:\/\/www.diarioimagen.net\/index.php?rest_route=\/wp\/v2\/media\/670529"}],"wp:attachment":[{"href":"https:\/\/www.diarioimagen.net\/index.php?rest_route=%2Fwp%2Fv2%2Fmedia&parent=670528"}],"wp:term":[{"taxonomy":"category","embeddable":true,"href":"https:\/\/www.diarioimagen.net\/index.php?rest_route=%2Fwp%2Fv2%2Fcategories&post=670528"},{"taxonomy":"post_tag","embeddable":true,"href":"https:\/\/www.diarioimagen.net\/index.php?rest_route=%2Fwp%2Fv2%2Ftags&post=670528"}],"curies":[{"name":"wp","href":"https:\/\/api.w.org\/{rel}","templated":true}]}}