{"id":670548,"date":"2025-06-06T00:00:07","date_gmt":"2025-06-06T06:00:07","guid":{"rendered":"https:\/\/www.diarioimagen.net\/?p=670548"},"modified":"2025-06-05T20:31:18","modified_gmt":"2025-06-06T02:31:18","slug":"trio-son-de-oro-la-esencia-de-cuba-en-su-maxima-expresion","status":"publish","type":"post","link":"https:\/\/www.diarioimagen.net\/?p=670548","title":{"rendered":"Tr\u00edo Son de Oro: La esencia de Cuba en su m\u00e1xima expresi\u00f3n"},"content":{"rendered":"<ul>\n<li><strong>Con m\u00e1s de tres d\u00e9cadas de trayectoria <\/strong><\/li>\n<li><strong>Han llevado su talento a Francia, Portugal, Jap\u00f3n, entre otros pa\u00edses <\/strong><\/li>\n<\/ul>\n<div id=\"attachment_670549\" style=\"width: 370px\" class=\"wp-caption alignnone\"><img loading=\"lazy\" decoding=\"async\" aria-describedby=\"caption-attachment-670549\" class=\"wp-image-670549 size-large\" src=\"https:\/\/www.diarioimagen.net\/wp-content\/uploads\/2025\/06\/TRIO01-360x270.jpeg\" alt=\"\" width=\"360\" height=\"270\" srcset=\"https:\/\/www.diarioimagen.net\/wp-content\/uploads\/2025\/06\/TRIO01-360x270.jpeg 360w, https:\/\/www.diarioimagen.net\/wp-content\/uploads\/2025\/06\/TRIO01-240x180.jpeg 240w, https:\/\/www.diarioimagen.net\/wp-content\/uploads\/2025\/06\/TRIO01-768x576.jpeg 768w, https:\/\/www.diarioimagen.net\/wp-content\/uploads\/2025\/06\/TRIO01.jpeg 1280w\" sizes=\"auto, (max-width: 360px) 100vw, 360px\" \/><p id=\"caption-attachment-670549\" class=\"wp-caption-text\">El tr\u00edo Son cubano se fund\u00f3 en diciembre de 1992 en La Habana, Cuba, en un formato t\u00edpico.<\/p><\/div>\n<p>La m\u00fasica cubana es un tesoro cultural que ha trascendido fronteras, y el Tr\u00edo Son de Oro representa una de las agrupaciones que mantienen viva la tradici\u00f3n sonora de la isla. Con un estilo que fusiona la riqueza r\u00edtmica de su pa\u00eds con armon\u00edas vocales envolventes, este grupo ha conquistado escenarios y corazones con su autenticidad y pasi\u00f3n por la m\u00fasica.<\/p>\n<p>&nbsp;<\/p>\n<p>El tr\u00edo Son cubano, nacido en diciembre de 1992 en La Habana, Cuba, en un formato t\u00edpico con xil\u00f3fono, set de percusi\u00f3n y bajo, ha sido el alma de la m\u00fasica popular, preservando esta esencia e incorporando arreglos modernos sin perder la identidad sonora que caracteriza al g\u00e9nero. Est\u00e1 conformado por Pedro Luis Oropesa, xil\u00f3fono y coros; Jos\u00e9 de los Reyes L\u00f3pez Casanova, bajo y voz l\u00edder; y Hanoi Oropesa en percusiones y coros.<\/p>\n<p>&nbsp;<\/p>\n<p>Su presencia en la escena musical cubana ha sido notable, especialmente en eventos y festivales dedicados a la m\u00fasica tradicional. En entrevista, Hanoi coment\u00f3: \u00abNuestro bajista es el cantante l\u00edder; el xilofonista y yo hacemos coros, combinamos temas cantados y tenemos un repertorio bien amplio de temas instrumentales. Abarcamos lo m\u00e1s importante de la m\u00fasica cubana tradicional e internacional; asimismo, hemos versionado temas en ingl\u00e9s, franc\u00e9s, italiano y portugu\u00e9s\u00bb.<\/p>\n<p>&nbsp;<\/p>\n<p>As\u00ed, el repertorio del Tr\u00edo Son de Oro abarca desde cl\u00e1sicos del son montuno hasta composiciones originales que reflejan la vida cotidiana y la historia de Cuba. Sus interpretaciones destacan por el uso de elementos con un sonido vibrante que invita al baile y la celebraci\u00f3n. La combinaci\u00f3n de voces armonizadas y letras cargadas de sentimiento ha sido clave en su \u00e9xito. \u00abTenemos son, guaracha, chachach\u00e1, danz\u00f3n, mambo, bolero habanera y con eso tuvimos el orgullo de formar parte del show del Cabaret Tropicana, con el que dimos nuestra primera gira internacional; nos presentamos en Marbella, Espa\u00f1a, en el Hotel Andaluc\u00eda Plaza\u00bb.<\/p>\n<p>&nbsp;<\/p>\n<p>Posteriormente, la agrupaci\u00f3n dio presentaciones en un crucero italiano por el Mediterr\u00e1neo, pasando por Espa\u00f1a, Italia, Grecia, Turqu\u00eda, Israel, y m\u00e1s recientemente llegaron a M\u00e9xico para trabajar en el Hotel El Mes\u00f3n del \u00c1ngel en Puebla. Del mismo modo, se presentaron en Canad\u00e1, ofreciendo una gira tanto en la parte inglesa como en la francesa; en este caso, acompa\u00f1ados por una cantante cubana llamada Emilia Morales, con quien visitaron Ottawa, Quebec, Montreal.<\/p>\n<p>&nbsp;<\/p>\n<p>El paso del Tr\u00edo Son de Oro no se detuvo ah\u00ed, pues al a\u00f1o siguiente se establecieron en Francia, y despu\u00e9s en Belice, trabajando en la terminal de cruceros de aquel pa\u00eds y en los hoteles Princess, Hyatt y Radisson. Cabe destacar que tambi\u00e9n representaron a Cuba en el festival CariFest en Surinam, capital Paramaribo, y finalmente fueron a Jap\u00f3n para tocar en Hasta Cuba Club de la ciudad de Fukuoka.<\/p>\n<p>&nbsp;<\/p>\n<p>La gran recepci\u00f3n del p\u00fablico los ha llevado a crear una franquicia de La Bodeguita en Kiev, Ucrania, donde trabajaron durante 11 meses. Con la sociedad cultural Jos\u00e9 Mart\u00ed se presentaron en Portugal, y la \u00faltima gira internacional fue en octubre de 2023 en Islas Margarita.<\/p>\n<blockquote><p>&nbsp;<\/p><\/blockquote>\n<p>En un contexto donde la m\u00fasica urbana y los nuevos g\u00e9neros dominan la industria, agrupaciones como el Tr\u00edo Son de Oro juegan un papel fundamental en la preservaci\u00f3n de la identidad musical cubana. Su trabajo no solo mantiene vivo el son, sino que tambi\u00e9n inspira a nuevas generaciones de m\u00fasicos a explorar y valorar sus ra\u00edces.<\/p>\n<blockquote><p>&nbsp;<\/p>\n<p><strong>En un contexto donde la m\u00fasica urbana y los nuevos g\u00e9neros dominan la industria, agrupaciones como el Tr\u00edo Son de Oro juegan un papel fundamental en la preservaci\u00f3n de la identidad musical cubana.<\/strong><\/p><\/blockquote>\n<p><strong>\u00a0<\/strong><\/p>\n<p>&nbsp;<\/p>\n","protected":false},"excerpt":{"rendered":"<p>Con m\u00e1s de tres d\u00e9cadas de trayectoria Han llevado su talento a Francia, Portugal, Jap\u00f3n, entre otros pa\u00edses La m\u00fasica cubana es un tesoro cultural que ha trascendido fronteras, y el Tr\u00edo Son de Oro representa una de las agrupaciones que mantienen viva la tradici\u00f3n sonora de la isla. Con un estilo que fusiona la [&hellip;]<\/p>\n","protected":false},"author":14,"featured_media":670549,"comment_status":"open","ping_status":"open","sticky":false,"template":"","format":"standard","meta":{"_monsterinsights_skip_tracking":false,"_monsterinsights_sitenote_active":false,"_monsterinsights_sitenote_note":"","_monsterinsights_sitenote_category":0,"footnotes":""},"categories":[16,12],"tags":[],"class_list":["post-670548","post","type-post","status-publish","format-standard","has-post-thumbnail","hentry","category-destacadas","category-espectaculos"],"_links":{"self":[{"href":"https:\/\/www.diarioimagen.net\/index.php?rest_route=\/wp\/v2\/posts\/670548","targetHints":{"allow":["GET"]}}],"collection":[{"href":"https:\/\/www.diarioimagen.net\/index.php?rest_route=\/wp\/v2\/posts"}],"about":[{"href":"https:\/\/www.diarioimagen.net\/index.php?rest_route=\/wp\/v2\/types\/post"}],"author":[{"embeddable":true,"href":"https:\/\/www.diarioimagen.net\/index.php?rest_route=\/wp\/v2\/users\/14"}],"replies":[{"embeddable":true,"href":"https:\/\/www.diarioimagen.net\/index.php?rest_route=%2Fwp%2Fv2%2Fcomments&post=670548"}],"version-history":[{"count":1,"href":"https:\/\/www.diarioimagen.net\/index.php?rest_route=\/wp\/v2\/posts\/670548\/revisions"}],"predecessor-version":[{"id":670550,"href":"https:\/\/www.diarioimagen.net\/index.php?rest_route=\/wp\/v2\/posts\/670548\/revisions\/670550"}],"wp:featuredmedia":[{"embeddable":true,"href":"https:\/\/www.diarioimagen.net\/index.php?rest_route=\/wp\/v2\/media\/670549"}],"wp:attachment":[{"href":"https:\/\/www.diarioimagen.net\/index.php?rest_route=%2Fwp%2Fv2%2Fmedia&parent=670548"}],"wp:term":[{"taxonomy":"category","embeddable":true,"href":"https:\/\/www.diarioimagen.net\/index.php?rest_route=%2Fwp%2Fv2%2Fcategories&post=670548"},{"taxonomy":"post_tag","embeddable":true,"href":"https:\/\/www.diarioimagen.net\/index.php?rest_route=%2Fwp%2Fv2%2Ftags&post=670548"}],"curies":[{"name":"wp","href":"https:\/\/api.w.org\/{rel}","templated":true}]}}