{"id":670557,"date":"2025-06-06T00:00:36","date_gmt":"2025-06-06T06:00:36","guid":{"rendered":"https:\/\/www.diarioimagen.net\/?p=670557"},"modified":"2025-06-05T20:35:39","modified_gmt":"2025-06-06T02:35:39","slug":"participo-centro-universitario-uaem-tenancingo-en-festival-cultural-de-las-flores-2025","status":"publish","type":"post","link":"https:\/\/www.diarioimagen.net\/?p=670557","title":{"rendered":"Particip\u00f3 Centro Universitario UAEM Tenancingo en Festival Cultural de las Flores 2025"},"content":{"rendered":"<p>&nbsp;<\/p>\n<div id=\"attachment_670558\" style=\"width: 384px\" class=\"wp-caption alignnone\"><img loading=\"lazy\" decoding=\"async\" aria-describedby=\"caption-attachment-670558\" class=\"wp-image-670558 size-large\" src=\"https:\/\/www.diarioimagen.net\/wp-content\/uploads\/2025\/06\/UAEM2-374x270.jpg\" alt=\"\" width=\"374\" height=\"270\" srcset=\"https:\/\/www.diarioimagen.net\/wp-content\/uploads\/2025\/06\/UAEM2-374x270.jpg 374w, https:\/\/www.diarioimagen.net\/wp-content\/uploads\/2025\/06\/UAEM2-240x173.jpg 240w, https:\/\/www.diarioimagen.net\/wp-content\/uploads\/2025\/06\/UAEM2-768x555.jpg 768w, https:\/\/www.diarioimagen.net\/wp-content\/uploads\/2025\/06\/UAEM2-90x65.jpg 90w, https:\/\/www.diarioimagen.net\/wp-content\/uploads\/2025\/06\/UAEM2.jpg 1333w\" sizes=\"auto, (max-width: 374px) 100vw, 374px\" \/><p id=\"caption-attachment-670558\" class=\"wp-caption-text\">Profesores e investigadores del Centro Universitario Tenancingo de la UAEM\u00e9x dictaron conferencias sobre tigridias, orqu\u00eddeas y rosas, en el marco de la actividad realizada por las autoridades municipales<\/p><\/div>\n<p><strong>\u00a0<\/strong><\/p>\n<p>&nbsp;<\/p>\n<p>Tenancingo, M\u00e9x.- En el marco del Primer Festival Cultural de las Flores 2025, que del 29 al 31 de mayo, se llev\u00f3 a cabo en el municipio de Tenancingo, profesores e investigadores del Centro Universitario Tenancingo de la Universidad Aut\u00f3noma del Estado de M\u00e9xico (UAEM\u00e9x) dictaron conferencias sobre tigridias, orqu\u00eddeas y rosas.<\/p>\n<p>En el Auditorio Municipal \u201cMtro. Petronilo Monroy\u201d, la acad\u00e9mica Vladimira Palma Linares dict\u00f3 la Conferencia \u201cUn recorrido de colores en las ocelox\u00f3chitl\u201d, en la que habl\u00f3 de las tigridias o \u201cflores de ocelote\u201d, a las cuales el Centro Universitario UAEM Tenancingo dedica anualmente un festival.<\/p>\n<p>En el mismo lugar, el acad\u00e9mico Juan Carlos Reyes Alem\u00e1n dict\u00f3 la Conferencia \u201cDescripci\u00f3n varietal de derechos de obtentor en rosa\u201d, es decir, sobre este tipo de propiedad intelectual que protege a los creadores de nuevas variedades vegetales.<\/p>\n<p>De igual manera, Mar\u00eda Ascensi\u00f3n Aguilar Morales dict\u00f3 la Conferencia \u201cOrqu\u00eddeas, m\u00e1s que flores hermosas, un tesoro natural\u201d, en la que habl\u00f3 del Orquidario del Centro Universitario UAEM Tenancingo, que resguarda 305 ejemplares de 53 especies de orqu\u00eddeas silvestres de diversas entidades del pa\u00eds.<\/p>\n<p>Cabe destacar que en el marco de esta \u00faltima conferencia, se llev\u00f3 a cabo una exposici\u00f3n fotogr\u00e1fica y se realizaron recorridos por el Orquidario del Centro Universitario UAEM Tenancingo, en el que los visitantes pudieron conocer las \u00e1reas de recepci\u00f3n y exhibici\u00f3n.<\/p>\n<p>&nbsp;<\/p>\n<p>&nbsp;<\/p>\n<p>&nbsp;<\/p>\n<p>&nbsp;<\/p>\n","protected":false},"excerpt":{"rendered":"<p>&nbsp; \u00a0 &nbsp; Tenancingo, M\u00e9x.- En el marco del Primer Festival Cultural de las Flores 2025, que del 29 al 31 de mayo, se llev\u00f3 a cabo en el municipio de Tenancingo, profesores e investigadores del Centro Universitario Tenancingo de la Universidad Aut\u00f3noma del Estado de M\u00e9xico (UAEM\u00e9x) dictaron conferencias sobre tigridias, orqu\u00eddeas y rosas. [&hellip;]<\/p>\n","protected":false},"author":14,"featured_media":670558,"comment_status":"open","ping_status":"open","sticky":false,"template":"","format":"standard","meta":{"_monsterinsights_skip_tracking":false,"_monsterinsights_sitenote_active":false,"_monsterinsights_sitenote_note":"","_monsterinsights_sitenote_category":0,"footnotes":""},"categories":[16,5],"tags":[],"class_list":["post-670557","post","type-post","status-publish","format-standard","has-post-thumbnail","hentry","category-destacadas","category-estado-de-mexico"],"_links":{"self":[{"href":"https:\/\/www.diarioimagen.net\/index.php?rest_route=\/wp\/v2\/posts\/670557","targetHints":{"allow":["GET"]}}],"collection":[{"href":"https:\/\/www.diarioimagen.net\/index.php?rest_route=\/wp\/v2\/posts"}],"about":[{"href":"https:\/\/www.diarioimagen.net\/index.php?rest_route=\/wp\/v2\/types\/post"}],"author":[{"embeddable":true,"href":"https:\/\/www.diarioimagen.net\/index.php?rest_route=\/wp\/v2\/users\/14"}],"replies":[{"embeddable":true,"href":"https:\/\/www.diarioimagen.net\/index.php?rest_route=%2Fwp%2Fv2%2Fcomments&post=670557"}],"version-history":[{"count":1,"href":"https:\/\/www.diarioimagen.net\/index.php?rest_route=\/wp\/v2\/posts\/670557\/revisions"}],"predecessor-version":[{"id":670559,"href":"https:\/\/www.diarioimagen.net\/index.php?rest_route=\/wp\/v2\/posts\/670557\/revisions\/670559"}],"wp:featuredmedia":[{"embeddable":true,"href":"https:\/\/www.diarioimagen.net\/index.php?rest_route=\/wp\/v2\/media\/670558"}],"wp:attachment":[{"href":"https:\/\/www.diarioimagen.net\/index.php?rest_route=%2Fwp%2Fv2%2Fmedia&parent=670557"}],"wp:term":[{"taxonomy":"category","embeddable":true,"href":"https:\/\/www.diarioimagen.net\/index.php?rest_route=%2Fwp%2Fv2%2Fcategories&post=670557"},{"taxonomy":"post_tag","embeddable":true,"href":"https:\/\/www.diarioimagen.net\/index.php?rest_route=%2Fwp%2Fv2%2Ftags&post=670557"}],"curies":[{"name":"wp","href":"https:\/\/api.w.org\/{rel}","templated":true}]}}