{"id":670560,"date":"2025-06-06T00:00:50","date_gmt":"2025-06-06T06:00:50","guid":{"rendered":"https:\/\/www.diarioimagen.net\/?p=670560"},"modified":"2025-06-05T20:36:23","modified_gmt":"2025-06-06T02:36:23","slug":"escandaloso-rompimiento-trump-musk","status":"publish","type":"post","link":"https:\/\/www.diarioimagen.net\/?p=670560","title":{"rendered":"Escandaloso rompimiento Trump-Musk\u00a0"},"content":{"rendered":"<p>&nbsp;<\/p>\n<p><strong>TRAS LA PUERTA DEL PODER\u00a0 Roberto Vizca\u00edno<\/strong><\/p>\n<p>&nbsp;<\/p>\n<p>&nbsp;<\/p>\n<p>&nbsp;<\/p>\n<p>En su papel de despechado super toxico, el due\u00f1o de Tesla y de la red digital X,\u00a0<strong>Elon Musk,<\/strong>\u00a0acus\u00f3 ayer a su ex amigo, c\u00f3mplice y aliado\u00a0<strong>Donald Trump<\/strong>\u00a0de ser uno de los pederastas del entorno del empresario\u00a0<strong>Jeffrey Epstein<\/strong>.<\/p>\n<p><strong>Musk<\/strong>\u00a0pas\u00f3, en apenas una semana, de ser el m\u00e1s cercano al mandatario, de tener derecho de picaporte al Despacho Oval de la Casa Blanca, y de actuar como el temido jefe de la oficina de recortes presupuestales del presidente\u00a0<strong>Trump,<\/strong>\u00a0y que desde ese puesto elimin\u00f3 miles de empleos y partidas multimillonarias, el m\u00e1s importante, el USAID, la Agencia de los Estados Unidos para el Desarrollo Internacional, a convertirse en el m\u00e1s ruidoso de sus enemigos.<\/p>\n<p>\u201c<strong>Es abominable<\/strong>\u2026\u201d, dijo\u00a0<strong>Musk<\/strong>\u00a0hace d\u00edas del programa tributario de\u00a0<strong>Trump<\/strong>, que el mandatario promueve como \u201c<strong><em>la m\u00e1s hermosa ley fiscal<\/em><\/strong>\u201d, paquete que incluye gravar las important\u00edsimas y cuantiosas remesas de migrantes a sus familias en M\u00e9xico.<\/p>\n<p>Una vez que el due\u00f1o de\u00a0<strong>Tesla<\/strong>\u00a0se separ\u00f3 de su disruptivo encargo oficial (que ya comenzaba a ser insostenible por sus encontronazos con los secretarios del Gobierno de\u00a0<strong>Trump<\/strong>), inici\u00f3 r\u00e1pidamente el desencuentro con su amigo.<\/p>\n<p>Su fulminante ruptura con el presidente lo llev\u00f3 a revelar ayer que\u00a0<strong>Trump<\/strong>\u00a0aparece en los expedientes penales que llevaron al magnate financiero\u00a0<strong>Jeffrey Edward Epstein<\/strong>\u00a0a ser encarcelado en 2008 por haber creado una red de explotaci\u00f3n sexual de menores.<\/p>\n<p><strong>Epstein\u00a0<\/strong>falleci\u00f3 el 10 de agosto de 2019 en el Metropolitan Correctional Center, Nueva York, pero ese mismo a\u00f1o fueron presentados m\u00e1s cargos en su contra y es ah\u00ed donde aparece el nombre de\u00a0<strong>Donald Trump<\/strong>, afirma\u00a0<strong>Musk<\/strong>.<\/p>\n<p>La escalada contra su ex amigo, en cuya campa\u00f1a electoral invirti\u00f3 entre 300 y 400 millones de d\u00f3lares, ya entr\u00f3 tambi\u00e9n al terreno pol\u00edtico al indicar que es tiempo de que en EU exista un tercer partido pol\u00edtico que responda a los intereses de los norteamericanos que no creen ni apoyan al Partido Republicano ni al Dem\u00f3crata.<\/p>\n<p>Al se\u00f1alarlo,\u00a0<strong>Musk\u00a0<\/strong>deja abierta la puerta de buscar la creaci\u00f3n de esta nueva fuerza pol\u00edtico-electoral que se nacer\u00eda justamente contra el gobierno republicano de\u00a0<strong>Donald Trump<\/strong>.<\/p>\n<p>Un momento que recuerda c\u00f3mo\u00a0<strong>Andr\u00e9s Manuel L\u00f3pez Obrador<\/strong>\u00a0cre\u00f3, en el periodo de\u00a0<strong>Enrique Pe\u00f1a Nieto,<\/strong>\u00a0su partido de Movimiento de Regeneraci\u00f3n Nacional o Morena para ganar la Presidencia en 2028.<\/p>\n<p>&nbsp;<\/p>\n<p><strong>Aumenta la violencia de la CNTE<\/strong><\/p>\n<p>&nbsp;<\/p>\n<p>Separados de sus compa\u00f1eros de Oaxaca (que se retiraron luego de que recibieron 800 millones de pesos del gobierno de la presidenta\u00a0<strong>Claudia Sheinbaum<\/strong>), las secciones de la CNTE que se mantienen en plant\u00f3n en el Z\u00f3calo de la Ciudad de M\u00e9xico asaltaron ayer la sede del SNTE en el centro hist\u00f3rico, invadieron y causaron destrozos y provocaron un incendio que tuvo que ser combatido por bomberos capitalinos.<\/p>\n<p>Su embate no termin\u00f3 ah\u00ed, pues sus compa\u00f1eros guerrerenses de la CETEG -la fracci\u00f3n m\u00e1s violenta de la CNTE- asaltaron tambi\u00e9n oficinas y eventos en Chilpancingo, Guerrero y en M\u00e9rida, Yucat\u00e1n, con los mismos resultados.<\/p>\n<p>Estos hechos se dan luego de que un d\u00eda antes intentaron tomar el edificio central de la Secretar\u00eda de Gobernaci\u00f3n, donde se realizaba una mesa de negociaciones con los secretarios\u00a0<strong>Rosa Icela Rodr\u00edguez<\/strong>,\u00a0<strong>Mario Delgado<\/strong>\u00a0de la SEP, y el director del ISSSTE, <strong>Mart\u00ed Batres<\/strong>.<\/p>\n<p>La presidenta\u00a0<strong>Claudia Sheinbaum<\/strong>\u00a0consider\u00f3 que estos actos son premeditados en busca de una respuesta gubernamental represiva\u2026 y victimizarse.<\/p>\n<p>La mandataria record\u00f3 que el a\u00f1o pasado, previo a las elecciones presidenciales, la CNTE realiz\u00f3 un plant\u00f3n en el Z\u00f3calo y violent\u00f3 los accesos a Palacio Nacional.<\/p>\n<p>\u201cIncluso cuando fue el cierre de campa\u00f1a nuestro aqu\u00ed en el Z\u00f3calo, pues hab\u00eda una parte del Z\u00f3calo que estaba ocupada por los maestros, previo a ello, si ustedes se acuerdan, hab\u00edan tratado de entrar aqu\u00ed a Palacio, inclusive aventaron, piedras tambi\u00e9n&#8230;<\/p>\n<p>\u201c\u00bfC\u00f3mo es posible que haya una mesa de di\u00e1logo, que ellos hab\u00edan elegido a la comisi\u00f3n que iba entrar a la mesa de di\u00e1logo, con la secretaria de Gobernaci\u00f3n, con el secretario de Educaci\u00f3n P\u00fablica? Y de pronto un grupo de personas, porque eran muy pocas realmente, aventando piedras, queriendo romper la puerta de Gobernaci\u00f3n, un grupo peque\u00f1o, de mucha provocaci\u00f3n.<\/p>\n<p>\u201cEntonces, realmente los maestros que est\u00e1n movilizados, pues deber\u00edan de deslindarse o asumirlo\u201d, dijo.<\/p>\n<p>&nbsp;<\/p>\n<p><strong>\u201cNo derogaremos la ley del ISSSTE\u201d<\/strong><\/p>\n<p>&nbsp;<\/p>\n<p>Y respondi\u00f3 que ella no va a promover la derogaci\u00f3n de la Ley del ISSSTE como lo exigen los paristas de la CNTE.<\/p>\n<p>\u201cEn t\u00e9rminos de la injusticia en las pensiones, una persona que ganaba 16 mil pesos, un maestro, una maestra, y que con el r\u00e9gimen de cuentas individuales se iba a retirar con 4 mil pesos, hoy se va a retirar con 16 mil pesos, entonces pues algo que hemos estado hablando\u2026\u201d, concluy\u00f3.<\/p>\n<p>&nbsp;<\/p>\n<p><strong>Senadores, en camino a Washington<\/strong><\/p>\n<p>&nbsp;<\/p>\n<p>El grupo plural de senadores mexicanos que fue creado a instancias de\u00a0<strong>Ad\u00e1n Augusto L\u00f3pez<\/strong>, presidente de la Junta de Coordinaci\u00f3n Pol\u00edtica del Senado, saldr\u00e1 en los siguientes d\u00edas a Washington en su nuevo intento por atajar en el Congreso norteamericano la nueva ley fiscal de\u00a0<strong>Donald Trump<\/strong>\u00a0que busca gravar las remesas.<\/p>\n<p>Esa delegaci\u00f3n -de la que se retir\u00f3 la senadora del PRI\u00a0<strong>Cristina D\u00edaz<\/strong>&#8211; est\u00e1 formada por:\u00a0<strong>Andrea Ch\u00e1vez, Karina Ruiz, Ignacio Mier y Alejandro Murat,<\/strong>\u00a0de Morena;\u00a0<strong>Mauricio Vila<\/strong>, del PAN;\u00a0<strong>Ruth Gonz\u00e1lez<\/strong>, del PVE y\u00a0<strong>Geovanna Ba\u00f1uelos<\/strong>, de PT.<\/p>\n<p>El grupo sale con agenda avanzada en encuentros con legisladores estadounidenses, organizaciones hispanas y de mexicanos migrantes y con la intenci\u00f3n de un encuentro con el Comit\u00e9 de Finanzas del Senado de Estados Unidos.<\/p>\n<p>&nbsp;<\/p>\n<p><strong>Hay que invertir<\/strong><\/p>\n<p>&nbsp;<\/p>\n<p>El gran consumo interno y externo de lim\u00f3n, hace del \u00e1rbol persa, uno de los m\u00e1s importantes pilares de la econom\u00eda nacional ya, que en 2024 las exportaciones alcanzaron los 822 millones de d\u00f3lares con un incremento del 3.4 frente al de 2023.<\/p>\n<p>A diferencia de otros cultivos, el lim\u00f3n persa tiene 14 cortes anuales y se mantiene en mercado todo el a\u00f1o.<\/p>\n<p>Por ello,\u00a0<strong>Rodrigo Castilla<\/strong>, vicepresidente de Citrus Patrimonial, indic\u00f3 en el foro \u201cL\u00edderes que dejan huella\u201d, destinado a j\u00f3venes emprendedores e inversionistas, que este producto es un modelo de inversi\u00f3n seguro y capaz de generar grandes rendimientos.<\/p>\n<p>En M\u00e9xico, agreg\u00f3, \u201cdesafortunadamente carecemos de una educaci\u00f3n financiera y crecemos desde ni\u00f1os con miedo a invertir y con la idea de que el hacerlo causa muchos riesgos cuando no es as\u00ed\u201d.<\/p>\n<p>&nbsp;<\/p>\n<p>\/ Twitter: @_Vizcaino \/ Facebook<\/p>\n<p>\/\u00a0<a href=\"https:\/\/www.facebook.com\/rvizcainoa\">https:\/\/www.facebook.com\/rvizcainoa<\/a><\/p>\n<p>&nbsp;<\/p>\n","protected":false},"excerpt":{"rendered":"<p>&nbsp; TRAS LA PUERTA DEL PODER\u00a0 Roberto Vizca\u00edno &nbsp; &nbsp; &nbsp; En su papel de despechado super toxico, el due\u00f1o de Tesla y de la red digital X,\u00a0Elon Musk,\u00a0acus\u00f3 ayer a su ex amigo, c\u00f3mplice y aliado\u00a0Donald Trump\u00a0de ser uno de los pederastas del entorno del empresario\u00a0Jeffrey Epstein. Musk\u00a0pas\u00f3, en apenas una semana, de ser [&hellip;]<\/p>\n","protected":false},"author":14,"featured_media":0,"comment_status":"open","ping_status":"open","sticky":false,"template":"","format":"standard","meta":{"_monsterinsights_skip_tracking":false,"_monsterinsights_sitenote_active":false,"_monsterinsights_sitenote_note":"","_monsterinsights_sitenote_category":0,"footnotes":""},"categories":[4,136],"tags":[],"class_list":["post-670560","post","type-post","status-publish","format-standard","hentry","category-opinion","category-roberto-vizcaino-opinion"],"_links":{"self":[{"href":"https:\/\/www.diarioimagen.net\/index.php?rest_route=\/wp\/v2\/posts\/670560","targetHints":{"allow":["GET"]}}],"collection":[{"href":"https:\/\/www.diarioimagen.net\/index.php?rest_route=\/wp\/v2\/posts"}],"about":[{"href":"https:\/\/www.diarioimagen.net\/index.php?rest_route=\/wp\/v2\/types\/post"}],"author":[{"embeddable":true,"href":"https:\/\/www.diarioimagen.net\/index.php?rest_route=\/wp\/v2\/users\/14"}],"replies":[{"embeddable":true,"href":"https:\/\/www.diarioimagen.net\/index.php?rest_route=%2Fwp%2Fv2%2Fcomments&post=670560"}],"version-history":[{"count":1,"href":"https:\/\/www.diarioimagen.net\/index.php?rest_route=\/wp\/v2\/posts\/670560\/revisions"}],"predecessor-version":[{"id":670561,"href":"https:\/\/www.diarioimagen.net\/index.php?rest_route=\/wp\/v2\/posts\/670560\/revisions\/670561"}],"wp:attachment":[{"href":"https:\/\/www.diarioimagen.net\/index.php?rest_route=%2Fwp%2Fv2%2Fmedia&parent=670560"}],"wp:term":[{"taxonomy":"category","embeddable":true,"href":"https:\/\/www.diarioimagen.net\/index.php?rest_route=%2Fwp%2Fv2%2Fcategories&post=670560"},{"taxonomy":"post_tag","embeddable":true,"href":"https:\/\/www.diarioimagen.net\/index.php?rest_route=%2Fwp%2Fv2%2Ftags&post=670560"}],"curies":[{"name":"wp","href":"https:\/\/api.w.org\/{rel}","templated":true}]}}