{"id":670650,"date":"2025-06-09T00:00:03","date_gmt":"2025-06-09T06:00:03","guid":{"rendered":"https:\/\/www.diarioimagen.net\/?p=670650"},"modified":"2025-06-08T19:26:06","modified_gmt":"2025-06-09T01:26:06","slug":"habitantes-de-ecatepec-respaldan-la-gestion-de-la-alcaldesa-azucena-cisneros","status":"publish","type":"post","link":"https:\/\/www.diarioimagen.net\/?p=670650","title":{"rendered":"\u00a0  Habitantes de Ecatepec respaldan la  gesti\u00f3n de la alcaldesa Azucena Cisneros"},"content":{"rendered":"<ul>\n<li><strong>Obras y servicios p\u00fablicos de calidad<\/strong><\/li>\n<\/ul>\n<div id=\"attachment_670651\" style=\"width: 376px\" class=\"wp-caption alignnone\"><img loading=\"lazy\" decoding=\"async\" aria-describedby=\"caption-attachment-670651\" class=\"wp-image-670651 size-large\" src=\"https:\/\/www.diarioimagen.net\/wp-content\/uploads\/2025\/06\/BAENA-3-ok-5-366x270.jpg\" alt=\"\" width=\"366\" height=\"270\" srcset=\"https:\/\/www.diarioimagen.net\/wp-content\/uploads\/2025\/06\/BAENA-3-ok-5-366x270.jpg 366w, https:\/\/www.diarioimagen.net\/wp-content\/uploads\/2025\/06\/BAENA-3-ok-5-240x177.jpg 240w, https:\/\/www.diarioimagen.net\/wp-content\/uploads\/2025\/06\/BAENA-3-ok-5-768x567.jpg 768w, https:\/\/www.diarioimagen.net\/wp-content\/uploads\/2025\/06\/BAENA-3-ok-5-90x65.jpg 90w, https:\/\/www.diarioimagen.net\/wp-content\/uploads\/2025\/06\/BAENA-3-ok-5.jpg 1500w\" sizes=\"auto, (max-width: 366px) 100vw, 366px\" \/><p id=\"caption-attachment-670651\" class=\"wp-caption-text\">Delegados y Consejos de Participaci\u00f3n Ciudadana de Ecatepec reconocen la actual gesti\u00f3n de la alcaldesa Azucena Cisneros Coss.<\/p><\/div>\n<p>&nbsp;<\/p>\n<p><strong>\u00a0<\/strong><\/p>\n<p>Por Arturo Baena<\/p>\n<p>&nbsp;<\/p>\n<p>Ecatepec, M\u00e9x.- \u201cEl que encabeza la alcaldesa Azucena Cisneros es un gobierno que si nos cumple y que ha cambiado el rostro para el bien de nuestro municipio, pues hoy contamos obras y servicios p\u00fablicos de calidad\u201d.<\/p>\n<p>&nbsp;<\/p>\n<p>As\u00ed lo afirmaron, por separado, delegados y Consejos de Participaci\u00f3n Ciudadana (Copacis) de este municipio, al aplaudir y reconocer la actual gesti\u00f3n de Cisneros Coss.<\/p>\n<p>&nbsp;<\/p>\n<p>Y es que la alcaldesa se comprometi\u00f3 con colonos a realizar obras en Jardines de Morelos Quinta Secci\u00f3n, San Mart\u00edn de Porres e Izcalli Jardines, entre ellas pavimentaci\u00f3n de calles, rehabilitar una escuela y crear un parque lineal, as\u00ed como implementar acciones para mejorar el abasto de agua potable.<\/p>\n<p>&nbsp;<\/p>\n<p>En el fraccionamiento Jardines de Morelos Quinta Secci\u00f3n, la presidenta municipal de Ecatepec acord\u00f3 con pobladores crear mesas de trabajo para detallar las obras a realizar en la comunidad, como un parque lineal en calle M\u00e9xico y rehabilitar la escuela primaria, adem\u00e1s de gestionar la construcci\u00f3n de coladeras en el carril confinado del Mexib\u00fas.<\/p>\n<p>&nbsp;<\/p>\n<p>Cisneros Coss recorri\u00f3 la primaria Siervo de la Naci\u00f3n, ubicada en calle Guadalajara de esta comunidad, donde ofreci\u00f3 reparar un socav\u00f3n en el patio de la instituci\u00f3n, adecuar la explanada principal e instalar un arco techo en el sitio, entre otras acciones.<\/p>\n<p>&nbsp;<\/p>\n<p>En calle Ignacio Allende, colonia San Mart\u00edn de Porres, se comprometi\u00f3 a revisar la situaci\u00f3n del drenaje y evitar encharcamientos en la vialidad.<\/p>\n<p>&nbsp;<\/p>\n<p>En el fraccionamiento Izcalli Jardines, la edil acord\u00f3 con colonos rehabilitar la calle T\u00f3rtolas, la cual est\u00e1 en mal estado y registra encharcamientos, por lo que es necesario reparar el drenaje de la misma, as\u00ed como mejorar el alumbrado p\u00fablico.<\/p>\n<p>&nbsp;<\/p>\n","protected":false},"excerpt":{"rendered":"<p>Obras y servicios p\u00fablicos de calidad &nbsp; \u00a0 Por Arturo Baena &nbsp; Ecatepec, M\u00e9x.- \u201cEl que encabeza la alcaldesa Azucena Cisneros es un gobierno que si nos cumple y que ha cambiado el rostro para el bien de nuestro municipio, pues hoy contamos obras y servicios p\u00fablicos de calidad\u201d. &nbsp; As\u00ed lo afirmaron, por separado, [&hellip;]<\/p>\n","protected":false},"author":14,"featured_media":670651,"comment_status":"open","ping_status":"open","sticky":false,"template":"","format":"standard","meta":{"_monsterinsights_skip_tracking":false,"_monsterinsights_sitenote_active":false,"_monsterinsights_sitenote_note":"","_monsterinsights_sitenote_category":0,"footnotes":""},"categories":[5],"tags":[],"class_list":["post-670650","post","type-post","status-publish","format-standard","has-post-thumbnail","hentry","category-estado-de-mexico"],"_links":{"self":[{"href":"https:\/\/www.diarioimagen.net\/index.php?rest_route=\/wp\/v2\/posts\/670650","targetHints":{"allow":["GET"]}}],"collection":[{"href":"https:\/\/www.diarioimagen.net\/index.php?rest_route=\/wp\/v2\/posts"}],"about":[{"href":"https:\/\/www.diarioimagen.net\/index.php?rest_route=\/wp\/v2\/types\/post"}],"author":[{"embeddable":true,"href":"https:\/\/www.diarioimagen.net\/index.php?rest_route=\/wp\/v2\/users\/14"}],"replies":[{"embeddable":true,"href":"https:\/\/www.diarioimagen.net\/index.php?rest_route=%2Fwp%2Fv2%2Fcomments&post=670650"}],"version-history":[{"count":1,"href":"https:\/\/www.diarioimagen.net\/index.php?rest_route=\/wp\/v2\/posts\/670650\/revisions"}],"predecessor-version":[{"id":670652,"href":"https:\/\/www.diarioimagen.net\/index.php?rest_route=\/wp\/v2\/posts\/670650\/revisions\/670652"}],"wp:featuredmedia":[{"embeddable":true,"href":"https:\/\/www.diarioimagen.net\/index.php?rest_route=\/wp\/v2\/media\/670651"}],"wp:attachment":[{"href":"https:\/\/www.diarioimagen.net\/index.php?rest_route=%2Fwp%2Fv2%2Fmedia&parent=670650"}],"wp:term":[{"taxonomy":"category","embeddable":true,"href":"https:\/\/www.diarioimagen.net\/index.php?rest_route=%2Fwp%2Fv2%2Fcategories&post=670650"},{"taxonomy":"post_tag","embeddable":true,"href":"https:\/\/www.diarioimagen.net\/index.php?rest_route=%2Fwp%2Fv2%2Ftags&post=670650"}],"curies":[{"name":"wp","href":"https:\/\/api.w.org\/{rel}","templated":true}]}}