{"id":670680,"date":"2025-06-09T00:00:30","date_gmt":"2025-06-09T06:00:30","guid":{"rendered":"https:\/\/www.diarioimagen.net\/?p=670680"},"modified":"2025-06-08T20:17:07","modified_gmt":"2025-06-09T02:17:07","slug":"juan-gabriel-presenta-me-nace-del-corazon","status":"publish","type":"post","link":"https:\/\/www.diarioimagen.net\/?p=670680","title":{"rendered":"Juan Gabriel presenta  \u201cMe Nace Del Coraz\u00f3n\u201d  \u00a0"},"content":{"rendered":"<ul>\n<li><strong>\u00a1El Divo de Ju\u00e1rez est\u00e1 de vuelta!<\/strong><\/li>\n<li><strong>El tema est\u00e1 disponible en todas las plataformas digitales a trav\u00e9s de Virgin Music Group<\/strong><\/li>\n<\/ul>\n<div id=\"attachment_670681\" style=\"width: 280px\" class=\"wp-caption alignnone\"><img loading=\"lazy\" decoding=\"async\" aria-describedby=\"caption-attachment-670681\" class=\"wp-image-670681 size-large\" src=\"https:\/\/www.diarioimagen.net\/wp-content\/uploads\/2025\/06\/JUAN-270x270.jpg\" alt=\"\" width=\"270\" height=\"270\" srcset=\"https:\/\/www.diarioimagen.net\/wp-content\/uploads\/2025\/06\/JUAN-270x270.jpg 270w, https:\/\/www.diarioimagen.net\/wp-content\/uploads\/2025\/06\/JUAN-240x240.jpg 240w, https:\/\/www.diarioimagen.net\/wp-content\/uploads\/2025\/06\/JUAN-150x150.jpg 150w, https:\/\/www.diarioimagen.net\/wp-content\/uploads\/2025\/06\/JUAN-768x768.jpg 768w, https:\/\/www.diarioimagen.net\/wp-content\/uploads\/2025\/06\/JUAN-50x50.jpg 50w, https:\/\/www.diarioimagen.net\/wp-content\/uploads\/2025\/06\/JUAN-75x75.jpg 75w, https:\/\/www.diarioimagen.net\/wp-content\/uploads\/2025\/06\/JUAN-70x70.jpg 70w, https:\/\/www.diarioimagen.net\/wp-content\/uploads\/2025\/06\/JUAN.jpg 1333w\" sizes=\"auto, (max-width: 270px) 100vw, 270px\" \/><p id=\"caption-attachment-670681\" class=\"wp-caption-text\">A 9 a\u00f1os de su muerte, la voz de Juan Gabriel sigue m\u00e1s viva que nunca. En Spotify, cuenta con 10 millones de seguidores y 11 millones de oyentes mensuales.<\/p><\/div>\n<p>La voz de la superestrella mundial Juan Gabriel, uno de los artistas m\u00e1s reconocidos y queridos de la M\u00fasica Mexicana, vuelve a sonar para alegr\u00eda de sus fans con el lanzamiento de \u201cMe Nace del Coraz\u00f3n\u201d. El tema est\u00e1 disponible en todas las plataformas digitales a trav\u00e9s de Virgin Music Group.<\/p>\n<p>&nbsp;<\/p>\n<p>Compuesta en la d\u00e9cada de 1970 por Don Alberto Aguilera Valadez, nombre de pila de Juan Gabriel, la canci\u00f3n fue lanzada en 1978 por la cantante espa\u00f1ola Roc\u00edo D\u00farcal en el \u00e1lbum Roc\u00edo D\u00farcal le canta a Juan Gabriel Volumen 2.<\/p>\n<p>&nbsp;<\/p>\n<p>Esta es la primera vez que el tema es interpretado en una grabaci\u00f3n en estudio por Juan Gabriel, cuyos vocales se grabaron poco antes del fallecimiento del int\u00e9rprete en agosto de 2016. El nuevo sencillo fue producido por el maestro Guillermo Hern\u00e1ndez Galicia (Memo), quien fue director musical y del Mariachi de Juan Gabriel durante m\u00e1s de dos d\u00e9cadas.<\/p>\n<p>&nbsp;<\/p>\n<p>Esta interpretaci\u00f3n nunca antes escuchada, representa un emotivo rescate musical que conectar\u00e1 con nuevas generaciones, y est\u00e1 acompa\u00f1ada de un arreglo musical completamente renovado, tambi\u00e9n realizado por Hern\u00e1ndez Galicia.<\/p>\n<p>&nbsp;<\/p>\n<p>La grabaci\u00f3n cuenta con la participaci\u00f3n de m\u00fasicos destacados, incluyendo a integrantes que actualmente forman parte de El Mariachi del Divo Alma de Ju\u00e1rez, agrupaci\u00f3n que mantiene viva la esencia y el legado del \u00edcono mexicano.<\/p>\n<p>&nbsp;<\/p>\n<p>\u201cGracias, Alberto Aguilera Valadez, nuestro querido Juan Gabriel, por 23 a\u00f1os de m\u00fasica, escenarios y confianza. Caminar a tu lado fue un privilegio y una escuela de vida. Producir y realizar el arreglo musical de este sencillo, \u2018Me nace del coraz\u00f3n\u2019, es mi forma de rendirte un homenaje sincero a ese legado eterno que sembraste en el coraz\u00f3n de tu p\u00fablico,\u201d comparti\u00f3 el maestro \u2018Memo\u2019 Hern\u00e1ndez Galicia sobre la grabaci\u00f3n.<\/p>\n<p>&nbsp;<\/p>\n<p>\u201cMe Nace del Coraz\u00f3n\u201d es uno de los cl\u00e1sicos de la m\u00fasica ranchera, versionado por diversos artistas entre los que destacan Aida Cuevas, Lucha Villa, Pandora, Natalia Jim\u00e9nez, entre otros.<\/p>\n<p>&nbsp;<\/p>\n<p>Juan Gabriel contin\u00faa siendo una presencia omnipresente en la vida de los mexicanos y latinos. Su voz es parte de los momentos m\u00e1s importantes de la vida de generaciones que disfrutan su m\u00fasica.<\/p>\n<p>&nbsp;<\/p>\n<p>El int\u00e9rprete de \u201cQuerida\u201d sigue presente en el tejido cultural de los pa\u00edses de habla hispana, tanto as\u00ed que Netflix lanzar\u00e1 este a\u00f1o la serie documental sobre la vida y obra de Juan Gabriel.<\/p>\n<p>&nbsp;<\/p>\n<p>A finales de mayo, la cadena de cines Cinemex proyect\u00f3 en salas de la Rep\u00fablica Mexicana el \u00faltimo concierto de Juan Gabriel en el emblem\u00e1tico Palacio de Bellas Artes de la Ciudad de M\u00e9xico, una de las instituciones culturales m\u00e1s importantes de Latinoam\u00e9rica.<\/p>\n<p>&nbsp;<\/p>\n<p>La energ\u00eda del Divo de Ju\u00e1rez traspas\u00f3 la pantalla, cautivando a asistentes que documentaron a trav\u00e9s de TikTok la experiencia, mostrando la algarab\u00eda que gener\u00f3 la proyecci\u00f3n y motivando a fans a levantarse de sus asientos para cantar y bailar, tal como lo habr\u00edan hecho en la presentaci\u00f3n original, \u201cMis 40 en Bellas Artes\u201d, realizada el 31 de agosto de 2013.<\/p>\n<p>&nbsp;<\/p>\n<p>Juan Gabriel es uno de los cantantes m\u00e1s reconocidos y aclamados de M\u00e9xico, con ventas superiores a los 100 millones de discos a nivel mundial. En sus 46 a\u00f1os de carrera lanz\u00f3 48 \u00e1lbumes, que le hicieron acreedor de m\u00e1s de 1.000 discos de oro, platino y multiplatino, y su prol\u00edfica pluma fue autora de m\u00e1s de 1.800 canciones.<\/p>\n<p>&nbsp;<\/p>\n<p>Es reconocido por llevar la M\u00fasica Mexicana a todos los rincones del mundo, y su arte fue galardonado con innumerables reconocimientos, entre los que se incluyen 17 Premios Billboard, Premio al Compositor del A\u00f1o de ASCAP, 11 Premio Lo Nuestro, 2 Latin GRAMMYs. En 1996 ingres\u00f3 al Sal\u00f3n de la Fama de la M\u00fasica Latina de Billboard, en 2002 obtuvo su estrella en el Paseo de la Fama de Hollywood y en 2009 La Academia Latina de la Grabaci\u00f3n lo nombr\u00f3 Persona del A\u00f1o.<\/p>\n<p>&nbsp;<\/p>\n<blockquote><p><strong>Esta interpretaci\u00f3n nunca antes escuchada, representa un emotivo rescate musical que conectar\u00e1 con nuevas generaciones, y est\u00e1 acompa\u00f1ada de un arreglo musical completamente renovado, tambi\u00e9n realizado por Hern\u00e1ndez Galicia. <\/strong><\/p><\/blockquote>\n<p><strong>\u00a0<\/strong><\/p>\n<p>&nbsp;<\/p>\n","protected":false},"excerpt":{"rendered":"<p>\u00a1El Divo de Ju\u00e1rez est\u00e1 de vuelta! El tema est\u00e1 disponible en todas las plataformas digitales a trav\u00e9s de Virgin Music Group La voz de la superestrella mundial Juan Gabriel, uno de los artistas m\u00e1s reconocidos y queridos de la M\u00fasica Mexicana, vuelve a sonar para alegr\u00eda de sus fans con el lanzamiento de \u201cMe [&hellip;]<\/p>\n","protected":false},"author":14,"featured_media":670681,"comment_status":"open","ping_status":"open","sticky":false,"template":"","format":"standard","meta":{"_monsterinsights_skip_tracking":false,"_monsterinsights_sitenote_active":false,"_monsterinsights_sitenote_note":"","_monsterinsights_sitenote_category":0,"footnotes":""},"categories":[16,12],"tags":[],"class_list":["post-670680","post","type-post","status-publish","format-standard","has-post-thumbnail","hentry","category-destacadas","category-espectaculos"],"_links":{"self":[{"href":"https:\/\/www.diarioimagen.net\/index.php?rest_route=\/wp\/v2\/posts\/670680","targetHints":{"allow":["GET"]}}],"collection":[{"href":"https:\/\/www.diarioimagen.net\/index.php?rest_route=\/wp\/v2\/posts"}],"about":[{"href":"https:\/\/www.diarioimagen.net\/index.php?rest_route=\/wp\/v2\/types\/post"}],"author":[{"embeddable":true,"href":"https:\/\/www.diarioimagen.net\/index.php?rest_route=\/wp\/v2\/users\/14"}],"replies":[{"embeddable":true,"href":"https:\/\/www.diarioimagen.net\/index.php?rest_route=%2Fwp%2Fv2%2Fcomments&post=670680"}],"version-history":[{"count":1,"href":"https:\/\/www.diarioimagen.net\/index.php?rest_route=\/wp\/v2\/posts\/670680\/revisions"}],"predecessor-version":[{"id":670682,"href":"https:\/\/www.diarioimagen.net\/index.php?rest_route=\/wp\/v2\/posts\/670680\/revisions\/670682"}],"wp:featuredmedia":[{"embeddable":true,"href":"https:\/\/www.diarioimagen.net\/index.php?rest_route=\/wp\/v2\/media\/670681"}],"wp:attachment":[{"href":"https:\/\/www.diarioimagen.net\/index.php?rest_route=%2Fwp%2Fv2%2Fmedia&parent=670680"}],"wp:term":[{"taxonomy":"category","embeddable":true,"href":"https:\/\/www.diarioimagen.net\/index.php?rest_route=%2Fwp%2Fv2%2Fcategories&post=670680"},{"taxonomy":"post_tag","embeddable":true,"href":"https:\/\/www.diarioimagen.net\/index.php?rest_route=%2Fwp%2Fv2%2Ftags&post=670680"}],"curies":[{"name":"wp","href":"https:\/\/api.w.org\/{rel}","templated":true}]}}