{"id":670686,"date":"2025-06-09T00:00:03","date_gmt":"2025-06-09T06:00:03","guid":{"rendered":"https:\/\/www.diarioimagen.net\/?p=670686"},"modified":"2025-06-08T20:30:09","modified_gmt":"2025-06-09T02:30:09","slug":"destaca-claudia-sheinbaum-pardo-manejo-responsable-de-la-economia","status":"publish","type":"post","link":"https:\/\/www.diarioimagen.net\/?p=670686","title":{"rendered":"\u00a0  Destaca Claudia Sheinbaum Pardo  manejo responsable de la econom\u00eda  \u00a0"},"content":{"rendered":"<ul>\n<li><strong>Buena percepci\u00f3n de los mercados,<\/strong><\/li>\n<li><strong>Hay confianza en nuestro pa\u00eds, que se refleja en la evoluci\u00f3n del peso mexicano, se\u00f1ala<\/strong><\/li>\n<\/ul>\n<p>&nbsp;<\/p>\n<div id=\"attachment_670687\" style=\"width: 415px\" class=\"wp-caption alignnone\"><img loading=\"lazy\" decoding=\"async\" aria-describedby=\"caption-attachment-670687\" class=\"wp-image-670687 size-large\" src=\"https:\/\/www.diarioimagen.net\/wp-content\/uploads\/2025\/06\/MANANERA-ok-4-405x270.jpg\" alt=\"\" width=\"405\" height=\"270\" srcset=\"https:\/\/www.diarioimagen.net\/wp-content\/uploads\/2025\/06\/MANANERA-ok-4-405x270.jpg 405w, https:\/\/www.diarioimagen.net\/wp-content\/uploads\/2025\/06\/MANANERA-ok-4-240x160.jpg 240w, https:\/\/www.diarioimagen.net\/wp-content\/uploads\/2025\/06\/MANANERA-ok-4-768x512.jpg 768w, https:\/\/www.diarioimagen.net\/wp-content\/uploads\/2025\/06\/MANANERA-ok-4.jpg 1500w\" sizes=\"auto, (max-width: 405px) 100vw, 405px\" \/><p id=\"caption-attachment-670687\" class=\"wp-caption-text\">Claudia Sheinbaum Pardo resalt\u00f3 que su administraci\u00f3n hace un manejo responsable de la econom\u00eda, pues hay confianza en nuestro pa\u00eds la cual se refleja en la evoluci\u00f3n del peso mexicano.<\/p><\/div>\n<p>&nbsp;<\/p>\n<p>La Presidenta Claudia Sheinbaum Pardo resalt\u00f3 que, gracias a que la Cuarta Transformaci\u00f3n hace un manejo responsable de la econom\u00eda, hay confianza en nuestro pa\u00eds la cual se refleja en la evoluci\u00f3n del peso mexicano, que el viernes cerr\u00f3 su tipo de cambio en 19.14 pesos por d\u00f3lar; en la disminuci\u00f3n de la tasa de inter\u00e9s a 10 a\u00f1os, en la reducci\u00f3n de la percepci\u00f3n internacional sobre la probabilidad de impago y en que, de acuerdo con el Banco Mundial, 11 millones de mexicanos salieron de la pobreza.<\/p>\n<p>&nbsp;<\/p>\n<p>\u201cHab\u00edan dicho que 9.5 millones de mexicanos hab\u00edan salido de la pobreza hasta 2022. Hacen una reevaluaci\u00f3n de su metodolog\u00eda y reconocen que en M\u00e9xico 11 millones de mexicanos salieron de la pobreza, durante el periodo del presidente L\u00f3pez Obrador hasta 2022; es decir, ya no es 9.5, sino 11 millones, dicho por el Banco Mundial\u201d, puntualiz\u00f3.<\/p>\n<p>&nbsp;<\/p>\n<p>La Jefa del Ejecutivo Federal destac\u00f3 que a\u00fan con las dificultades econ\u00f3micas internacionales, los mercados internacionales no ven con incertidumbre a nuestro pa\u00eds, adem\u00e1s de que se cuenta con el Plan M\u00e9xico, que tiene un portafolio de inversiones nacionales y extranjeras de m\u00e1s de 200 mil millones de d\u00f3lares.<\/p>\n<p>&nbsp;<\/p>\n<p>\u201cEs el manejo responsable de la econom\u00eda, tanto de la macroeconom\u00eda del Gobierno de M\u00e9xico y del Banco de M\u00e9xico, con su autonom\u00eda, como lo que hemos estado planteando de c\u00f3mo afrontar el desarrollo de nuestro pa\u00eds y al mismo tiempo la situaci\u00f3n, frente a la situaci\u00f3n internacional que han vivido todos los pa\u00edses del mundo\u201d, agreg\u00f3.<\/p>\n<p>&nbsp;<\/p>\n<p>Adem\u00e1s, expuso que, de acuerdo con medios de comunicaci\u00f3n internacionales como The Wall Street Journal, M\u00e9xico tiene una tendencia creciente de nearshoring, lo que aumenta la atenci\u00f3n de inversores en el peso mexicano y alienta a empresas estadounidenses a fabricar productos cerca de casa.<\/p>\n<p>&nbsp;<\/p>\n<p>Asimismo, resalt\u00f3 la opini\u00f3n del secretario de Comercio de Estados Unidos, Howard Lutnick, quien se\u00f1al\u00f3 que la relaci\u00f3n entre ambos pa\u00edses ser\u00e1 excelente y recalc\u00f3 la necesidad de reimaginar la relaci\u00f3n con M\u00e9xico para impulsar negocios bilaterales.<\/p>\n<p>&nbsp;<\/p>\n<p>Adem\u00e1s, record\u00f3, que nuestro pa\u00eds busca un acuerdo global con el Gobierno del presidente Donald Trump que permita respetar el tratado comercial con EUA y para que M\u00e9xico sea excluido de los aranceles al 50 por ciento al acero y al aluminio que se impusieron a todos los pa\u00edses del mundo.<\/p>\n<p>&nbsp;<\/p>\n<p>\u201cYo tengo confianza en que vamos a salir adelante, porque siempre lo ha hecho el pueblo de M\u00e9xico, y lo vamos a hacer, hay entusiasmo en nuestro pa\u00eds, naturalmente frente a la situaci\u00f3n internacional, siempre hay una incertidumbre de lo que va a pasar con Estados Unidos, pero nosotros somos optimistas en el Gobierno y queremos pasarle ese optimismo a todo el pueblo de M\u00e9xico\u201d, concluy\u00f3.<\/p>\n<p>&nbsp;<\/p>\n<p>&nbsp;<\/p>\n<p>&nbsp;<\/p>\n<p>&nbsp;<\/p>\n<p>&nbsp;<\/p>\n<ul>\n<li><strong>Reitera rechazo a gravar remesas<\/strong><\/li>\n<\/ul>\n<p><strong>\u00a0<\/strong><\/p>\n<p><strong>\u00a0<\/strong><\/p>\n<h2><strong>CSP anuncia acciones de apoyo a quienes env\u00edan d\u00f3lares<\/strong><\/h2>\n<p>&nbsp;<\/p>\n<p>&nbsp;<\/p>\n<p>Paralelamente a las gestiones diplom\u00e1ticas, Claudia Sheinbaum Pardo reiter\u00f3 el en\u00e9rgico rechazo de su gobierno a la propuesta de gravar las remesas en Estados Unidos y anunci\u00f3 acciones para ofrecer alternativas a los connacionales que env\u00edan dinero a M\u00e9xico.<\/p>\n<p>&nbsp;<\/p>\n<p>La mandataria se\u00f1al\u00f3 que un equipo de senadores mexicanos, con el apoyo del embajador de M\u00e9xico en Estados Unidos, ya dialoga con legisladores estadunidenses para explicar los impactos negativos de este posible impuesto.<\/p>\n<p>&nbsp;<\/p>\n<p>Sheinbaum Pardo enfatiz\u00f3 que la medida representa una \u00abdoble contribuci\u00f3n\u00bb injusta, que afectar\u00eda tanto a la econom\u00eda de Estados Unidos como a las familias mexicanas que dependen de estos recursos.<\/p>\n<p>&nbsp;<\/p>\n<p>\u00abEst\u00e1 ya un equipo de senadores, est\u00e1 apoyado por el embajador de M\u00e9xico, de Estados Unidos, para hablar con distintos senadores, para explicar por qu\u00e9 el impuesto a las remesas, pues es una doble contribuci\u00f3n, es injusto, y lo que representar\u00eda para los paisanos, para la econom\u00eda de Estados Unidos y para las familias que requieren las remesas aqu\u00ed en M\u00e9xico,\u00bb declar\u00f3 la presidenta.<\/p>\n<p>&nbsp;<\/p>\n<p>Destac\u00f3 la movilizaci\u00f3n de la comunidad mexicana en Estados Unidos, quienes han enviado numerosas cartas a sus senadores para expresar su desacuerdo con la iniciativa. \u00abHa habido muchas cartas de paisanos a sus senadores, senadoras para tambi\u00e9n hacerles saber que no est\u00e1n de acuerdo. Hay mucho movimiento en Estados Unidos en este sentido,\u00bb se\u00f1al\u00f3.<\/p>\n<p>&nbsp;<\/p>\n<p>El gobierno mexicano explora estrategias para mitigar el impacto de cualquier gravamen y ofrecer opciones m\u00e1s accesibles para el env\u00edo de remesas. La presidenta anunci\u00f3 que se trabaja en la disminuci\u00f3n de las comisiones que cobra Financiera para el Bienestar (Finabien), organismo coordinado por Roc\u00edo Mej\u00eda Flores.<\/p>\n<p>&nbsp;<\/p>\n<p>\u00abY de todas maneras, tenemos la opci\u00f3n de Finabien, que ya la presentaremos aqu\u00ed. Finabien es Financiera para el Bienestar, y es una de las formas de enviar remesas de Estados Unidos a M\u00e9xico es a trav\u00e9s de este mecanismo, que ya estamos buscando una manera de disminuir estas comisiones, para que pase lo que pase, de todas maneras, sea una mejor opci\u00f3n para los paisanos para enviar sus remesas,\u00bb explic\u00f3 la presidenta.<\/p>\n<p>&nbsp;<\/p>\n<p>La estrategia del gobierno mexicano se centra, por un lado, en la oposici\u00f3n activa y diplom\u00e1tica al impuesto en Estados Unidos, y por otro, en el fortalecimiento de Finabien como una alternativa eficiente y econ\u00f3mica para los connacionales.<\/p>\n<p>&nbsp;<\/p>\n<p>&nbsp;<\/p>\n","protected":false},"excerpt":{"rendered":"<p>Buena percepci\u00f3n de los mercados, Hay confianza en nuestro pa\u00eds, que se refleja en la evoluci\u00f3n del peso mexicano, se\u00f1ala &nbsp; &nbsp; La Presidenta Claudia Sheinbaum Pardo resalt\u00f3 que, gracias a que la Cuarta Transformaci\u00f3n hace un manejo responsable de la econom\u00eda, hay confianza en nuestro pa\u00eds la cual se refleja en la evoluci\u00f3n del [&hellip;]<\/p>\n","protected":false},"author":14,"featured_media":670687,"comment_status":"open","ping_status":"open","sticky":false,"template":"","format":"standard","meta":{"_monsterinsights_skip_tracking":false,"_monsterinsights_sitenote_active":false,"_monsterinsights_sitenote_note":"","_monsterinsights_sitenote_category":0,"footnotes":""},"categories":[3],"tags":[],"class_list":["post-670686","post","type-post","status-publish","format-standard","has-post-thumbnail","hentry","category-nacional"],"_links":{"self":[{"href":"https:\/\/www.diarioimagen.net\/index.php?rest_route=\/wp\/v2\/posts\/670686","targetHints":{"allow":["GET"]}}],"collection":[{"href":"https:\/\/www.diarioimagen.net\/index.php?rest_route=\/wp\/v2\/posts"}],"about":[{"href":"https:\/\/www.diarioimagen.net\/index.php?rest_route=\/wp\/v2\/types\/post"}],"author":[{"embeddable":true,"href":"https:\/\/www.diarioimagen.net\/index.php?rest_route=\/wp\/v2\/users\/14"}],"replies":[{"embeddable":true,"href":"https:\/\/www.diarioimagen.net\/index.php?rest_route=%2Fwp%2Fv2%2Fcomments&post=670686"}],"version-history":[{"count":1,"href":"https:\/\/www.diarioimagen.net\/index.php?rest_route=\/wp\/v2\/posts\/670686\/revisions"}],"predecessor-version":[{"id":670688,"href":"https:\/\/www.diarioimagen.net\/index.php?rest_route=\/wp\/v2\/posts\/670686\/revisions\/670688"}],"wp:featuredmedia":[{"embeddable":true,"href":"https:\/\/www.diarioimagen.net\/index.php?rest_route=\/wp\/v2\/media\/670687"}],"wp:attachment":[{"href":"https:\/\/www.diarioimagen.net\/index.php?rest_route=%2Fwp%2Fv2%2Fmedia&parent=670686"}],"wp:term":[{"taxonomy":"category","embeddable":true,"href":"https:\/\/www.diarioimagen.net\/index.php?rest_route=%2Fwp%2Fv2%2Fcategories&post=670686"},{"taxonomy":"post_tag","embeddable":true,"href":"https:\/\/www.diarioimagen.net\/index.php?rest_route=%2Fwp%2Fv2%2Ftags&post=670686"}],"curies":[{"name":"wp","href":"https:\/\/api.w.org\/{rel}","templated":true}]}}