{"id":670701,"date":"2025-06-09T00:00:30","date_gmt":"2025-06-09T06:00:30","guid":{"rendered":"https:\/\/www.diarioimagen.net\/?p=670701"},"modified":"2025-06-08T20:41:50","modified_gmt":"2025-06-09T02:41:50","slug":"regresa-pedro-prieto-al-elenco-de-toc-toc","status":"publish","type":"post","link":"https:\/\/www.diarioimagen.net\/?p=670701","title":{"rendered":"Regresa Pedro Prieto al elenco de TOC TOC"},"content":{"rendered":"<ul>\n<li><strong>Nuevamente en la comedia por 10 funciones los jueves<\/strong><\/li>\n<li><strong>Tuvo como invitados especiales a Titi Jaques, su esposa y a su amigo Chumel Torres<\/strong><\/li>\n<\/ul>\n<div id=\"attachment_670702\" style=\"width: 370px\" class=\"wp-caption alignnone\"><img loading=\"lazy\" decoding=\"async\" aria-describedby=\"caption-attachment-670702\" class=\"wp-image-670702 size-large\" src=\"https:\/\/www.diarioimagen.net\/wp-content\/uploads\/2025\/06\/PEDRO-360x270.jpeg\" alt=\"\" width=\"360\" height=\"270\" srcset=\"https:\/\/www.diarioimagen.net\/wp-content\/uploads\/2025\/06\/PEDRO-360x270.jpeg 360w, https:\/\/www.diarioimagen.net\/wp-content\/uploads\/2025\/06\/PEDRO-240x180.jpeg 240w, https:\/\/www.diarioimagen.net\/wp-content\/uploads\/2025\/06\/PEDRO-768x576.jpeg 768w, https:\/\/www.diarioimagen.net\/wp-content\/uploads\/2025\/06\/PEDRO.jpeg 1333w\" sizes=\"auto, (max-width: 360px) 100vw, 360px\" \/><p id=\"caption-attachment-670702\" class=\"wp-caption-text\">Pedro Prieto, quien hace algunos a\u00f1os hizo una primera temporada en el personaje de Otto, regresa al montaje.<\/p><\/div>\n<p>Tan larga y exitosa ha sido la temporada de TOC TOC, que ha permitido a los integrantes de su elenco ir a realizar nuevos proyectos y volver a la comedia que el pr\u00f3ximo 11 de junio celebrar\u00e1 15 sorprendentes a\u00f1os de haber sido estrenada en M\u00e9xico.<\/p>\n<p>Tal es el caso de Pedro Prieto, quien hace algunos a\u00f1os hizo una primera temporada en el personaje de Otto; luego, ya con unos a\u00f1os de m\u00e1s, pas\u00f3 a dar vida a Alfredo, papel con el que realiz\u00f3 cientos de funciones.<\/p>\n<p>Los compromisos televisivos le impidieron seguir en la temporada, pero ahora, enamorado como ha estado siempre del teatro, Pedro regresa a esta compa\u00f1\u00eda, nuevamente como Alfredo.<\/p>\n<p>Y para darle la bienvenida, Pedro tuvo como invitados especiales a Titi Jaques, su esposa y compa\u00f1era en distintos proyectos en redes sociales y a su amigo Chumel Torres.<\/p>\n<p>Pedro, como mucha gente lo sabe, es un actor espa\u00f1ol con base en M\u00e9xico, cuya carrera abarca teatro, televisi\u00f3n y cine, destac\u00e1ndose por su compromiso esc\u00e9nico y versatilidad interpretativa. Desde su llegada a Latinoam\u00e9rica, ha participado en diversas producciones de alto perfil, consolid\u00e1ndose como un talento internacional con proyecci\u00f3n en el mercado hispano.<\/p>\n<p>En televisi\u00f3n, ha participado como actor en La Madrastra, S.O.S. Me estoy enamorando, Por amar sin ley, Antes muerta que Lichita, Rescatando a Sara, 40 y 20; y como conductor ha destacado en programas como HOY y Venga la alegr\u00eda; fin de semana.<\/p>\n<p>En cine form\u00f3 parte de los elencos de los filmes Fuego Negro y \u00a1Hasta la madre! del D\u00eda de los Muertos.<\/p>\n<p>En teatro debut\u00f3 en el musical Peter Pan, al lado de Lola Cort\u00e9s; y continu\u00f3 en montajes como H\u00e9rcules, Se busca marido, Mujeres Solteras y Desesperadas, y por supuesto TOC TOC, a la que ahora vuelve por \u00fanicamente 10 funciones.<\/p>\n<p>TOC TOC se presenta en el Centro Cultural San \u00c1ngel, de jueves a domingo.<\/p>\n<blockquote><p><strong>Horario de Toc Toc: Jueves 20:00 horas, viernes 19:00 y 21:00 horas, s\u00e1bado 18:00 y 20:00 horas y domingo 17:00 y 19:00 horas. Boletos: $1,260 y $1,121. De venta en Cartelera de Teatro, Ticketmaster y taquilla. <\/strong><\/p><\/blockquote>\n<p>&nbsp;<\/p>\n","protected":false},"excerpt":{"rendered":"<p>Nuevamente en la comedia por 10 funciones los jueves Tuvo como invitados especiales a Titi Jaques, su esposa y a su amigo Chumel Torres Tan larga y exitosa ha sido la temporada de TOC TOC, que ha permitido a los integrantes de su elenco ir a realizar nuevos proyectos y volver a la comedia que [&hellip;]<\/p>\n","protected":false},"author":14,"featured_media":670702,"comment_status":"open","ping_status":"open","sticky":false,"template":"","format":"standard","meta":{"_monsterinsights_skip_tracking":false,"_monsterinsights_sitenote_active":false,"_monsterinsights_sitenote_note":"","_monsterinsights_sitenote_category":0,"footnotes":""},"categories":[12],"tags":[],"class_list":["post-670701","post","type-post","status-publish","format-standard","has-post-thumbnail","hentry","category-espectaculos"],"_links":{"self":[{"href":"https:\/\/www.diarioimagen.net\/index.php?rest_route=\/wp\/v2\/posts\/670701","targetHints":{"allow":["GET"]}}],"collection":[{"href":"https:\/\/www.diarioimagen.net\/index.php?rest_route=\/wp\/v2\/posts"}],"about":[{"href":"https:\/\/www.diarioimagen.net\/index.php?rest_route=\/wp\/v2\/types\/post"}],"author":[{"embeddable":true,"href":"https:\/\/www.diarioimagen.net\/index.php?rest_route=\/wp\/v2\/users\/14"}],"replies":[{"embeddable":true,"href":"https:\/\/www.diarioimagen.net\/index.php?rest_route=%2Fwp%2Fv2%2Fcomments&post=670701"}],"version-history":[{"count":1,"href":"https:\/\/www.diarioimagen.net\/index.php?rest_route=\/wp\/v2\/posts\/670701\/revisions"}],"predecessor-version":[{"id":670703,"href":"https:\/\/www.diarioimagen.net\/index.php?rest_route=\/wp\/v2\/posts\/670701\/revisions\/670703"}],"wp:featuredmedia":[{"embeddable":true,"href":"https:\/\/www.diarioimagen.net\/index.php?rest_route=\/wp\/v2\/media\/670702"}],"wp:attachment":[{"href":"https:\/\/www.diarioimagen.net\/index.php?rest_route=%2Fwp%2Fv2%2Fmedia&parent=670701"}],"wp:term":[{"taxonomy":"category","embeddable":true,"href":"https:\/\/www.diarioimagen.net\/index.php?rest_route=%2Fwp%2Fv2%2Fcategories&post=670701"},{"taxonomy":"post_tag","embeddable":true,"href":"https:\/\/www.diarioimagen.net\/index.php?rest_route=%2Fwp%2Fv2%2Ftags&post=670701"}],"curies":[{"name":"wp","href":"https:\/\/api.w.org\/{rel}","templated":true}]}}