{"id":670713,"date":"2025-06-09T00:00:53","date_gmt":"2025-06-09T06:00:53","guid":{"rendered":"https:\/\/www.diarioimagen.net\/?p=670713"},"modified":"2025-06-08T20:46:37","modified_gmt":"2025-06-09T02:46:37","slug":"la-cnte-como-animal-herido-se-fue-dolida-y-amenaza-regresar","status":"publish","type":"post","link":"https:\/\/www.diarioimagen.net\/?p=670713","title":{"rendered":"La CNTE, como animal herido,  se fue dolida y amenaza regresar\u2026 \u00a0\u00a0"},"content":{"rendered":"<p>&nbsp;<\/p>\n<p>TRAS LA PUERTA DEL PODER\u00a0 Roberto Vizca\u00edno<\/p>\n<p>&nbsp;<\/p>\n<p>&nbsp;<\/p>\n<p>&nbsp;<\/p>\n<p>Sus segmentos m\u00e1s radicales, uno de ellos la CETEG, hicieron toda clase de tropel\u00edas, vandalizaron todo a su paso y hasta llegaron a saquear, causar destrozos en Gobernaci\u00f3n y la Secretar\u00eda de Bienestar y a prender fuego a la sede del SNTE, para, finalmente, derrotados, irse a sus estados.<\/p>\n<p>Hoy, la CNTE est\u00e1 humillada y muy, pero muy dolida.<\/p>\n<p>Acostumbrados a obtener lo que se proponen y, a\u00fan m\u00e1s, sus l\u00edderes se plantean recomponerse, reagruparse, y regresar.<\/p>\n<p>Han roto con su principal aliado de los \u00faltimos 25 a\u00f1os: con el movimiento de\u00a0<strong>Andr\u00e9s Manuel L\u00f3pez Obrador<\/strong>\u00a0y su heredera\u00a0<strong>Claudia Sheinbaum,<\/strong>\u00a0quienes los usaron para llegar a la Presidencia de M\u00e9xico y hoy les dan la espalda.<\/p>\n<p>La Presidenta no les cumpli\u00f3 su promesa de campa\u00f1a de derogar la ley del ISSSTE de 2007 de la que depende readecuar el r\u00e9gimen de pensiones.<\/p>\n<p>Esa es hoy su motivaci\u00f3n para relanzarse a la lucha y a la movilizaci\u00f3n que vendr\u00e1.<\/p>\n<p>Durante los pasados casi 25 d\u00edas han dejado muestras en la Ciudad de M\u00e9xico y en Chilpancingo, en Michoac\u00e1n y Yucat\u00e1n, de lo que son capaces y m\u00e1s de hacer.<\/p>\n<p>Por lo pronto, tienen la intenci\u00f3n de perseguir por el pa\u00eds a la mandataria en cuanto evento tenga programado realizar en los estados. Ya lo han hecho con otros presidentes a quienes han cercado e irrumpido, alterado, violentado sus actos p\u00fablicos.<\/p>\n<p>Comienza una nueva etapa de su reacci\u00f3n de animal herido.<\/p>\n<p>Saben que al final saldr\u00e1n con alguna ganancia del tama\u00f1o de sus movilizaciones.<\/p>\n<p>\u201cNo estamos cansados ni fracasados, estamos pausados\u201d, han dicho sus dirigentes.<\/p>\n<p>\u201cRegresaremos y seremos millones\u201d, advirti\u00f3\u00a0<strong>Pedro Hern\u00e1ndez<\/strong>, uno de los voceros de la Coordinadora.<\/p>\n<p>La Ley del ISSSTE, promulgada por el presidente\u00a0<strong>Felipe Calder\u00f3n<\/strong>\u00a0en 2007, que la candidata\u00a0<strong>Sheinbaum<\/strong>\u00a0les prometi\u00f3\u00a0<strong>abolir<\/strong>\u00a0y que como presidenta ha rechazado hacerlo, alter\u00f3 el sistema de pensiones de 1 mill\u00f3n 400 mil maestros y otros muchos cientos de miles de trabajadores del Estado, para dejarlas en apenas 4 mil pesos mensuales.<\/p>\n<p><strong>Sheinbaum<\/strong>\u00a0les ha ofrecido hasta 17 mil pesos de pensi\u00f3n, pero la CNTE no ha cejado en su presi\u00f3n hasta ver abolida la ley entera y una vuelta a sus pensiones solidarias.<\/p>\n<p>Ella les ha insistido en estar a favor de sus reclamos, pero que estos son imposibles de ser cumplidos simple y sencillamente porque no hay presupuesto que lo respalde.<\/p>\n<p>Lo mismo que les han dicho todos los presidentes de los \u00faltimos 35 a\u00f1os.<\/p>\n<p>\u201cNo hay nada para el 80% de los maestros a quienes se les impuso el sistema Afores\u2026 no se ha dado ni lo que prometi\u00f3\u00a0<strong>L\u00f3pez Obrador<\/strong>\u2026 se les olvida que la CNTE siempre defendi\u00f3 la educaci\u00f3n p\u00fablica ante los ataques neoliberales\u201d, insiste el vocero\u00a0<strong>Hern\u00e1ndez, quien indica que, al imponerles el sistema de Afores, los \u00fanicos que ganan son los banqueros.<\/strong><\/p>\n<p>La CNTE domina a los magisterios de Oaxaca, Chiapas, Guerrero, Michoac\u00e1n, Zacatecas y Yucat\u00e1n y tiene control en secciones importantes en la CDMX, Edomex y otros muchos estados.<\/p>\n<p>La contienda que viene ser\u00e1 de ese tama\u00f1o.<\/p>\n<p>\u201cNos retiramos, pero con la frente muy alta\u201d, se\u00f1al\u00f3\u00a0<strong>Yenny P\u00e9rez<\/strong>, del magisterio de Oaxaca.<\/p>\n<p>&nbsp;<\/p>\n<p><strong>Feministas -y muchos m\u00e1s- vapulean a Monreal por <em>Andy<\/em><\/strong><\/p>\n<p>&nbsp;<\/p>\n<p>Un argumento de su defensa de\u00a0<strong>Andr\u00e9s Manuel,\u00a0<em>\u00c1ndy,<\/em> L\u00f3pez Beltr\u00e1n<\/strong>\u00a0fue el que le hizo crisis a\u00a0<strong>Ricardo Monreal<\/strong>\u00a0frente al numeroso y muy significativo movimiento feminista mexicano.<\/p>\n<p>El acusar de\u00a0<strong><em>violencia vicaria<\/em><\/strong>\u00a0a quienes hoy se burlan en redes sociales, y en M\u00e9xico entero, del reclamo del hijo del presidente\u00a0<strong>Andr\u00e9s Manuel L\u00f3pez Obrador<\/strong>\u00a0por referirse a \u00e9l como \u2018<strong><em>Andy\u2019,<\/em><\/strong>y no por su nombre.<\/p>\n<p>Las feministas indican que a\u00a0<strong>Monreal<\/strong>\u00a0se le pas\u00f3 lo\u00a0<em>arrastrado y sumiso<\/em>\u00a0al utilizar ese concepto en favor del hijo de AMLO cuando es un concepto que\u00a0 se refiere\u00a0<strong>a la violencia que se ejerce contra ni\u00f1os y ni\u00f1as cuando se quiere hacer da\u00f1o a sus madres y padres.<\/strong><\/p>\n<p>El caso es que <strong>\u2018Andy\u2019 L\u00f3pez Beltr\u00e1n\u00a0<\/strong>no es un ni\u00f1o y no s\u00f3lo es conocido as\u00ed desde su ni\u00f1ez, que su mismo padre y dem\u00e1s familiares y amigos y de ah\u00ed el \u00e1mbito p\u00fablico siempre se han referido a \u00e9l con ese diminutivo o apodo y que hoy como pol\u00edtico y secretario de Organizaci\u00f3n de Morena ha cobrado mayor relevancia.<\/p>\n<p>\u201cLo de violencia vicaria nada tiene que ver con un se\u00f1or que ocupa un cargo en un partido, ni con su padre, ambos varones, adultos y con prestigio y reconocimiento. Comparar la cr\u00edtica pol\u00edtica a una figura p\u00fablica con esta violencia es un desatino conceptual y una ofensa a los miles de mujeres v\u00edctimas y a las infancias da\u00f1adas por esta pr\u00e1ctica\u201d, afirma el Frente Nacional de Mujeres.<\/p>\n<p>&nbsp;<\/p>\n<p><strong>Vino, observ\u00f3 y calific\u00f3<\/strong><\/p>\n<p>Lo que hizo la OEA en la elecci\u00f3n judicial es lo que hace desde decenios en el continente: observa comicios o circunstancias sociales y de seguridad y califica.<\/p>\n<p>Hoy, desde esta posici\u00f3n, la comisi\u00f3n de este organismo, que acudi\u00f3 a observar, testificar los comicios para elegir ministros, magistrados y jueces en M\u00e9xico, ha rendido su conclusi\u00f3n y ha dicho que este es un proceso que no debe ser replicado en ninguno de los otros Estados Americanos.<\/p>\n<p>Ofendido, el gobierno de la presidenta\u00a0<strong>Claudia Sheinbaum<\/strong>\u00a0ha respondido que la OEA debe guardarse sus opiniones, lo cual es un contrasentido porque para eso est\u00e1n.<\/p>\n<p>Se abre as\u00ed un nuevo frente de\u00a0<strong>Sheinbaum<\/strong>\u00a0a nivel internacional.<\/p>\n<p>&nbsp;<\/p>\n<p>\/ Twitter: @_Vizcaino \/ Facebook<\/p>\n<p>\/\u00a0<a href=\"https:\/\/www.facebook.com\/rvizcainoa\">https:\/\/www.facebook.com\/rvizcainoa<\/a><\/p>\n","protected":false},"excerpt":{"rendered":"<p>&nbsp; TRAS LA PUERTA DEL PODER\u00a0 Roberto Vizca\u00edno &nbsp; &nbsp; &nbsp; Sus segmentos m\u00e1s radicales, uno de ellos la CETEG, hicieron toda clase de tropel\u00edas, vandalizaron todo a su paso y hasta llegaron a saquear, causar destrozos en Gobernaci\u00f3n y la Secretar\u00eda de Bienestar y a prender fuego a la sede del SNTE, para, finalmente, [&hellip;]<\/p>\n","protected":false},"author":14,"featured_media":0,"comment_status":"open","ping_status":"open","sticky":false,"template":"","format":"standard","meta":{"_monsterinsights_skip_tracking":false,"_monsterinsights_sitenote_active":false,"_monsterinsights_sitenote_note":"","_monsterinsights_sitenote_category":0,"footnotes":""},"categories":[4,136],"tags":[],"class_list":["post-670713","post","type-post","status-publish","format-standard","hentry","category-opinion","category-roberto-vizcaino-opinion"],"_links":{"self":[{"href":"https:\/\/www.diarioimagen.net\/index.php?rest_route=\/wp\/v2\/posts\/670713","targetHints":{"allow":["GET"]}}],"collection":[{"href":"https:\/\/www.diarioimagen.net\/index.php?rest_route=\/wp\/v2\/posts"}],"about":[{"href":"https:\/\/www.diarioimagen.net\/index.php?rest_route=\/wp\/v2\/types\/post"}],"author":[{"embeddable":true,"href":"https:\/\/www.diarioimagen.net\/index.php?rest_route=\/wp\/v2\/users\/14"}],"replies":[{"embeddable":true,"href":"https:\/\/www.diarioimagen.net\/index.php?rest_route=%2Fwp%2Fv2%2Fcomments&post=670713"}],"version-history":[{"count":1,"href":"https:\/\/www.diarioimagen.net\/index.php?rest_route=\/wp\/v2\/posts\/670713\/revisions"}],"predecessor-version":[{"id":670714,"href":"https:\/\/www.diarioimagen.net\/index.php?rest_route=\/wp\/v2\/posts\/670713\/revisions\/670714"}],"wp:attachment":[{"href":"https:\/\/www.diarioimagen.net\/index.php?rest_route=%2Fwp%2Fv2%2Fmedia&parent=670713"}],"wp:term":[{"taxonomy":"category","embeddable":true,"href":"https:\/\/www.diarioimagen.net\/index.php?rest_route=%2Fwp%2Fv2%2Fcategories&post=670713"},{"taxonomy":"post_tag","embeddable":true,"href":"https:\/\/www.diarioimagen.net\/index.php?rest_route=%2Fwp%2Fv2%2Ftags&post=670713"}],"curies":[{"name":"wp","href":"https:\/\/api.w.org\/{rel}","templated":true}]}}