{"id":670861,"date":"2025-06-10T00:00:33","date_gmt":"2025-06-10T06:00:33","guid":{"rendered":"https:\/\/www.diarioimagen.net\/?p=670861"},"modified":"2025-06-09T20:00:10","modified_gmt":"2025-06-10T02:00:10","slug":"van-contra-el-acoso-en-el-transporte-publico-en-el-edomex","status":"publish","type":"post","link":"https:\/\/www.diarioimagen.net\/?p=670861","title":{"rendered":"Van contra el acoso en el transporte p\u00fablico en el Edomex"},"content":{"rendered":"<p><strong>\u00a0<\/strong><\/p>\n<ul>\n<li><strong>Campa\u00f1a \u201cNos movemos seguras\u201d <\/strong><\/li>\n<\/ul>\n<p><strong>\u00a0<\/strong><\/p>\n<div id=\"attachment_670862\" style=\"width: 415px\" class=\"wp-caption alignnone\"><img loading=\"lazy\" decoding=\"async\" aria-describedby=\"caption-attachment-670862\" class=\"wp-image-670862 size-large\" src=\"https:\/\/www.diarioimagen.net\/wp-content\/uploads\/2025\/06\/EDOMEX-2-ok-5-405x270.jpg\" alt=\"\" width=\"405\" height=\"270\" srcset=\"https:\/\/www.diarioimagen.net\/wp-content\/uploads\/2025\/06\/EDOMEX-2-ok-5-405x270.jpg 405w, https:\/\/www.diarioimagen.net\/wp-content\/uploads\/2025\/06\/EDOMEX-2-ok-5-240x160.jpg 240w, https:\/\/www.diarioimagen.net\/wp-content\/uploads\/2025\/06\/EDOMEX-2-ok-5-768x511.jpg 768w, https:\/\/www.diarioimagen.net\/wp-content\/uploads\/2025\/06\/EDOMEX-2-ok-5.jpg 1500w\" sizes=\"auto, (max-width: 405px) 100vw, 405px\" \/><p id=\"caption-attachment-670862\" class=\"wp-caption-text\">Gracias a la campa\u00f1a \u201cNos Movemos Seguras\u201d, implementada por la Gobernadora Delfina G\u00f3mez \u00c1lvarez, las usuarias del transporte p\u00fablico en el Estado de M\u00e9xico viajan m\u00e1s tranquilas.<\/p><\/div>\n<p>&nbsp;<\/p>\n<p>Toluca, Estado de M\u00e9xico.\u2013 Las usuarias del transporte p\u00fablico en el Estado de M\u00e9xico viajan m\u00e1s tranquilas gracias a la campa\u00f1a \u201cNos Movemos Seguras\u201d implementada por la Gobernadora Delfina G\u00f3mez \u00c1lvarez, mediante este programa las mujeres que se sientan vulneradas o en riesgo pueden reportar la situaci\u00f3n con el ch\u00f3fer de la unidad, quien tiene la obligaci\u00f3n de pedir apoyo al centro de control y tomar los datos de la persona agresora.<\/p>\n<p>\u201cCreo que esto es algo muy importante, ya que hemos ca\u00eddo en el hecho de normalizar la situaci\u00f3n y el tener el acceso a esta informaci\u00f3n y a todas las l\u00edneas de ayuda, creo ayuda a que todos podemos viajar tranquilos, entonces es muy importante y est\u00e1 muy padre\u201d, comparti\u00f3 Fer, usuaria del Metro Cuatro Caminos.<\/p>\n<p>El 5 de junio se activ\u00f3 el Protocolo de Atenci\u00f3n al Acoso Sexual en el Transporte P\u00fablico. Una joven a bordo de la unidad ECO 74 en la L\u00ednea II del Mexib\u00fas en Coacalco denunci\u00f3 una situaci\u00f3n de acoso, de manera inmediata el conductor de la unidad report\u00f3 el hecho; la persona agresora fue remitida al Juez Calificador de Coacalco de Berrioz\u00e1bal, mientras que la usuaria fue atendida por las instancias competentes.<\/p>\n<p>\u201cMe parece muy bien lo que est\u00e1n haciendo en el Estado de M\u00e9xico para prevenir lo del acoso sexual. Yo tengo una adolescente de 15 a\u00f1os, esa es mi preocupaci\u00f3n, que el d\u00eda de ma\u00f1ana algo le vaya a pasar tanto a ella como a varias ni\u00f1as de su edad, m\u00e1s personas, gente mayor, pues no me gustar\u00eda, entonces me gusta este modo de prevenci\u00f3n que est\u00e1n haciendo en el Estado de M\u00e9xico\u201d, expres\u00f3 Mar\u00eda de los \u00c1ngeles, usuaria del Mexicable en Ecatepec.<\/p>\n<p>La campa\u00f1a \u201cNos Movemos Seguras\u201d es coordinada por las secretar\u00edas de las Mujeres (SeMujeres) y la de Movilidad (Semov), esta iniciativa ofrece herramientas para identificar el acoso y saber c\u00f3mo actuar, una de ellas es el Escal\u00f3metro de la violencia, que ayuda a reconocer los niveles y tipos de agresi\u00f3n, y c\u00f3mo denunciar.<\/p>\n<p>Adem\u00e1s, a trav\u00e9s de frases como \u201cNo es piropo, es acoso\u201d, \u201cNo es un roce, es acoso\u201d o \u201cEl acoso no es normal\u201d colocados en el interior de las unidades de transporte p\u00fablico, se buscan erradicar estereotipos, visibilizar la violencia cotidiana, fomentar cambios culturales dirigidos a construir una sociedad igualitaria e inclusiva y empoderar a las mujeres.<\/p>\n<p>&nbsp;<\/p>\n<p><strong>\u00a0<\/strong><\/p>\n","protected":false},"excerpt":{"rendered":"<p>\u00a0 Campa\u00f1a \u201cNos movemos seguras\u201d \u00a0 &nbsp; Toluca, Estado de M\u00e9xico.\u2013 Las usuarias del transporte p\u00fablico en el Estado de M\u00e9xico viajan m\u00e1s tranquilas gracias a la campa\u00f1a \u201cNos Movemos Seguras\u201d implementada por la Gobernadora Delfina G\u00f3mez \u00c1lvarez, mediante este programa las mujeres que se sientan vulneradas o en riesgo pueden reportar la situaci\u00f3n con [&hellip;]<\/p>\n","protected":false},"author":14,"featured_media":0,"comment_status":"open","ping_status":"open","sticky":false,"template":"","format":"standard","meta":{"_monsterinsights_skip_tracking":false,"_monsterinsights_sitenote_active":false,"_monsterinsights_sitenote_note":"","_monsterinsights_sitenote_category":0,"footnotes":""},"categories":[16,5],"tags":[],"class_list":["post-670861","post","type-post","status-publish","format-standard","hentry","category-destacadas","category-estado-de-mexico"],"_links":{"self":[{"href":"https:\/\/www.diarioimagen.net\/index.php?rest_route=\/wp\/v2\/posts\/670861","targetHints":{"allow":["GET"]}}],"collection":[{"href":"https:\/\/www.diarioimagen.net\/index.php?rest_route=\/wp\/v2\/posts"}],"about":[{"href":"https:\/\/www.diarioimagen.net\/index.php?rest_route=\/wp\/v2\/types\/post"}],"author":[{"embeddable":true,"href":"https:\/\/www.diarioimagen.net\/index.php?rest_route=\/wp\/v2\/users\/14"}],"replies":[{"embeddable":true,"href":"https:\/\/www.diarioimagen.net\/index.php?rest_route=%2Fwp%2Fv2%2Fcomments&post=670861"}],"version-history":[{"count":1,"href":"https:\/\/www.diarioimagen.net\/index.php?rest_route=\/wp\/v2\/posts\/670861\/revisions"}],"predecessor-version":[{"id":670863,"href":"https:\/\/www.diarioimagen.net\/index.php?rest_route=\/wp\/v2\/posts\/670861\/revisions\/670863"}],"wp:attachment":[{"href":"https:\/\/www.diarioimagen.net\/index.php?rest_route=%2Fwp%2Fv2%2Fmedia&parent=670861"}],"wp:term":[{"taxonomy":"category","embeddable":true,"href":"https:\/\/www.diarioimagen.net\/index.php?rest_route=%2Fwp%2Fv2%2Fcategories&post=670861"},{"taxonomy":"post_tag","embeddable":true,"href":"https:\/\/www.diarioimagen.net\/index.php?rest_route=%2Fwp%2Fv2%2Ftags&post=670861"}],"curies":[{"name":"wp","href":"https:\/\/api.w.org\/{rel}","templated":true}]}}