{"id":670874,"date":"2025-06-10T00:00:27","date_gmt":"2025-06-10T06:00:27","guid":{"rendered":"https:\/\/www.diarioimagen.net\/?p=670874"},"modified":"2025-06-09T20:34:09","modified_gmt":"2025-06-10T02:34:09","slug":"motociclistas-encabezan-numero-de-muertes-viales-en-la-ciudad-de-mexico","status":"publish","type":"post","link":"https:\/\/www.diarioimagen.net\/?p=670874","title":{"rendered":"Motociclistas encabezan  n\u00famero de muertes viales  en la Ciudad de M\u00e9xico"},"content":{"rendered":"<ul>\n<li><strong>Aumenta \u00edndice de siniestralidad <\/strong><\/li>\n<li><strong>En 2024 se reportaron 232 decesos por accidentes en estos veh\u00edculos en la capital<\/strong><\/li>\n<\/ul>\n<p>&nbsp;<\/p>\n<div id=\"attachment_670875\" style=\"width: 470px\" class=\"wp-caption alignnone\"><img loading=\"lazy\" decoding=\"async\" aria-describedby=\"caption-attachment-670875\" class=\"wp-image-670875 size-large\" src=\"https:\/\/www.diarioimagen.net\/wp-content\/uploads\/2025\/06\/MUERTES-EN-MOTO-460x259.jpeg\" alt=\"\" width=\"460\" height=\"259\" srcset=\"https:\/\/www.diarioimagen.net\/wp-content\/uploads\/2025\/06\/MUERTES-EN-MOTO-460x259.jpeg 460w, https:\/\/www.diarioimagen.net\/wp-content\/uploads\/2025\/06\/MUERTES-EN-MOTO-240x135.jpeg 240w, https:\/\/www.diarioimagen.net\/wp-content\/uploads\/2025\/06\/MUERTES-EN-MOTO-768x433.jpeg 768w, https:\/\/www.diarioimagen.net\/wp-content\/uploads\/2025\/06\/MUERTES-EN-MOTO-480x270.jpeg 480w, https:\/\/www.diarioimagen.net\/wp-content\/uploads\/2025\/06\/MUERTES-EN-MOTO-235x132.jpeg 235w, https:\/\/www.diarioimagen.net\/wp-content\/uploads\/2025\/06\/MUERTES-EN-MOTO-202x114.jpeg 202w, https:\/\/www.diarioimagen.net\/wp-content\/uploads\/2025\/06\/MUERTES-EN-MOTO-350x196.jpeg 350w, https:\/\/www.diarioimagen.net\/wp-content\/uploads\/2025\/06\/MUERTES-EN-MOTO-220x123.jpeg 220w, https:\/\/www.diarioimagen.net\/wp-content\/uploads\/2025\/06\/MUERTES-EN-MOTO-237x132.jpeg 237w, https:\/\/www.diarioimagen.net\/wp-content\/uploads\/2025\/06\/MUERTES-EN-MOTO.jpeg 1333w\" sizes=\"auto, (max-width: 460px) 100vw, 460px\" \/><p id=\"caption-attachment-670875\" class=\"wp-caption-text\">El creciente uso de motos en la Ciudad de M\u00e9xico tambi\u00e9n ha venido acompa\u00f1ada de un alarmante aumento en la siniestralidad. S\u00f3lo en 2024 se reportaron 232 muertes de motociclistas en la capital, superando las 204 del a\u00f1o anterior.<\/p><\/div>\n<p>La Ciudad de M\u00e9xico registra un crecimiento exponencial en el uso de motocicletas como alternativa al transporte p\u00fablico, lo que incrementa, a la vez, el n\u00famero de accidentes viales por la falta de precauci\u00f3n de quienes manejan este tipo de veh\u00edculos.<\/p>\n<p>La agilidad para sortear el tr\u00e1fico y facilidad de adquisici\u00f3n han convertido a estos veh\u00edculos en una opci\u00f3n atractiva, especialmente entre los sectores con menos recursos.<\/p>\n<p>Nicol\u00e1s Rosales Pallares, presidente de la Asociaci\u00f3n Mexicana de Transporte y Movilidad (AMTM), explica que las motocicletas han sustituido en muchos casos al transporte colectivo debido a su accesibilidad econ\u00f3mica.<\/p>\n<p>Este tipo de veh\u00edculos ha penetrado principalmente en los estratos m\u00e1s bajos, donde las opciones de movilidad son limitadas y el transporte p\u00fablico no siempre llega\u201d, dijo.<\/p>\n<p>Sin embargo, esta creciente motorizaci\u00f3n tambi\u00e9n ha venido acompa\u00f1ada de un alarmante aumento en la siniestralidad. S\u00f3lo en 2024 se reportaron 232 muertes de motociclistas en la capital, superando las 204 del a\u00f1o anterior.<\/p>\n<p>Rosales Pallares subraya que los motociclistas encabezan las estad\u00edsticas de muertes viales, por encima de peatones y ciclistas.<\/p>\n<p>La Secretar\u00eda de Movilidad capitalina revela que en el primer trimestre de 2025 se registraron ocho mil 659 motociclistas lesionados: dos mil 529 por choques; mil 449, por derrapes; 70, por atropellamientos, y dos cayeron de sus unidades.<\/p>\n<p>&nbsp;<\/p>\n<p><strong>Datos de accidentes de moto<\/strong><\/p>\n<p>&nbsp;<\/p>\n<p>En el primer trimestre de 2025, murieron 54 motociclistas en siniestros viales en la Ciudad de M\u00e9xico (CDMX), es decir, el 48.6 por ciento del total de fallecimientos que sumaron 111.<\/p>\n<p>Le siguieron los peatones con 33 fallecimientos, los pasajeros con 16, los conductores con 6 y los ciclistas con 2, de acuerdo con el reporte trimestral, enero-marzo, de la Secretar\u00eda de Movilidad de 2025.<\/p>\n<p>Sobre la vulnerabilidad de personas, ante alg\u00fan hecho de tr\u00e1nsito, los bikers que fallecieron aumentaron, pasando de 3 de cada 10 personas fallecidas en el periodo de 2019 a 5 de cada 10 en 2025, colocando a este sector en el lugar uno de riesgo.<\/p>\n<p>De los 54 motociclistas que han muerto, 34 perdieron la vida en alg\u00fan choque; 2 en atropellamiento y 18 al derrapar su unidad.<\/p>\n<p>De acuerdo con la informaci\u00f3n de la Secretar\u00eda de Seguridad Ciudadana, durante el primer trimestre de 2025 se tuvo alta concentraci\u00f3n de hechos de tr\u00e1nsito fatales sobre Anillo Perif\u00e9rico, Calzada Ignacio Zaragoza, Eje 3 Oriente, Circuito Interior y Eje 5 Sur.<\/p>\n<p>Desde 2020, los motociclistas encabezan los fallecimientos por accidentes viales en la Ciudad de M\u00e9xico, en 2020 fallecieron 130 personas, mientras que en 2024 fueron 232 los descensos.<\/p>\n<p>Mientras que en el primer trimestre de 2025 fallecieron 54 motociclistas, lo que representa el 48.6%del total de 111 muertes registradas en hechos de tr\u00e1nsito.<\/p>\n<p>Adem\u00e1s, los motociclistas tambi\u00e9n lideran la lista de lesionados, con 4,050 personas heridas en el mismo periodo. Expertos en movilidad han instado al gobierno capitalino a tomar medidas urgentes para reducir estos incidentes, incluyendo regulaciones m\u00e1s estrictas para motocicletas el\u00e9ctricas.<\/p>\n<p>&nbsp;<\/p>\n<p><strong>Tragedias evitables<\/strong><\/p>\n<p>&nbsp;<\/p>\n<p>Por su parte, Luis Alberto D\u00edaz Guti\u00e9rrez, inspector jefe y director de Control de Estacionamiento de la Ciudad de M\u00e9xico, advierte que muchas de estas tragedias son evitables.<\/p>\n<p>La mayor\u00eda de los incidentes est\u00e1n relacionados con el exceso de velocidad y la falta del uso de casco. Hace poco, una joven de unos 25 a\u00f1os perdi\u00f3 la vida tras no ver un tope, caer y golpear su cabeza sin protecci\u00f3n contra el pavimento\u201d, relat\u00f3.<\/p>\n<p>Lo que es cierto, que a pesar de las campa\u00f1as y sobre todo de las multas que se les aplica a los infractores, no utilizan el casco obligatorio porque se despeinan.<\/p>\n<p>Pues algunos ciudadanos a\u00fan contin\u00faan un poco renuentes al usar el casco; muchas veces no quieren usarlo por motivos de que se despeinan. Suena un poco gracioso, pero es por lo que mayormente tenemos accidentes y por lo que la gente ha fallecido, lamentablemente\u201d, dijo D\u00edaz Guti\u00e9rrez.<\/p>\n<p>Seg\u00fan Semovi (Secretar\u00eda de Movilidad), de los 368 fallecimientos en los primeros nueve meses del a\u00f1o pasado, la mitad fueron motociclistas. La causa m\u00e1s com\u00fan: el exceso de velocidad\u201d, puntualiz\u00f3.<\/p>\n<p>&nbsp;<\/p>\n<p><strong>Problema de salud p\u00fablica<\/strong><\/p>\n<p>&nbsp;<\/p>\n<p>Durante el 16\u00ba Congreso Internacional de Transporte, expertos advirtieron que el aumento en el uso de motos podr\u00eda convertirse en un problema de salud p\u00fablica. Y no exageran: las motos est\u00e1n involucradas en 4 de cada 10 muertes de peatones.<\/p>\n<p>Entre 2014 y 2023, el n\u00famero de motos registradas en la Ciudad de M\u00e9xico se triplic\u00f3: pasamos de 210,020 a 716,400 unidades. El resultado es una mayor incidencia de accidentes, lesiones graves y muertes.<\/p>\n<p>La Asociaci\u00f3n Mexicana de Transporte y Movilidad advirti\u00f3 que para 2040, las motocicletas podr\u00edan representar el 70% del parque vehicular en la CDMX. Y si no actuamos ahora con medidas que realmente funcionen, el problema solo empeorar\u00e1.<\/p>\n<p>&nbsp;<\/p>\n<p>&nbsp;<\/p>\n<p><strong>\u00a0<\/strong><\/p>\n<p>&nbsp;<\/p>\n<p>&nbsp;<\/p>\n","protected":false},"excerpt":{"rendered":"<p>Aumenta \u00edndice de siniestralidad En 2024 se reportaron 232 decesos por accidentes en estos veh\u00edculos en la capital &nbsp; La Ciudad de M\u00e9xico registra un crecimiento exponencial en el uso de motocicletas como alternativa al transporte p\u00fablico, lo que incrementa, a la vez, el n\u00famero de accidentes viales por la falta de precauci\u00f3n de quienes [&hellip;]<\/p>\n","protected":false},"author":14,"featured_media":670875,"comment_status":"open","ping_status":"open","sticky":false,"template":"","format":"standard","meta":{"_monsterinsights_skip_tracking":false,"_monsterinsights_sitenote_active":false,"_monsterinsights_sitenote_note":"","_monsterinsights_sitenote_category":0,"footnotes":""},"categories":[3],"tags":[],"class_list":["post-670874","post","type-post","status-publish","format-standard","has-post-thumbnail","hentry","category-nacional"],"_links":{"self":[{"href":"https:\/\/www.diarioimagen.net\/index.php?rest_route=\/wp\/v2\/posts\/670874","targetHints":{"allow":["GET"]}}],"collection":[{"href":"https:\/\/www.diarioimagen.net\/index.php?rest_route=\/wp\/v2\/posts"}],"about":[{"href":"https:\/\/www.diarioimagen.net\/index.php?rest_route=\/wp\/v2\/types\/post"}],"author":[{"embeddable":true,"href":"https:\/\/www.diarioimagen.net\/index.php?rest_route=\/wp\/v2\/users\/14"}],"replies":[{"embeddable":true,"href":"https:\/\/www.diarioimagen.net\/index.php?rest_route=%2Fwp%2Fv2%2Fcomments&post=670874"}],"version-history":[{"count":1,"href":"https:\/\/www.diarioimagen.net\/index.php?rest_route=\/wp\/v2\/posts\/670874\/revisions"}],"predecessor-version":[{"id":670876,"href":"https:\/\/www.diarioimagen.net\/index.php?rest_route=\/wp\/v2\/posts\/670874\/revisions\/670876"}],"wp:featuredmedia":[{"embeddable":true,"href":"https:\/\/www.diarioimagen.net\/index.php?rest_route=\/wp\/v2\/media\/670875"}],"wp:attachment":[{"href":"https:\/\/www.diarioimagen.net\/index.php?rest_route=%2Fwp%2Fv2%2Fmedia&parent=670874"}],"wp:term":[{"taxonomy":"category","embeddable":true,"href":"https:\/\/www.diarioimagen.net\/index.php?rest_route=%2Fwp%2Fv2%2Fcategories&post=670874"},{"taxonomy":"post_tag","embeddable":true,"href":"https:\/\/www.diarioimagen.net\/index.php?rest_route=%2Fwp%2Fv2%2Ftags&post=670874"}],"curies":[{"name":"wp","href":"https:\/\/api.w.org\/{rel}","templated":true}]}}