{"id":670891,"date":"2025-06-10T00:00:33","date_gmt":"2025-06-10T06:00:33","guid":{"rendered":"https:\/\/www.diarioimagen.net\/?p=670891"},"modified":"2025-06-09T20:47:12","modified_gmt":"2025-06-10T02:47:12","slug":"edomex-refuerza-atencion-a-casos-de-desapariciones-en-la-zona-oriente","status":"publish","type":"post","link":"https:\/\/www.diarioimagen.net\/?p=670891","title":{"rendered":"\u00a0  Edomex refuerza atenci\u00f3n a casos  de desapariciones en la zona oriente  \u00a0"},"content":{"rendered":"<ul>\n<li><strong>Campa\u00f1a en 8 municipios<\/strong><\/li>\n<li><strong>&#8211; Autoridades intensifican la b\u00fasqueda de personas con difusi\u00f3n en bardas, postes y espacios p\u00fablicos <\/strong><\/li>\n<\/ul>\n<p>&nbsp;<\/p>\n<div id=\"attachment_670892\" style=\"width: 415px\" class=\"wp-caption alignnone\"><img loading=\"lazy\" decoding=\"async\" aria-describedby=\"caption-attachment-670892\" class=\"wp-image-670892 size-large\" src=\"https:\/\/www.diarioimagen.net\/wp-content\/uploads\/2025\/06\/DESAPARICIONES-405x270.jpeg\" alt=\"\" width=\"405\" height=\"270\" srcset=\"https:\/\/www.diarioimagen.net\/wp-content\/uploads\/2025\/06\/DESAPARICIONES-405x270.jpeg 405w, https:\/\/www.diarioimagen.net\/wp-content\/uploads\/2025\/06\/DESAPARICIONES-240x160.jpeg 240w, https:\/\/www.diarioimagen.net\/wp-content\/uploads\/2025\/06\/DESAPARICIONES-768x512.jpeg 768w, https:\/\/www.diarioimagen.net\/wp-content\/uploads\/2025\/06\/DESAPARICIONES-1536x1024.jpeg 1536w, https:\/\/www.diarioimagen.net\/wp-content\/uploads\/2025\/06\/DESAPARICIONES-2048x1365.jpeg 2048w\" sizes=\"auto, (max-width: 405px) 100vw, 405px\" \/><p id=\"caption-attachment-670892\" class=\"wp-caption-text\">El gobierno de la maestra Delfina G\u00f3mez \u00c1lvarez refuerza la atenci\u00f3n a casos de personas desaparecidas en ocho municipios clave de la zona oriente del Estado de M\u00e9xico.<\/p><\/div>\n<p>&nbsp;<\/p>\n<p>Nezahualc\u00f3yotl, Estado de M\u00e9xico.\u2013 Con una intensa jornada de difusi\u00f3n de boletines de b\u00fasqueda, el gobierno de la maestra Delfina G\u00f3mez \u00c1lvarez refuerza la atenci\u00f3n a casos de personas desaparecidas en ocho municipios clave de la zona oriente del Estado de M\u00e9xico.<\/p>\n<p>&nbsp;<\/p>\n<p>Nezahualc\u00f3yotl, Chimalhuac\u00e1n, Texcoco, Valle de Chalco, Chicoloapan, Chalco, La Paz e Ixtapaluca son los municipios donde se coloca la informaci\u00f3n en bardas, postes y espacios p\u00fablicos para localizar a personas, en coordinaci\u00f3n con autoridades locales.<\/p>\n<p>&nbsp;<\/p>\n<p>Alma Patricia Bernal Oceguera, Encargada del Despacho de la Direcci\u00f3n General de la Comisi\u00f3n de B\u00fasqueda de Personas del Estado de M\u00e9xico (COBUPEM), adscrita a la Consejer\u00eda Jur\u00eddica, explic\u00f3 que esta estrategia instruida por la Gobernadora Delfina G\u00f3mez \u00c1lvarez se implementa en coordinaci\u00f3n con autoridades de los ocho municipios antes mencionados.<\/p>\n<p>&nbsp;<\/p>\n<p>&nbsp;<\/p>\n<p>\u201cDesde el inicio de su mandato, la Gobernadora (Delfina G\u00f3mez \u00c1lvarez) orden\u00f3 mantener activas las acciones de b\u00fasqueda. Esta estrategia forma parte de un esfuerzo interinstitucional que impulsamos con la Consejer\u00eda Jur\u00eddica, la Secretar\u00eda General de Gobierno y la Secretar\u00eda de Seguridad, para saldar una deuda hist\u00f3rica con las familias mexiquenses\u201d, afirm\u00f3 Bernal Oceguera.<\/p>\n<p>&nbsp;<\/p>\n<p>&nbsp;<\/p>\n<p>La funcionaria detall\u00f3 que, con el respaldo de la Polic\u00eda de G\u00e9nero y las C\u00e9lulas de B\u00fasqueda municipales, del 3 al 26 de junio el personal recorrer\u00e1 las colonias de estos ocho municipios colocando en postes, bardas y espacios p\u00fablicos los boletines de b\u00fasqueda.<\/p>\n<p>&nbsp;<\/p>\n<p>&nbsp;<\/p>\n<p>\u201cCada vez que un bolet\u00edn se difunde, se abre una posibilidad de localizar a la persona y reintegrarla a su entorno familiar. Por eso, no descansamos en esta labor: salimos a las calles con el compromiso de servir y buscar hasta encontrarlos\u201d, agreg\u00f3.<\/p>\n<p>&nbsp;<\/p>\n<p>Estas acciones se enmarcan en los lineamientos del Protocolo Homologado para la B\u00fasqueda de Personas Desaparecidas y No Localizadas, que reconoce la difusi\u00f3n p\u00fablica como una medida continua, permanente e indispensable dentro de los procesos de localizaci\u00f3n.<\/p>\n<p>&nbsp;<\/p>\n<p>&nbsp;<\/p>\n<p>La COBUPEM pone a disposici\u00f3n de la ciudadan\u00eda las l\u00edneas telef\u00f3nicas 800 509 0927 y 800 216 0361, con atenci\u00f3n gratuita las 24 horas, todos los d\u00edas del a\u00f1o.<\/p>\n<p>&nbsp;<\/p>\n<p>&nbsp;<\/p>\n","protected":false},"excerpt":{"rendered":"<p>Campa\u00f1a en 8 municipios &#8211; Autoridades intensifican la b\u00fasqueda de personas con difusi\u00f3n en bardas, postes y espacios p\u00fablicos &nbsp; &nbsp; Nezahualc\u00f3yotl, Estado de M\u00e9xico.\u2013 Con una intensa jornada de difusi\u00f3n de boletines de b\u00fasqueda, el gobierno de la maestra Delfina G\u00f3mez \u00c1lvarez refuerza la atenci\u00f3n a casos de personas desaparecidas en ocho municipios clave [&hellip;]<\/p>\n","protected":false},"author":14,"featured_media":670892,"comment_status":"open","ping_status":"open","sticky":false,"template":"","format":"standard","meta":{"_monsterinsights_skip_tracking":false,"_monsterinsights_sitenote_active":false,"_monsterinsights_sitenote_note":"","_monsterinsights_sitenote_category":0,"footnotes":""},"categories":[7],"tags":[],"class_list":["post-670891","post","type-post","status-publish","format-standard","has-post-thumbnail","hentry","category-seguridad"],"_links":{"self":[{"href":"https:\/\/www.diarioimagen.net\/index.php?rest_route=\/wp\/v2\/posts\/670891","targetHints":{"allow":["GET"]}}],"collection":[{"href":"https:\/\/www.diarioimagen.net\/index.php?rest_route=\/wp\/v2\/posts"}],"about":[{"href":"https:\/\/www.diarioimagen.net\/index.php?rest_route=\/wp\/v2\/types\/post"}],"author":[{"embeddable":true,"href":"https:\/\/www.diarioimagen.net\/index.php?rest_route=\/wp\/v2\/users\/14"}],"replies":[{"embeddable":true,"href":"https:\/\/www.diarioimagen.net\/index.php?rest_route=%2Fwp%2Fv2%2Fcomments&post=670891"}],"version-history":[{"count":1,"href":"https:\/\/www.diarioimagen.net\/index.php?rest_route=\/wp\/v2\/posts\/670891\/revisions"}],"predecessor-version":[{"id":670893,"href":"https:\/\/www.diarioimagen.net\/index.php?rest_route=\/wp\/v2\/posts\/670891\/revisions\/670893"}],"wp:featuredmedia":[{"embeddable":true,"href":"https:\/\/www.diarioimagen.net\/index.php?rest_route=\/wp\/v2\/media\/670892"}],"wp:attachment":[{"href":"https:\/\/www.diarioimagen.net\/index.php?rest_route=%2Fwp%2Fv2%2Fmedia&parent=670891"}],"wp:term":[{"taxonomy":"category","embeddable":true,"href":"https:\/\/www.diarioimagen.net\/index.php?rest_route=%2Fwp%2Fv2%2Fcategories&post=670891"},{"taxonomy":"post_tag","embeddable":true,"href":"https:\/\/www.diarioimagen.net\/index.php?rest_route=%2Fwp%2Fv2%2Ftags&post=670891"}],"curies":[{"name":"wp","href":"https:\/\/api.w.org\/{rel}","templated":true}]}}