{"id":670902,"date":"2025-06-10T00:00:43","date_gmt":"2025-06-10T06:00:43","guid":{"rendered":"https:\/\/www.diarioimagen.net\/?p=670902"},"modified":"2025-06-09T21:27:47","modified_gmt":"2025-06-10T03:27:47","slug":"la-sectur-y-la-stps-presentan-jovenes-construyendo-el-futuro-al-sector-privado-de-acapulco","status":"publish","type":"post","link":"https:\/\/www.diarioimagen.net\/?p=670902","title":{"rendered":"La Sectur y la STPS presentan  J\u00f3venes Construyendo el Futuro  \u00a0al sector privado de Acapulco"},"content":{"rendered":"<ul>\n<li><strong>Llamado a impulsar el desarrollo del puerto<\/strong><\/li>\n<\/ul>\n<div id=\"attachment_670903\" style=\"width: 415px\" class=\"wp-caption alignnone\"><img loading=\"lazy\" decoding=\"async\" aria-describedby=\"caption-attachment-670903\" class=\"wp-image-670903 size-large\" src=\"https:\/\/www.diarioimagen.net\/wp-content\/uploads\/2025\/06\/SECTUR-1-405x270.jpeg\" alt=\"\" width=\"405\" height=\"270\" srcset=\"https:\/\/www.diarioimagen.net\/wp-content\/uploads\/2025\/06\/SECTUR-1-405x270.jpeg 405w, https:\/\/www.diarioimagen.net\/wp-content\/uploads\/2025\/06\/SECTUR-1-240x160.jpeg 240w, https:\/\/www.diarioimagen.net\/wp-content\/uploads\/2025\/06\/SECTUR-1-768x512.jpeg 768w, https:\/\/www.diarioimagen.net\/wp-content\/uploads\/2025\/06\/SECTUR-1-1536x1024.jpeg 1536w, https:\/\/www.diarioimagen.net\/wp-content\/uploads\/2025\/06\/SECTUR-1.jpeg 2048w\" sizes=\"auto, (max-width: 405px) 100vw, 405px\" \/><p id=\"caption-attachment-670903\" class=\"wp-caption-text\">La Sectur y la STPS exhortaron al sector privado de Acapulco a sumarse como tutores para impulsar el desarrollo econ\u00f3mico y social del puerto<\/p><\/div>\n<p><strong>\u00a0<\/strong><\/p>\n<p><strong>\u00a0<\/strong><\/p>\n<p><strong>\u00a0<\/strong><\/p>\n<p>&nbsp;<\/p>\n<p>&nbsp;<\/p>\n<p>El subsecretario de Turismo, Sebasti\u00e1n Ram\u00edrez Mendoza, en conjunto con la subsecretaria de Empleo y Productividad Laboral de la Secretar\u00eda del Trabajo y Previsi\u00f3n Social, Quiahuitl Ch\u00e1vez Dom\u00ednguez, presentaron al sector empresarial de Acapulco el programa J\u00f3venes Construyendo el Futuro, el cual se sumar\u00e1 a los esfuerzos de la estrategia Acapulco se Transforma Contigo.<\/p>\n<p>Ante m\u00e1s de 200 representantes de c\u00e1maras de comercio y empresas, destac\u00f3 que esta iniciativa responde a una necesidad planteada por el sector tur\u00edstico del puerto: contar con personal capacitado. Asimismo, explic\u00f3 que el programa busca atender los problemas de pobreza laboral y trabajo informal en el estado.<\/p>\n<p>Ram\u00edrez Mendoza exhort\u00f3 al sector privado de Acapulco a registrarse como tutores de este programa, con el objetivo de incrementar su capital humano, fortalecer sus negocios a trav\u00e9s de la capacitaci\u00f3n de talento joven y brindar a los j\u00f3venes la oportunidad adquirir experiencia profesional mientras reciben un apoyo econ\u00f3mico por parte del Gobierno de M\u00e9xico, adem\u00e1s de reducir costos mediante el ahorro en el pago de apoyo econ\u00f3mico y en el seguro m\u00e9dico.<\/p>\n<p>\u201cQueremos plantearles una alianza, hag\u00e1moslo juntos, apliquemos juntos. Tenemos que irnos a rescatar a las y los j\u00f3venes de Acapulco, y s\u00ed, hay muchos que quieren entrar a trabajar, hay muchos que quieren aprender\u201d, manifest\u00f3.<\/p>\n<p>El subsecretario se\u00f1al\u00f3 que las y los j\u00f3venes interesados, de entre 18 y 29 a\u00f1os, que no estudian ni laboran, podr\u00e1n acceder a una capacitaci\u00f3n de hasta 12 meses en centros de trabajo de Acapulco, recibir\u00e1n un apoyo econ\u00f3mico mensual de m\u00e1s de ocho mil pesos y obtendr\u00e1n una constancia de capacitaci\u00f3n.<\/p>\n<p>Asimismo, contar\u00e1n con seguro m\u00e9dico proporcionado por el Instituto Mexicano del Seguro Social y participar\u00e1n en todas las actividades de aprendizaje te\u00f3ricas y pr\u00e1cticas establecidas en el Plan de Actividades.<\/p>\n<p>Ram\u00edrez Mendoza precis\u00f3 que 88 por ciento de los centros de trabajo consideran que este programa aleja a las juventudes del crimen y las conductas antisociales, mientras que el 79 por ciento opina que ayuda a los j\u00f3venes a salir de la pobreza. Adem\u00e1s, destac\u00f3 que las y los egresados tienen casi tres veces m\u00e1s probabilidades de encontrar un empleo y un 25 por ciento m\u00e1s de probabilidades de acceder a servicios de salud.<\/p>\n<p>En la presentaci\u00f3n del programa estuvieron presentes el secretario de Turismo de Guerrero, Sim\u00f3n Qui\u00f1ones Orozco; el secretario de Turismo del Municipio de Acapulco de Ju\u00e1rez, No\u00e9 Peralta Herrera; el titular de la Unidad del Servicio Nacional de Empleo, Claudio Frausto Lara; la directora del Programa J\u00f3venes Construyendo el Futuro en Guerrero, Mar\u00eda Fernanda Campos Robles, entre otros.<\/p>\n<p>Tambi\u00e9n asistieron presidentes y representantes de Concanaco, Concamin, Grupo Mundo Imperial, Consorcio Ara, Grupo Posadas, Grupo Monyoli, Construrama Grupo Roca, Asociaci\u00f3n de Hoteles y Empresas Tur\u00edsticas de Acapulco, Grupo Tortuga, Grupo Mexicano del Desarrollo, y m\u00e1s.<\/p>\n<p>&nbsp;<\/p>\n","protected":false},"excerpt":{"rendered":"<p>Llamado a impulsar el desarrollo del puerto \u00a0 \u00a0 \u00a0 &nbsp; &nbsp; El subsecretario de Turismo, Sebasti\u00e1n Ram\u00edrez Mendoza, en conjunto con la subsecretaria de Empleo y Productividad Laboral de la Secretar\u00eda del Trabajo y Previsi\u00f3n Social, Quiahuitl Ch\u00e1vez Dom\u00ednguez, presentaron al sector empresarial de Acapulco el programa J\u00f3venes Construyendo el Futuro, el cual se [&hellip;]<\/p>\n","protected":false},"author":14,"featured_media":670903,"comment_status":"open","ping_status":"open","sticky":false,"template":"","format":"standard","meta":{"_monsterinsights_skip_tracking":false,"_monsterinsights_sitenote_active":false,"_monsterinsights_sitenote_note":"","_monsterinsights_sitenote_category":0,"footnotes":""},"categories":[3],"tags":[],"class_list":["post-670902","post","type-post","status-publish","format-standard","has-post-thumbnail","hentry","category-nacional"],"_links":{"self":[{"href":"https:\/\/www.diarioimagen.net\/index.php?rest_route=\/wp\/v2\/posts\/670902","targetHints":{"allow":["GET"]}}],"collection":[{"href":"https:\/\/www.diarioimagen.net\/index.php?rest_route=\/wp\/v2\/posts"}],"about":[{"href":"https:\/\/www.diarioimagen.net\/index.php?rest_route=\/wp\/v2\/types\/post"}],"author":[{"embeddable":true,"href":"https:\/\/www.diarioimagen.net\/index.php?rest_route=\/wp\/v2\/users\/14"}],"replies":[{"embeddable":true,"href":"https:\/\/www.diarioimagen.net\/index.php?rest_route=%2Fwp%2Fv2%2Fcomments&post=670902"}],"version-history":[{"count":1,"href":"https:\/\/www.diarioimagen.net\/index.php?rest_route=\/wp\/v2\/posts\/670902\/revisions"}],"predecessor-version":[{"id":670904,"href":"https:\/\/www.diarioimagen.net\/index.php?rest_route=\/wp\/v2\/posts\/670902\/revisions\/670904"}],"wp:featuredmedia":[{"embeddable":true,"href":"https:\/\/www.diarioimagen.net\/index.php?rest_route=\/wp\/v2\/media\/670903"}],"wp:attachment":[{"href":"https:\/\/www.diarioimagen.net\/index.php?rest_route=%2Fwp%2Fv2%2Fmedia&parent=670902"}],"wp:term":[{"taxonomy":"category","embeddable":true,"href":"https:\/\/www.diarioimagen.net\/index.php?rest_route=%2Fwp%2Fv2%2Fcategories&post=670902"},{"taxonomy":"post_tag","embeddable":true,"href":"https:\/\/www.diarioimagen.net\/index.php?rest_route=%2Fwp%2Fv2%2Ftags&post=670902"}],"curies":[{"name":"wp","href":"https:\/\/api.w.org\/{rel}","templated":true}]}}