{"id":670914,"date":"2025-06-10T00:00:22","date_gmt":"2025-06-10T06:00:22","guid":{"rendered":"https:\/\/www.diarioimagen.net\/?p=670914"},"modified":"2025-06-09T21:34:35","modified_gmt":"2025-06-10T03:34:35","slug":"detras-de-tu-vida-esta-la-cultura-que-nos-une-ventanas-de-mexico","status":"publish","type":"post","link":"https:\/\/www.diarioimagen.net\/?p=670914","title":{"rendered":"\u00a0  Detr\u00e1s de tu vida est\u00e1 la cultura que nos une: Ventanas de M\u00e9xico"},"content":{"rendered":"<ul>\n<li><strong>Artistas mexicanos compartir\u00e1n la riqueza de nuestras tradiciones<\/strong><\/li>\n<li><strong>Se anuncia la exposici\u00f3n virtual y presencial en Tokio, Jap\u00f3n 2025<\/strong><\/li>\n<\/ul>\n<p>&nbsp;<\/p>\n<div id=\"attachment_670915\" style=\"width: 353px\" class=\"wp-caption alignnone\"><img loading=\"lazy\" decoding=\"async\" aria-describedby=\"caption-attachment-670915\" class=\"wp-image-670915 size-large\" src=\"https:\/\/www.diarioimagen.net\/wp-content\/uploads\/2025\/06\/VENTANAS01-343x270.jpg\" alt=\"\" width=\"343\" height=\"270\" srcset=\"https:\/\/www.diarioimagen.net\/wp-content\/uploads\/2025\/06\/VENTANAS01-343x270.jpg 343w, https:\/\/www.diarioimagen.net\/wp-content\/uploads\/2025\/06\/VENTANAS01-240x189.jpg 240w, https:\/\/www.diarioimagen.net\/wp-content\/uploads\/2025\/06\/VENTANAS01-768x605.jpg 768w, https:\/\/www.diarioimagen.net\/wp-content\/uploads\/2025\/06\/VENTANAS01.jpg 1333w\" sizes=\"auto, (max-width: 343px) 100vw, 343px\" \/><p id=\"caption-attachment-670915\" class=\"wp-caption-text\">En la exposici\u00f3n virtual y presencial en Tokio, Jap\u00f3n 2025, artistas mexicanos compartir\u00e1n al mundo la riqueza de nuestras tradiciones.<\/p><\/div>\n<p>Fomento Cultural M\u00e9xico, en colaboraci\u00f3n con la Embajada de M\u00e9xico en Jap\u00f3n y HCI, anuncia la exposici\u00f3n virtual y presencial en Tokio, Jap\u00f3n 2025 \u201cVentanas de M\u00e9xico\u201d, un proyecto en el que artistas mexicanos compartir\u00e1n al mundo la riqueza de nuestras tradiciones, colores y expresiones culturales.<\/p>\n<p>&nbsp;<\/p>\n<p>El proyecto, encabezado por Tom\u00e1s Gondi, Presidente de Fomento Cultural M\u00e9xico, y Jimena M. Fankhauser-Gonz\u00e1lez, Directora de Difusi\u00f3n Cultural y Coordinadora de Proyectos Internacionales, contar\u00e1 con la participaci\u00f3n de 23 artistas mexicanos, que buscan a trav\u00e9s de sus obras de arte reflejar tres ejes tem\u00e1ticos: Folclor, Cultura y Tradiciones mexicanas. Esta exposici\u00f3n conectar\u00e1 el talento art\u00edstico con una audiencia global, adem\u00e1s de reafirmar el valor del arte como puente entre culturas, identidad y desarrollo.<\/p>\n<p>&nbsp;<\/p>\n<p>En M\u00e9xico, el sector cultural y creativo no solo es una expresi\u00f3n de identidad, tambi\u00e9n representa una fuerza econ\u00f3mica, pues seg\u00fan datos de INEGI, en 2023, dicho sector contribuy\u00f3 con un monto de m\u00e1s de 820 millones de pesos de Producto Interno Bruto (PIB), es decir, estas actividades aportan el 2.7% del PIB nacional; as\u00ed mismo, las actividades econ\u00f3micas del sector de la cultura generaron un mill\u00f3n cuatrocientos mil puestos de trabajo, lo que represent\u00f3 3.5 % del total de la econom\u00eda del pa\u00eds.<\/p>\n<p>&nbsp;<\/p>\n<p>La exposici\u00f3n reunir\u00e1 a una destacada selecci\u00f3n de artistas, entre ellos, Ang\u00e9lica Gatica; Constanza Castro Edith Ruiz; Guillermo Wright; Irma Qui\u00f1\u00f3nez; Juan Pablo Bavio; Laura Quiroz; Linda S\u00e1nchez; M. Cant\u00fa; Ma. Teresa Galv\u00e1n; Manuel Lois; Manuel Miguel; Manuel Pi\u00f1a; Martha Baxin; Mauricio Pinto; Michelle Mena; Miguel \u00c1ngel Cim\u00e9; Miguel \u00c1ngel Contreras; Nadia Bussacchini; Paulina Flores; Romina Becker; Susana Casillas; Tom\u00e1s Gondi.<\/p>\n<p>&nbsp;<\/p>\n<p>A este esfuerzo se suman el Consejo de la Comunicaci\u00f3n, Cielito Lindo con el Chef V\u00edctor V\u00e1zquez, Tequila Arette, Mezcal Apaluz, RN Photography, MGG Digital Agency, Alondra Vitae, Casaly , Las Catrinas de Jap\u00f3n, C\u00edrculo del Coleccionista, Ballet M\u00e9xico y sus tradiciones, Mariachi Calavera, Mosscrystal Studio, Paula Zaldivar y la Asociaci\u00f3n Cultural Latinoamericana en Jap\u00f3n, reflejando el compromiso con el arte, la educaci\u00f3n y la proyecci\u00f3n internacional del talento mexicano, pues detr\u00e1s de cada obra hay trabajo, visi\u00f3n y colaboraci\u00f3n.<\/p>\n<p>&nbsp;<\/p>\n<p>La exposici\u00f3n que inicia el 12 de junio y a ser parte de este puente entre culturas.<\/p>\n<p>&nbsp;<\/p>\n<p>&nbsp;<\/p>\n","protected":false},"excerpt":{"rendered":"<p>Artistas mexicanos compartir\u00e1n la riqueza de nuestras tradiciones Se anuncia la exposici\u00f3n virtual y presencial en Tokio, Jap\u00f3n 2025 &nbsp; Fomento Cultural M\u00e9xico, en colaboraci\u00f3n con la Embajada de M\u00e9xico en Jap\u00f3n y HCI, anuncia la exposici\u00f3n virtual y presencial en Tokio, Jap\u00f3n 2025 \u201cVentanas de M\u00e9xico\u201d, un proyecto en el que artistas mexicanos compartir\u00e1n [&hellip;]<\/p>\n","protected":false},"author":14,"featured_media":670915,"comment_status":"open","ping_status":"open","sticky":false,"template":"","format":"standard","meta":{"_monsterinsights_skip_tracking":false,"_monsterinsights_sitenote_active":false,"_monsterinsights_sitenote_note":"","_monsterinsights_sitenote_category":0,"footnotes":""},"categories":[12],"tags":[],"class_list":["post-670914","post","type-post","status-publish","format-standard","has-post-thumbnail","hentry","category-espectaculos"],"_links":{"self":[{"href":"https:\/\/www.diarioimagen.net\/index.php?rest_route=\/wp\/v2\/posts\/670914","targetHints":{"allow":["GET"]}}],"collection":[{"href":"https:\/\/www.diarioimagen.net\/index.php?rest_route=\/wp\/v2\/posts"}],"about":[{"href":"https:\/\/www.diarioimagen.net\/index.php?rest_route=\/wp\/v2\/types\/post"}],"author":[{"embeddable":true,"href":"https:\/\/www.diarioimagen.net\/index.php?rest_route=\/wp\/v2\/users\/14"}],"replies":[{"embeddable":true,"href":"https:\/\/www.diarioimagen.net\/index.php?rest_route=%2Fwp%2Fv2%2Fcomments&post=670914"}],"version-history":[{"count":1,"href":"https:\/\/www.diarioimagen.net\/index.php?rest_route=\/wp\/v2\/posts\/670914\/revisions"}],"predecessor-version":[{"id":670916,"href":"https:\/\/www.diarioimagen.net\/index.php?rest_route=\/wp\/v2\/posts\/670914\/revisions\/670916"}],"wp:featuredmedia":[{"embeddable":true,"href":"https:\/\/www.diarioimagen.net\/index.php?rest_route=\/wp\/v2\/media\/670915"}],"wp:attachment":[{"href":"https:\/\/www.diarioimagen.net\/index.php?rest_route=%2Fwp%2Fv2%2Fmedia&parent=670914"}],"wp:term":[{"taxonomy":"category","embeddable":true,"href":"https:\/\/www.diarioimagen.net\/index.php?rest_route=%2Fwp%2Fv2%2Fcategories&post=670914"},{"taxonomy":"post_tag","embeddable":true,"href":"https:\/\/www.diarioimagen.net\/index.php?rest_route=%2Fwp%2Fv2%2Ftags&post=670914"}],"curies":[{"name":"wp","href":"https:\/\/api.w.org\/{rel}","templated":true}]}}