{"id":671239,"date":"2025-06-12T00:00:07","date_gmt":"2025-06-12T06:00:07","guid":{"rendered":"https:\/\/www.diarioimagen.net\/?p=671239"},"modified":"2025-06-11T21:08:23","modified_gmt":"2025-06-12T03:08:23","slug":"el-pan-refrenda-su-compromiso-con-el-medio-ambiente-anuar-azar","status":"publish","type":"post","link":"https:\/\/www.diarioimagen.net\/?p=671239","title":{"rendered":"El PAN refrenda su compromiso  con el medio ambiente: Anuar Azar"},"content":{"rendered":"<ul>\n<li><strong>Incentiva una cultura ambiental lejos del carbono<\/strong><\/li>\n<\/ul>\n<div id=\"attachment_671240\" style=\"width: 332px\" class=\"wp-caption alignnone\"><img loading=\"lazy\" decoding=\"async\" aria-describedby=\"caption-attachment-671240\" class=\"size-large wp-image-671240\" src=\"https:\/\/www.diarioimagen.net\/wp-content\/uploads\/2025\/06\/BAENA-2-ok-8-322x270.jpg\" alt=\"\" width=\"322\" height=\"270\" srcset=\"https:\/\/www.diarioimagen.net\/wp-content\/uploads\/2025\/06\/BAENA-2-ok-8-322x270.jpg 322w, https:\/\/www.diarioimagen.net\/wp-content\/uploads\/2025\/06\/BAENA-2-ok-8-240x201.jpg 240w, https:\/\/www.diarioimagen.net\/wp-content\/uploads\/2025\/06\/BAENA-2-ok-8-768x644.jpg 768w, https:\/\/www.diarioimagen.net\/wp-content\/uploads\/2025\/06\/BAENA-2-ok-8.jpg 1500w\" sizes=\"auto, (max-width: 322px) 100vw, 322px\" \/><p id=\"caption-attachment-671240\" class=\"wp-caption-text\">Anuar Azar Figueroa destac\u00f3 que los gobiernos del PAN han impulsado pol\u00edticas p\u00fablicas que mitiguen los efectos del cambio clim\u00e1tico.<\/p><\/div>\n<p>&nbsp;<\/p>\n<p>Por Arturo Baena<\/p>\n<p>&nbsp;<\/p>\n<p>Valle de M\u00e9xico.- Desde luego que Acci\u00f3n Nacional est\u00e1 preocupado y ocupado por el medio ambiente y cumplir con las metas globales y enfrentar el desaf\u00edo del cambio clim\u00e1tico, los gobiernos emanados del PAN cuentan con acciones s\u00f3lidas para incentivar una cultura ambiental lejos del carbono y cerca de soluciones integrales.<\/p>\n<p>&nbsp;<\/p>\n<p>As\u00ed lo expres\u00f3 el legislador Anuar Azar Figueroa, luego de destacar que \u201clos gobiernos del PAN han impulsado pol\u00edticas p\u00fablicas que mitiguen los efectos del cambio clim\u00e1tico, como ampliar y mejorar las \u00e1reas verdes, reforestaci\u00f3n con especies end\u00e9micas, mejores banquetas y m\u00e1s ciclov\u00edas, consumo de proximidad, por mencionar algunos\u201d, dijo.<\/p>\n<p>&nbsp;<\/p>\n<p>En el marco del\u00a0 D\u00eda del Medio Ambiente, Azar Figueroa dijo: \u201creafirmamos nuestra disposici\u00f3n total para trabajar en favor del planeta. Desde los municipios estaremos siempre listos para sumar esfuerzos y fortalecer las acciones locales que permitan mitigar los efectos del cambio clim\u00e1tico\u201d, remarc\u00f3.<\/p>\n<p>&nbsp;<\/p>\n<p>El legislador mexiquense reiter\u00f3: \u00abcreemos firmemente que, con mayor colaboraci\u00f3n y recursos, se pueden impulsar soluciones integrales que protejan nuestro entorno y aseguren un futuro m\u00e1s sostenible para todas y todos\u00bb.<\/p>\n<p>&nbsp;<\/p>\n<p>Finalmente, el tambi\u00e9n dirigente partidista, reiter\u00f3 su compromiso de buscar soluciones para la protecci\u00f3n del medio ambiente en todo el territorio del Estado de M\u00e9xico.<\/p>\n<p>&nbsp;<\/p>\n<p>&nbsp;<\/p>\n","protected":false},"excerpt":{"rendered":"<p>Incentiva una cultura ambiental lejos del carbono &nbsp; Por Arturo Baena &nbsp; Valle de M\u00e9xico.- Desde luego que Acci\u00f3n Nacional est\u00e1 preocupado y ocupado por el medio ambiente y cumplir con las metas globales y enfrentar el desaf\u00edo del cambio clim\u00e1tico, los gobiernos emanados del PAN cuentan con acciones s\u00f3lidas para incentivar una cultura ambiental [&hellip;]<\/p>\n","protected":false},"author":14,"featured_media":671240,"comment_status":"open","ping_status":"open","sticky":false,"template":"","format":"standard","meta":{"_monsterinsights_skip_tracking":false,"_monsterinsights_sitenote_active":false,"_monsterinsights_sitenote_note":"","_monsterinsights_sitenote_category":0,"footnotes":""},"categories":[5],"tags":[],"class_list":["post-671239","post","type-post","status-publish","format-standard","has-post-thumbnail","hentry","category-estado-de-mexico"],"_links":{"self":[{"href":"https:\/\/www.diarioimagen.net\/index.php?rest_route=\/wp\/v2\/posts\/671239","targetHints":{"allow":["GET"]}}],"collection":[{"href":"https:\/\/www.diarioimagen.net\/index.php?rest_route=\/wp\/v2\/posts"}],"about":[{"href":"https:\/\/www.diarioimagen.net\/index.php?rest_route=\/wp\/v2\/types\/post"}],"author":[{"embeddable":true,"href":"https:\/\/www.diarioimagen.net\/index.php?rest_route=\/wp\/v2\/users\/14"}],"replies":[{"embeddable":true,"href":"https:\/\/www.diarioimagen.net\/index.php?rest_route=%2Fwp%2Fv2%2Fcomments&post=671239"}],"version-history":[{"count":1,"href":"https:\/\/www.diarioimagen.net\/index.php?rest_route=\/wp\/v2\/posts\/671239\/revisions"}],"predecessor-version":[{"id":671241,"href":"https:\/\/www.diarioimagen.net\/index.php?rest_route=\/wp\/v2\/posts\/671239\/revisions\/671241"}],"wp:featuredmedia":[{"embeddable":true,"href":"https:\/\/www.diarioimagen.net\/index.php?rest_route=\/wp\/v2\/media\/671240"}],"wp:attachment":[{"href":"https:\/\/www.diarioimagen.net\/index.php?rest_route=%2Fwp%2Fv2%2Fmedia&parent=671239"}],"wp:term":[{"taxonomy":"category","embeddable":true,"href":"https:\/\/www.diarioimagen.net\/index.php?rest_route=%2Fwp%2Fv2%2Fcategories&post=671239"},{"taxonomy":"post_tag","embeddable":true,"href":"https:\/\/www.diarioimagen.net\/index.php?rest_route=%2Fwp%2Fv2%2Ftags&post=671239"}],"curies":[{"name":"wp","href":"https:\/\/api.w.org\/{rel}","templated":true}]}}