{"id":671245,"date":"2025-06-12T00:00:36","date_gmt":"2025-06-12T06:00:36","guid":{"rendered":"https:\/\/www.diarioimagen.net\/?p=671245"},"modified":"2025-06-11T21:11:40","modified_gmt":"2025-06-12T03:11:40","slug":"instalan-mas-de-3-mil-luminarias-en-tlalnepantla","status":"publish","type":"post","link":"https:\/\/www.diarioimagen.net\/?p=671245","title":{"rendered":"Instalan m\u00e1s de 3 mil luminarias en Tlalnepantla"},"content":{"rendered":"<p>&nbsp;<\/p>\n<p>&nbsp;<\/p>\n<div id=\"attachment_671246\" style=\"width: 370px\" class=\"wp-caption alignnone\"><img loading=\"lazy\" decoding=\"async\" aria-describedby=\"caption-attachment-671246\" class=\"size-large wp-image-671246\" src=\"https:\/\/www.diarioimagen.net\/wp-content\/uploads\/2025\/06\/BAENA-4-ok-8-360x270.jpg\" alt=\"\" width=\"360\" height=\"270\" srcset=\"https:\/\/www.diarioimagen.net\/wp-content\/uploads\/2025\/06\/BAENA-4-ok-8-360x270.jpg 360w, https:\/\/www.diarioimagen.net\/wp-content\/uploads\/2025\/06\/BAENA-4-ok-8-240x180.jpg 240w, https:\/\/www.diarioimagen.net\/wp-content\/uploads\/2025\/06\/BAENA-4-ok-8-768x576.jpg 768w, https:\/\/www.diarioimagen.net\/wp-content\/uploads\/2025\/06\/BAENA-4-ok-8.jpg 1500w\" sizes=\"auto, (max-width: 360px) 100vw, 360px\" \/><p id=\"caption-attachment-671246\" class=\"wp-caption-text\">Instalan m\u00e1s de 3 mil luminarias en Tlalnepantla<\/p><\/div>\n<p>&nbsp;<\/p>\n<p>&nbsp;<\/p>\n<p>Tlalnepantla. M\u00e9x.- Con el objetivo de mejorar la seguridad y calidad de vida de las y los ciudadanos, el gobierno de este municipio, encabezado por el alcalde Raciel P\u00e9rez Cruz, asegur\u00f3 que en los primeros cinco meses del a\u00f1o fueron atendidos m\u00e1s de 3 mil 450 puntos de luz en diversas localidades. La Direcci\u00f3n de Servicios P\u00fablicos y Mantenimiento Urbano detall\u00f3 que hasta el 31 de mayo se instalaron 733 luminarias nuevas y 2 mil 720 fueron rehabilitadas como parte de una estrategia integral de seguridad. Estas acciones est\u00e1n contempladas dentro de un plan municipal para fortalecer la infraestructura urbana y brindar espacios p\u00fablicos funcionales, seguros y adecuados para la ciudadan\u00eda. El alcalde P\u00e9rez Cruz realiza recorridos de manera permanente por localidades del municipio en los que escucha las peticiones vecinales, siendo una de ellas el alumbrado p\u00fablico; acompa\u00f1ado del personal responsable en esta materia, el edil gira sus instrucciones para que las luminarias sean reparadas o colocadas, seg\u00fan sea el caso.<\/p>\n","protected":false},"excerpt":{"rendered":"<p>&nbsp; &nbsp; &nbsp; &nbsp; Tlalnepantla. M\u00e9x.- Con el objetivo de mejorar la seguridad y calidad de vida de las y los ciudadanos, el gobierno de este municipio, encabezado por el alcalde Raciel P\u00e9rez Cruz, asegur\u00f3 que en los primeros cinco meses del a\u00f1o fueron atendidos m\u00e1s de 3 mil 450 puntos de luz en diversas [&hellip;]<\/p>\n","protected":false},"author":14,"featured_media":671246,"comment_status":"open","ping_status":"open","sticky":false,"template":"","format":"standard","meta":{"_monsterinsights_skip_tracking":false,"_monsterinsights_sitenote_active":false,"_monsterinsights_sitenote_note":"","_monsterinsights_sitenote_category":0,"footnotes":""},"categories":[5],"tags":[],"class_list":["post-671245","post","type-post","status-publish","format-standard","has-post-thumbnail","hentry","category-estado-de-mexico"],"_links":{"self":[{"href":"https:\/\/www.diarioimagen.net\/index.php?rest_route=\/wp\/v2\/posts\/671245","targetHints":{"allow":["GET"]}}],"collection":[{"href":"https:\/\/www.diarioimagen.net\/index.php?rest_route=\/wp\/v2\/posts"}],"about":[{"href":"https:\/\/www.diarioimagen.net\/index.php?rest_route=\/wp\/v2\/types\/post"}],"author":[{"embeddable":true,"href":"https:\/\/www.diarioimagen.net\/index.php?rest_route=\/wp\/v2\/users\/14"}],"replies":[{"embeddable":true,"href":"https:\/\/www.diarioimagen.net\/index.php?rest_route=%2Fwp%2Fv2%2Fcomments&post=671245"}],"version-history":[{"count":1,"href":"https:\/\/www.diarioimagen.net\/index.php?rest_route=\/wp\/v2\/posts\/671245\/revisions"}],"predecessor-version":[{"id":671247,"href":"https:\/\/www.diarioimagen.net\/index.php?rest_route=\/wp\/v2\/posts\/671245\/revisions\/671247"}],"wp:featuredmedia":[{"embeddable":true,"href":"https:\/\/www.diarioimagen.net\/index.php?rest_route=\/wp\/v2\/media\/671246"}],"wp:attachment":[{"href":"https:\/\/www.diarioimagen.net\/index.php?rest_route=%2Fwp%2Fv2%2Fmedia&parent=671245"}],"wp:term":[{"taxonomy":"category","embeddable":true,"href":"https:\/\/www.diarioimagen.net\/index.php?rest_route=%2Fwp%2Fv2%2Fcategories&post=671245"},{"taxonomy":"post_tag","embeddable":true,"href":"https:\/\/www.diarioimagen.net\/index.php?rest_route=%2Fwp%2Fv2%2Ftags&post=671245"}],"curies":[{"name":"wp","href":"https:\/\/api.w.org\/{rel}","templated":true}]}}