{"id":671280,"date":"2025-06-12T00:00:13","date_gmt":"2025-06-12T06:00:13","guid":{"rendered":"https:\/\/www.diarioimagen.net\/?p=671280"},"modified":"2025-06-11T21:16:03","modified_gmt":"2025-06-12T03:16:03","slug":"lo-bueno-es-que-ya-se-va-lo-malo-que-todavia-le-quedan-mas-de-dos-meses","status":"publish","type":"post","link":"https:\/\/www.diarioimagen.net\/?p=671280","title":{"rendered":"Lo bueno es que ya se va, lo malo que  todav\u00eda le quedan m\u00e1s de dos meses"},"content":{"rendered":"<p><strong>CLASE POLITICA <\/strong><strong>Miguel \u00c1ngel Rivera<\/strong><\/p>\n<p><strong>\u00a0<\/strong><\/p>\n<p>&nbsp;<\/p>\n<p>Como los bravucones de colegio, el lamentable presidente del Senado, Gerardo Fern\u00e1ndez Noro\u00f1a, puede presumir que \u201cpara todos tiene\u201d, pero tambi\u00e9n como la mayor\u00eda de los abusadores terminar\u00e1 por echarse para atr\u00e1s y hasta pedir perd\u00f3n o utilizar, como ya lo hizo, las instalaciones oficiales del Senado para humillar a las personas que le reclaman su comportamiento.<\/p>\n<p>Esto porque, en los \u00faltimos d\u00edas, a su abultado expediente de alborotador ha sumado dos querellas, una dentro de territorio nacional y la otra con alcance internacional.<\/p>\n<p>Por una parte, se dio a conocer que defensores de los derechos humanos, encabezados por la reconocida\u00a0madre buscadora, Ceci Flores, dieron a conocer una carta, en la que exigen la renuncia de Gerardo Fern\u00e1ndez Noro\u00f1a a su cargo de presidente de la Mesa Directiva del Senado e inclusive a su condici\u00f3n de senador.<\/p>\n<p>En el documento firmado tambi\u00e9n por\u00a0\u00a0Adri\u00e1n y Bryan LeBaron, -que perdieron a parte de su familia en un salvaje ataque de parte de un grupo criminal- est\u00e1 dirigido a la presidenta Claudia Sheinbaum, en el cual denuncian de \u201cinsensibilidad y arrogancia\u201d, al legislador ex del PT y ahora \u201carrimado\u201d en Morena.<\/p>\n<p>En particular, los defensores de los derechos humanos recordaron las declaraciones de Noro\u00f1a el pasado 9 de junio, reproducidas por\u00a0\u00a0los canales oficiales del Senado, las cuales califican de \u201cinsensibles\u201d, adem\u00e1s de afectar a v\u00edctimas de violencia y ponen en riesgo a migrantes.<\/p>\n<p>Los familiares de desaparecidos, l\u00edderes sociales y defensores de derechos humanos acusaron al legislador de \u201ctraicionar el mandato de representar con dignidad a los mexicanos\u201d y de alimentar un clima de hostilidad con sus palabras.<\/p>\n<p>\u201cSus comentarios minimizando el sufrimiento de las v\u00edctimas de la violencia, su falta de empat\u00eda hacia las madres buscadoras que claman por sus hijos desaparecidos y su actitud han generado un agravio tras otro\u201d, dice la carta.<\/p>\n<p>A\u00f1adieron que las palabras del senador \u201cno s\u00f3lo nos ofenden; hieren, dividen y, peor a\u00fan, traicionan el mandato de representar con dignidad a los mexicanos\u201d.<\/p>\n<p>La misiva tambi\u00e9n se\u00f1ala que esas recientes declaraciones de Noro\u00f1a sobre migraci\u00f3n fueron interpretadas como una \u201cprovocaci\u00f3n\u201d por legisladores estadounidenses, lo que deriv\u00f3 en una propuesta para incrementar un 5% el impuesto a las remesas enviadas por migrantes mexicanos desde Estados Unidos.<\/p>\n<p>En efecto, ese es segundo conflicto en que se involucr\u00f3 el ex defensor de los deudores de la banca: un duelo verbal contra el senador estadunidense Eric Schmitt, en torno al incremento del 5 por ciento de impuesto a las remesas de migrantes, porcentaje que ese senador hab\u00eda propuesto que se elevara al 15%..<\/p>\n<p>El legislador moreno critic\u00f3 al senador estadounidense por celebrar que se aprobara aplicar un gravamen de 3.5 por ciento a las mencionadas remesas, la cual era la propuesta original y no su \u201cabsurda\u201d iniciativa del 15 por ciento.<\/p>\n<p>En sus redes sociales, Fern\u00e1ndez Noro\u00f1a envi\u00f3 tres mensajes para responder al legislador norteamericano y afirm\u00f3 que la celebraci\u00f3n es por la imposici\u00f3n de una injusticia, que ni siquiera era su idea.<\/p>\n<p>Fern\u00e1ndez Noro\u00f1a dijo: \u201cEst\u00e1 el tema del impuesto a las remesas, que ya un senador estadounidense ahora dice que le van a poner 15. Est\u00e1s viendo y no ves, senador, no s\u00e9 c\u00f3mo se llama. Quieren apagar el fuego con gasolina\u00bb.<\/p>\n<p>Es de reconocer que el senador mexicano tiene raz\u00f3n en este punto de protestar por los impuestos a las remesas, pues se trata de una doble tributaci\u00f3n que est\u00e1 proscrita por leyes y acuerdos internacionales.<\/p>\n<p>Tambi\u00e9n se puede dar por positivos los comentarios del multimencionado legislador, luego de los sucesos violentos que se registraron luego de protestas de los migrantes en la ciudad de los \u00c1ngeles. Al respecto, el senador mexicano, conferencia de prensa, conden\u00f3 los hechos y acus\u00f3 al gobierno de Estados Unidos de emprender una cacer\u00eda de migrantes, calific\u00e1ndolo como un trato discriminatorio y repudiable.<\/p>\n<p>El problema es que, tal como la expresi\u00f3n a la que recurri\u00f3, sus comentarios significan \u201cecharle gasolina al fuego\u201d, pues en un clima de controversias, intensificado por los sucesos violentos en Los \u00c1ngeles, California, derivados de la persecusi\u00f3n de migrantes por parte del gobierno del magnate Donald Trump, lanzar bravatas no contribuye a respaldar las negociaciones conducidas por el gobierno de la presidenta (con A)\u00a0Claudia Sheinbaum Pardo, que Fern\u00e1ndez Noro\u00f1a dice defender.<\/p>\n<p>Todav\u00eda m\u00e1s, aunque criticado desde m\u00faltiples sitios, en su calidad de presidente de la Mesa Directiva del Senado -y en el actual receso legislativo, tambi\u00e9n titular de la Comisi\u00f3n Permanente del Congreso- Fern\u00e1ndez Noro\u00f1a no habla a cuenta personal, sino de toda su C\u00e1mara, la cual, constitucionalmente, tiene la responsabilidad de conducir la pol\u00edtica exterior de nuestro pa\u00eds.<\/p>\n<p>Por ello, aunque la reforma constitucional que someti\u00f3 al antes independiente Poder Judicial al control del Ejecutivo, en su condici\u00f3n de presidente del Senado, es representante del gobierno nacional de M\u00e9xico, el cual, te\u00f3ricamente, est\u00e1 integrado por tres poderes, el Ejecutivo, el Judicial y el Legislativo, del cual el belicoso senador aparece como principal responsable.<\/p>\n<p>Adem\u00e1s, en el af\u00e1n de buscar el lucimiento personal, Fern\u00e1ndez Noro\u00f1a contradice los esfuerzos del mismo poder Legislativo de buscar formas de llegar a acuerdos con sus contrapartes de los Estados Unidos, para lo cual se han enviado comisiones de legisladores, senadores y diputados, a negociar en Washington, lejos de cualquier expresi\u00f3n de disputa.<\/p>\n<p>Claro, esas comisiones no han tenido hasta ahora ning\u00fan \u00e9xito. Tanto que la reducci\u00f3n del impuesto a las remesas de 5 a 3.5 puntos, se present\u00f3 como un logro.<\/p>\n<p>Tambi\u00e9n, con su actitud beligerante Fern\u00e1ndez Noro\u00f1a contradice a la presidenta Sheinbaum, quien ha pedido de manera reiterada evitar las confrontaciones y actuar siempre con la \u201ccabeza fr\u00eda\u201d.<\/p>\n<p>Todav\u00eda el reciente lunes, en la ma\u00f1anera, la jefa del Ejecutivo conden\u00f3 la violencia registrada durante las manifestaciones, a ra\u00edz de las cuales Trump despleg\u00f3 a miles de marines y efectivos de la Guardia Nacional.<\/p>\n<p>Ante videos de los disturbios en los cuales aparecen im\u00e1genes de personas con banderas mexicanas, Sheinbaum advirti\u00f3:<\/p>\n<p>\u201cLa quema de patrullas parece m\u00e1s un acto de provocaci\u00f3n que de resistencia. Debe quedar claro: condenamos la violencia venga de donde venga\u00bb.<\/p>\n<p>\u00abLlamamos a la comunidad mexicana a actuar de manera pac\u00edfica y no caer en provocaciones\u201d, afirm\u00f3 la mandataria mexicana, quien tambi\u00e9n calific\u00f3 las versiones procedentes de los Estados Unidos en el sentido de que alent\u00f3 las protestas en Los \u00c1ngeles contra la pol\u00edtica migratoria de Estados Unidos,<\/p>\n<p>Esta versi\u00f3n fue difundida en particular por la secretaria de Seguridad Nacional de ese pa\u00eds, Kristi Noem. La presidenta repiti\u00f3 que esa versi\u00f3n es falsa.<\/p>\n<p>Sheinbaum advirti\u00f3 que Noem \u201cequivocadamente mencion\u00f3 que alent\u00e9 protestas violentas en Los \u00c1ngeles. Le informo que es absolutamente falso\u201d.<\/p>\n<p>En todo este conflicto surge un dato que resulta alentador: el senador y ex precandidato presidencial Fern\u00e1ndez Noro\u00f1a tiene sus d\u00edas contados como cabeza de la C\u00e1mara alta, pues el 31 de agosto deber\u00e1 dejar legalmente el cargo y ceder la estafeta a una senadora.<\/p>\n<p>Esa es la buena noticia. La mala consiste precisamente en el hecho de que todav\u00eda le quedan m\u00e1s de dos meses y medio como titular del Congreso de la Uni\u00f3n, periodo en el cual todav\u00eda se pueden romper muchos objetos en una cristaler\u00eda.<\/p>\n<p>Mientras tanto, la casi desaparecida oposici\u00f3n, advirti\u00f3 que la crisis por los ataques contra los migrantes es responsabilidad de Morena.<\/p>\n<p>El presidente del PRI, Alejandro Moreno, afirm\u00f3 que por su torpeza a incapacidad para generar condiciones de di\u00e1logo y cooperaci\u00f3n, el gobierno de Morena en cuesti\u00f3n de horas ha provocado una crisis que pone en riesgo la relaci\u00f3n bilateral de M\u00e9xico con Estados Unidos, as\u00ed como el bienestar de millones de mexicanos a ambos lados de la frontera.<\/p>\n<p>En un video, el senador del tricolor dijo que lo est\u00e1 haciendo el gobierno de Morena con la pol\u00edtica exterior mexicana es preocupante y peligrosamente irresponsable.<\/p>\n<p>Sostuvo que \u201cno se trata de un tropiezo aislado. Es un patr\u00f3n: improvisaci\u00f3n, arrogancia y desprecio por la diplomacia\u201d, porque \u201cMorena confunde amasar poder con saber gobernar\u201d.<\/p>\n<p>&nbsp;<\/p>\n","protected":false},"excerpt":{"rendered":"<p>CLASE POLITICA Miguel \u00c1ngel Rivera \u00a0 &nbsp; Como los bravucones de colegio, el lamentable presidente del Senado, Gerardo Fern\u00e1ndez Noro\u00f1a, puede presumir que \u201cpara todos tiene\u201d, pero tambi\u00e9n como la mayor\u00eda de los abusadores terminar\u00e1 por echarse para atr\u00e1s y hasta pedir perd\u00f3n o utilizar, como ya lo hizo, las instalaciones oficiales del Senado para [&hellip;]<\/p>\n","protected":false},"author":14,"featured_media":0,"comment_status":"open","ping_status":"open","sticky":false,"template":"","format":"standard","meta":{"_monsterinsights_skip_tracking":false,"_monsterinsights_sitenote_active":false,"_monsterinsights_sitenote_note":"","_monsterinsights_sitenote_category":0,"footnotes":""},"categories":[84119,4],"tags":[],"class_list":["post-671280","post","type-post","status-publish","format-standard","hentry","category-miguel-angel-rivera","category-opinion"],"_links":{"self":[{"href":"https:\/\/www.diarioimagen.net\/index.php?rest_route=\/wp\/v2\/posts\/671280","targetHints":{"allow":["GET"]}}],"collection":[{"href":"https:\/\/www.diarioimagen.net\/index.php?rest_route=\/wp\/v2\/posts"}],"about":[{"href":"https:\/\/www.diarioimagen.net\/index.php?rest_route=\/wp\/v2\/types\/post"}],"author":[{"embeddable":true,"href":"https:\/\/www.diarioimagen.net\/index.php?rest_route=\/wp\/v2\/users\/14"}],"replies":[{"embeddable":true,"href":"https:\/\/www.diarioimagen.net\/index.php?rest_route=%2Fwp%2Fv2%2Fcomments&post=671280"}],"version-history":[{"count":1,"href":"https:\/\/www.diarioimagen.net\/index.php?rest_route=\/wp\/v2\/posts\/671280\/revisions"}],"predecessor-version":[{"id":671281,"href":"https:\/\/www.diarioimagen.net\/index.php?rest_route=\/wp\/v2\/posts\/671280\/revisions\/671281"}],"wp:attachment":[{"href":"https:\/\/www.diarioimagen.net\/index.php?rest_route=%2Fwp%2Fv2%2Fmedia&parent=671280"}],"wp:term":[{"taxonomy":"category","embeddable":true,"href":"https:\/\/www.diarioimagen.net\/index.php?rest_route=%2Fwp%2Fv2%2Fcategories&post=671280"},{"taxonomy":"post_tag","embeddable":true,"href":"https:\/\/www.diarioimagen.net\/index.php?rest_route=%2Fwp%2Fv2%2Ftags&post=671280"}],"curies":[{"name":"wp","href":"https:\/\/api.w.org\/{rel}","templated":true}]}}