{"id":671318,"date":"2025-06-12T00:00:57","date_gmt":"2025-06-12T06:00:57","guid":{"rendered":"https:\/\/www.diarioimagen.net\/?p=671318"},"modified":"2025-06-11T21:43:30","modified_gmt":"2025-06-12T03:43:30","slug":"rispidez-binacional","status":"publish","type":"post","link":"https:\/\/www.diarioimagen.net\/?p=671318","title":{"rendered":"Rispidez binacional"},"content":{"rendered":"<p><strong>Aunque Pese <\/strong><strong>Salvador Mart\u00ednez G.<\/strong><\/p>\n<p>&nbsp;<\/p>\n<p>A pesar de los serios diferendos entre Estados Unidos y M\u00e9xico, en especial el incremento de aranceles y las redadas de migrantes en el vecino pa\u00eds, el peso mexicano ha mostrado gran resistencia y logr\u00f3 romper el piso de las 19 unidades por moneda verde para situarse a un m\u00ednimo de 18.90.<\/p>\n<p>Apenas ayer, el subsecretario de Estado de EUA,\u00a0Christopher\u00a0Landau,\u00a0visit\u00f3 a la presidenta Claudia Sheinbaum para revisar los principales temas bilaterales y, de acuerdo con la Secretar\u00eda de Relaciones Exteriores, el encuentro se desarroll\u00f3 en un ambiente de cordialidad.<\/p>\n<p>La mandataria mexicana resalt\u00f3 la contribuci\u00f3n de los mexicanos a la econom\u00eda estadounidense, por lo que pidi\u00f3 reconocimiento a la vez que abog\u00f3 por disminuir los aranceles a productos mexicanos, especialmente al aluminio y al acero.<\/p>\n<p>No falt\u00f3 su rechazo a las redadas contra migrantes indocumentados mexicanos en Estados Unidos y enfatiz\u00f3 la necesidad de proteger los derechos de los connacionales allende la frontera.<\/p>\n<p>Lo trascendido del encuentro con Landau, seguramente, es la parte amable porque los motivos de rispidez entre las dos naciones son en este momento muchos, con especial \u00e9nfasis en lo que dijo la secretaria de Seguridad Nacional de Trump,\u00a0Kristi Noem,\u00a0de que Sheinbaum alent\u00f3 las protestas violentas en Los \u00c1ngeles y otras ciudades de la Uni\u00f3n Americana.<\/p>\n<p>Todo ello que se supondr\u00eda afectar\u00eda en lo econ\u00f3mico la paridad peso-d\u00f3lar; no fue as\u00ed principalmente por la fortaleza del peso, la debilidad del d\u00f3lar y el aparente acuerdo comercial entre EUA y China, que dar\u00eda tregua a la guerra comercial desatada por las torpezas trumpianas desde el pasado 20 de enero.<\/p>\n<p>El propio Trump anunci\u00f3 este \u201cacuerdo marco\u201d con China pactado en negociaciones realizadas en Londres y que eventualmente podr\u00eda ser firmado por Xi Jinping y Trump.<\/p>\n<p>La situaci\u00f3n binacional y global no est\u00e1 ni remotamente resuelta, por lo que habr\u00e1 que estar muy atento a los sucesos venideros.<\/p>\n<p>&nbsp;<\/p>\n<p><strong>Susurros<\/strong><\/p>\n<p>&nbsp;<\/p>\n<p>Los esfuerzos gubernamentales por impulsar la vivienda de inter\u00e9s social no han sido suficientes para satisfacer las necesidades de los trabajadores de bajos ingresos, mientras que en el segmento medio bajo y medio existe una verdadera crisis.<\/p>\n<p>De acuerdo con la consultora 4S Real Estate, los precios de las viviendas y la capacidad de pago son cada vez m\u00e1s grandes, lo que imposibilita la adquisici\u00f3n de estos inmuebles.<\/p>\n<p>La capital del pa\u00eds es donde m\u00e1s cara cuesta la vivienda y solo el 8 por ciento de sus habitantes tendr\u00eda capacidad de pago para adquirir una nueva, que tiene un promedio de 3 millones 866 mil pesos de precio.<\/p>\n<p>&nbsp;<\/p>\n<p><a href=\"mailto:salvadormartinez@visionmx.com\"><strong><em>salvadormartinez@visionmx.com<\/em><\/strong><\/a><strong><em> X: @salvador_mtz<\/em><\/strong><\/p>\n","protected":false},"excerpt":{"rendered":"<p>Aunque Pese Salvador Mart\u00ednez G. &nbsp; A pesar de los serios diferendos entre Estados Unidos y M\u00e9xico, en especial el incremento de aranceles y las redadas de migrantes en el vecino pa\u00eds, el peso mexicano ha mostrado gran resistencia y logr\u00f3 romper el piso de las 19 unidades por moneda verde para situarse a un [&hellip;]<\/p>\n","protected":false},"author":14,"featured_media":0,"comment_status":"open","ping_status":"open","sticky":false,"template":"","format":"standard","meta":{"_monsterinsights_skip_tracking":false,"_monsterinsights_sitenote_active":false,"_monsterinsights_sitenote_note":"","_monsterinsights_sitenote_category":0,"footnotes":""},"categories":[96743],"tags":[],"class_list":["post-671318","post","type-post","status-publish","format-standard","hentry","category-salvador-martinez-garcia"],"_links":{"self":[{"href":"https:\/\/www.diarioimagen.net\/index.php?rest_route=\/wp\/v2\/posts\/671318","targetHints":{"allow":["GET"]}}],"collection":[{"href":"https:\/\/www.diarioimagen.net\/index.php?rest_route=\/wp\/v2\/posts"}],"about":[{"href":"https:\/\/www.diarioimagen.net\/index.php?rest_route=\/wp\/v2\/types\/post"}],"author":[{"embeddable":true,"href":"https:\/\/www.diarioimagen.net\/index.php?rest_route=\/wp\/v2\/users\/14"}],"replies":[{"embeddable":true,"href":"https:\/\/www.diarioimagen.net\/index.php?rest_route=%2Fwp%2Fv2%2Fcomments&post=671318"}],"version-history":[{"count":1,"href":"https:\/\/www.diarioimagen.net\/index.php?rest_route=\/wp\/v2\/posts\/671318\/revisions"}],"predecessor-version":[{"id":671319,"href":"https:\/\/www.diarioimagen.net\/index.php?rest_route=\/wp\/v2\/posts\/671318\/revisions\/671319"}],"wp:attachment":[{"href":"https:\/\/www.diarioimagen.net\/index.php?rest_route=%2Fwp%2Fv2%2Fmedia&parent=671318"}],"wp:term":[{"taxonomy":"category","embeddable":true,"href":"https:\/\/www.diarioimagen.net\/index.php?rest_route=%2Fwp%2Fv2%2Fcategories&post=671318"},{"taxonomy":"post_tag","embeddable":true,"href":"https:\/\/www.diarioimagen.net\/index.php?rest_route=%2Fwp%2Fv2%2Ftags&post=671318"}],"curies":[{"name":"wp","href":"https:\/\/api.w.org\/{rel}","templated":true}]}}