{"id":671320,"date":"2025-06-12T00:00:39","date_gmt":"2025-06-12T06:00:39","guid":{"rendered":"https:\/\/www.diarioimagen.net\/?p=671320"},"modified":"2025-06-11T21:44:39","modified_gmt":"2025-06-12T03:44:39","slug":"sectur-y-turiimar-firman-convenio-para-promover-turismo-en-islas-marias","status":"publish","type":"post","link":"https:\/\/www.diarioimagen.net\/?p=671320","title":{"rendered":"\u00a0  Sectur y Turiimar firman  convenio para promover  turismo en Islas Mar\u00edas"},"content":{"rendered":"<p>&nbsp;<\/p>\n<ul>\n<li><strong>A trav\u00e9s de la marca M\u00e9xico<\/strong><\/li>\n<li><strong>Se busca posicionar estrat\u00e9gicamente el lugar como destino tur\u00edstico sustentable y de alto valor patrimonial<\/strong><\/li>\n<\/ul>\n<p>&nbsp;<\/p>\n<div id=\"attachment_671321\" style=\"width: 293px\" class=\"wp-caption alignnone\"><img loading=\"lazy\" decoding=\"async\" aria-describedby=\"caption-attachment-671321\" class=\"size-large wp-image-671321\" src=\"https:\/\/www.diarioimagen.net\/wp-content\/uploads\/2025\/06\/SECTUR-2-283x270.jpeg\" alt=\"\" width=\"283\" height=\"270\" srcset=\"https:\/\/www.diarioimagen.net\/wp-content\/uploads\/2025\/06\/SECTUR-2-283x270.jpeg 283w, https:\/\/www.diarioimagen.net\/wp-content\/uploads\/2025\/06\/SECTUR-2-240x229.jpeg 240w, https:\/\/www.diarioimagen.net\/wp-content\/uploads\/2025\/06\/SECTUR-2-768x733.jpeg 768w, https:\/\/www.diarioimagen.net\/wp-content\/uploads\/2025\/06\/SECTUR-2.jpeg 1453w\" sizes=\"auto, (max-width: 283px) 100vw, 283px\" \/><p id=\"caption-attachment-671321\" class=\"wp-caption-text\">La Sectur y la empresa Tur\u00edstica Integral Islas Mar\u00edas firmaron un convenio de colaboraci\u00f3n para promover el turismo en Slas Mar\u00eda, a trav\u00e9s de la marca M\u00e9xico.<\/p><\/div>\n<p>La Secretar\u00eda de Turismo del Gobierno de M\u00e9xico (Sectur) y la empresa Tur\u00edstica Integral Islas Mar\u00edas (Turiimar), firmaron un convenio de colaboraci\u00f3n de uso no exclusivo de la marca M\u00e9xico.<\/p>\n<p>Durante una gira de trabajo por el archipi\u00e9lago de las Islas Mar\u00edas, la secretaria de Turismo, Josefina Rodr\u00edguez Zamora, inform\u00f3 que este acuerdo forma parte de la estrategia para fortalecer y posicionar la marca M\u00e9xico en productos tur\u00edsticos de alto valor estrat\u00e9gico. A trav\u00e9s de este convenio se otorga a Turiimar una licencia de uso no exclusivo, gratuita y sin fines de lucro.<\/p>\n<p>\u201cEs para m\u00ed un honor y una profunda satisfacci\u00f3n participar hoy en esta firma de convenio de colaboraci\u00f3n que fortalece nuestra visi\u00f3n de futuro compartido, un M\u00e9xico que preserva su patrimonio natural y cultural, mientras abre nuevas puertas para el turismo sostenible, responsable y transformador\u201d, declar\u00f3.<\/p>\n<p>Explic\u00f3 que el objetivo del convenio es promover, difundir e integrar la marca en todas las acciones de promoci\u00f3n tur\u00edstica relacionadas con las Islas Mar\u00edas, as\u00ed como fomentar una colaboraci\u00f3n integral para el desarrollo del producto tur\u00edstico de las Islas Mar\u00edas.<\/p>\n<p>Refiri\u00f3 que esta iniciativa contribuye a consolidar a las Islas Mar\u00edas como un destino tur\u00edstico sustentable, inclusivo y de alto valor patrimonial, en l\u00ednea con los objetivos del Plan M\u00e9xico 2025\u20132030.<\/p>\n<p>La titular de la Sectur reiter\u00f3 la confianza del Gobierno de M\u00e9xico en las Islas Mar\u00edas, declaradas Patrimonio Natural de la Humanidad por la Organizaci\u00f3n de las Naciones Unidas para la Educaci\u00f3n, la Ciencia y la Cultura (Unesco). Se\u00f1al\u00f3 que este archipi\u00e9lago ha dejado de ser un s\u00edmbolo de reclusi\u00f3n para convertirse en un emblema de reconciliaci\u00f3n, memoria hist\u00f3rica y conservaci\u00f3n ambiental.<\/p>\n<p>\u201cEl uso responsable y gratuito de la Marca M\u00e9xico por parte de TURIIMAR no solo ampl\u00eda la visibilidad de este destino extraordinario, sino que lo alinea con una identidad nacional reconocida a nivel internacional, reforzando su vocaci\u00f3n tur\u00edstica, educativa y ambiental\u201d, concluy\u00f3.<\/p>\n<p>Durante la gira de trabajo por el archipi\u00e9lago acompa\u00f1aron a la secretaria de Turismo, el titular de la Direcci\u00f3n General de Promoci\u00f3n y Asuntos Internacionales, Emmanuel Romain Ernest Rey; el jefe de Departamento Jur\u00eddico de Tur\u00edsticas Islas Mar\u00edas, Luis Fernando Hern\u00e1ndez Villar; el auxiliar administrativo del Departamento Jur\u00eddico, Jos\u00e9 Daniel Cer\u00f3n P\u00e9rez, entre otros.<\/p>\n<p>&nbsp;<\/p>\n<p>&nbsp;<\/p>\n<p>&nbsp;<\/p>\n","protected":false},"excerpt":{"rendered":"<p>&nbsp; A trav\u00e9s de la marca M\u00e9xico Se busca posicionar estrat\u00e9gicamente el lugar como destino tur\u00edstico sustentable y de alto valor patrimonial &nbsp; La Secretar\u00eda de Turismo del Gobierno de M\u00e9xico (Sectur) y la empresa Tur\u00edstica Integral Islas Mar\u00edas (Turiimar), firmaron un convenio de colaboraci\u00f3n de uso no exclusivo de la marca M\u00e9xico. Durante una [&hellip;]<\/p>\n","protected":false},"author":14,"featured_media":671321,"comment_status":"open","ping_status":"open","sticky":false,"template":"","format":"standard","meta":{"_monsterinsights_skip_tracking":false,"_monsterinsights_sitenote_active":false,"_monsterinsights_sitenote_note":"","_monsterinsights_sitenote_category":0,"footnotes":""},"categories":[3],"tags":[],"class_list":["post-671320","post","type-post","status-publish","format-standard","has-post-thumbnail","hentry","category-nacional"],"_links":{"self":[{"href":"https:\/\/www.diarioimagen.net\/index.php?rest_route=\/wp\/v2\/posts\/671320","targetHints":{"allow":["GET"]}}],"collection":[{"href":"https:\/\/www.diarioimagen.net\/index.php?rest_route=\/wp\/v2\/posts"}],"about":[{"href":"https:\/\/www.diarioimagen.net\/index.php?rest_route=\/wp\/v2\/types\/post"}],"author":[{"embeddable":true,"href":"https:\/\/www.diarioimagen.net\/index.php?rest_route=\/wp\/v2\/users\/14"}],"replies":[{"embeddable":true,"href":"https:\/\/www.diarioimagen.net\/index.php?rest_route=%2Fwp%2Fv2%2Fcomments&post=671320"}],"version-history":[{"count":1,"href":"https:\/\/www.diarioimagen.net\/index.php?rest_route=\/wp\/v2\/posts\/671320\/revisions"}],"predecessor-version":[{"id":671322,"href":"https:\/\/www.diarioimagen.net\/index.php?rest_route=\/wp\/v2\/posts\/671320\/revisions\/671322"}],"wp:featuredmedia":[{"embeddable":true,"href":"https:\/\/www.diarioimagen.net\/index.php?rest_route=\/wp\/v2\/media\/671321"}],"wp:attachment":[{"href":"https:\/\/www.diarioimagen.net\/index.php?rest_route=%2Fwp%2Fv2%2Fmedia&parent=671320"}],"wp:term":[{"taxonomy":"category","embeddable":true,"href":"https:\/\/www.diarioimagen.net\/index.php?rest_route=%2Fwp%2Fv2%2Fcategories&post=671320"},{"taxonomy":"post_tag","embeddable":true,"href":"https:\/\/www.diarioimagen.net\/index.php?rest_route=%2Fwp%2Fv2%2Ftags&post=671320"}],"curies":[{"name":"wp","href":"https:\/\/api.w.org\/{rel}","templated":true}]}}