{"id":671486,"date":"2025-06-13T00:00:04","date_gmt":"2025-06-13T06:00:04","guid":{"rendered":"https:\/\/www.diarioimagen.net\/?p=671486"},"modified":"2025-06-12T21:54:44","modified_gmt":"2025-06-13T03:54:44","slug":"supervisa-david-parra-los-avances-de-obras-de-entubamiento-en-lomas-de-los-remedios","status":"publish","type":"post","link":"https:\/\/www.diarioimagen.net\/?p=671486","title":{"rendered":"Supervisa David Parra los avances de obras  de entubamiento en Lomas de Los Remedios"},"content":{"rendered":"<ul>\n<li><strong>Evitar\u00e1 inundaciones en Naucalpan<\/strong><\/li>\n<\/ul>\n<p>&nbsp;<\/p>\n<p>&nbsp;<\/p>\n<div id=\"attachment_671487\" style=\"width: 391px\" class=\"wp-caption alignnone\"><img loading=\"lazy\" decoding=\"async\" aria-describedby=\"caption-attachment-671487\" class=\"wp-image-671487 size-large\" src=\"https:\/\/www.diarioimagen.net\/wp-content\/uploads\/2025\/06\/BAENA-1-ok-8-381x270.jpg\" alt=\"\" width=\"381\" height=\"270\" srcset=\"https:\/\/www.diarioimagen.net\/wp-content\/uploads\/2025\/06\/BAENA-1-ok-8-381x270.jpg 381w, https:\/\/www.diarioimagen.net\/wp-content\/uploads\/2025\/06\/BAENA-1-ok-8-240x170.jpg 240w, https:\/\/www.diarioimagen.net\/wp-content\/uploads\/2025\/06\/BAENA-1-ok-8-768x545.jpg 768w, https:\/\/www.diarioimagen.net\/wp-content\/uploads\/2025\/06\/BAENA-1-ok-8-1536x1089.jpg 1536w, https:\/\/www.diarioimagen.net\/wp-content\/uploads\/2025\/06\/BAENA-1-ok-8-2048x1452.jpg 2048w, https:\/\/www.diarioimagen.net\/wp-content\/uploads\/2025\/06\/BAENA-1-ok-8-90x65.jpg 90w\" sizes=\"auto, (max-width: 381px) 100vw, 381px\" \/><p id=\"caption-attachment-671487\" class=\"wp-caption-text\">David Parra S\u00e1nchez, presidente de la asociaci\u00f3n civil \u00abProyecto Social Naucalpan\u00bb,\u00a0 supervis\u00f3 los trabajos de la cuarta etapa del entubamiento del cauce de agua en Lomas de Los Remedios.<\/p><\/div>\n<p>Por Arturo Baena<\/p>\n<p>&nbsp;<\/p>\n<p>Naucalpan, M\u00e9x.- Con el fin de apoyar y\u00a0 beneficiar a decenas de familias de la colonia Lomas de Los Remedios, ya est\u00e1n por concluir los trabajos de entubamiento del cauce de agua, que evitar\u00e1 inundaciones de viviendas y calles de esta comunidad.<\/p>\n<p>&nbsp;<\/p>\n<p>As\u00ed lo expres\u00f3 David Parra S\u00e1nchez, presidente de la asociaci\u00f3n civil \u00abProyecto Social Naucalpan\u00bb,\u00a0 luego de supervisar los trabajos de la cuarta etapa del entubamiento del cauce de agua y el cual\u00a0 lleva un avance significativo, cuya obra se realiza a petici\u00f3n de colonos a trav\u00e9s de la l\u00edder Olga Modesto<\/p>\n<p>&nbsp;<\/p>\n<p>Luego de que vecinos agradecieron el apoyo a David Parra, \u00e9ste refrend\u00f3 su compromiso de seguir luchando en favor de las familias naucalpenses, tal y como lo he hecho por d\u00e9cadas.<\/p>\n<p>&nbsp;<\/p>\n<p>\u201cActualmente se est\u00e1 trabajando de la mano del gobierno que encabeza el alcalde Isaac Montoya en instalar colectores y drenes que van a evitar que los habitantes de la Colonia Lomas de Los Remedios, sufran de inundaciones y pierdan su patrimonio, pues habr\u00e1 una mayor confluencia de los flujos y l\u00edquidos en esta zona\u201d, dijo<\/p>\n<p>&nbsp;<\/p>\n<p>Por otra parte, Parra S\u00e1nchez destac\u00f3 que \u00abuna vez concluido los trabajos del entubamiento en esa zona, se seguir\u00e1n proyectando acciones no s\u00f3lo en Lomas de los Remedios, sino en otras partes del municipio, coadyuvando con el Gobierno Municipal,\u00a0 siempre para favorecer a los naucalpenses\u00bb.<\/p>\n<p>&nbsp;<\/p>\n<p>&nbsp;<\/p>\n<p>&nbsp;<\/p>\n","protected":false},"excerpt":{"rendered":"<p>Evitar\u00e1 inundaciones en Naucalpan &nbsp; &nbsp; Por Arturo Baena &nbsp; Naucalpan, M\u00e9x.- Con el fin de apoyar y\u00a0 beneficiar a decenas de familias de la colonia Lomas de Los Remedios, ya est\u00e1n por concluir los trabajos de entubamiento del cauce de agua, que evitar\u00e1 inundaciones de viviendas y calles de esta comunidad. &nbsp; As\u00ed lo [&hellip;]<\/p>\n","protected":false},"author":14,"featured_media":671487,"comment_status":"open","ping_status":"open","sticky":false,"template":"","format":"standard","meta":{"_monsterinsights_skip_tracking":false,"_monsterinsights_sitenote_active":false,"_monsterinsights_sitenote_note":"","_monsterinsights_sitenote_category":0,"footnotes":""},"categories":[5],"tags":[],"class_list":["post-671486","post","type-post","status-publish","format-standard","has-post-thumbnail","hentry","category-estado-de-mexico"],"_links":{"self":[{"href":"https:\/\/www.diarioimagen.net\/index.php?rest_route=\/wp\/v2\/posts\/671486","targetHints":{"allow":["GET"]}}],"collection":[{"href":"https:\/\/www.diarioimagen.net\/index.php?rest_route=\/wp\/v2\/posts"}],"about":[{"href":"https:\/\/www.diarioimagen.net\/index.php?rest_route=\/wp\/v2\/types\/post"}],"author":[{"embeddable":true,"href":"https:\/\/www.diarioimagen.net\/index.php?rest_route=\/wp\/v2\/users\/14"}],"replies":[{"embeddable":true,"href":"https:\/\/www.diarioimagen.net\/index.php?rest_route=%2Fwp%2Fv2%2Fcomments&post=671486"}],"version-history":[{"count":1,"href":"https:\/\/www.diarioimagen.net\/index.php?rest_route=\/wp\/v2\/posts\/671486\/revisions"}],"predecessor-version":[{"id":671488,"href":"https:\/\/www.diarioimagen.net\/index.php?rest_route=\/wp\/v2\/posts\/671486\/revisions\/671488"}],"wp:featuredmedia":[{"embeddable":true,"href":"https:\/\/www.diarioimagen.net\/index.php?rest_route=\/wp\/v2\/media\/671487"}],"wp:attachment":[{"href":"https:\/\/www.diarioimagen.net\/index.php?rest_route=%2Fwp%2Fv2%2Fmedia&parent=671486"}],"wp:term":[{"taxonomy":"category","embeddable":true,"href":"https:\/\/www.diarioimagen.net\/index.php?rest_route=%2Fwp%2Fv2%2Fcategories&post=671486"},{"taxonomy":"post_tag","embeddable":true,"href":"https:\/\/www.diarioimagen.net\/index.php?rest_route=%2Fwp%2Fv2%2Ftags&post=671486"}],"curies":[{"name":"wp","href":"https:\/\/api.w.org\/{rel}","templated":true}]}}