{"id":671495,"date":"2025-06-13T00:00:38","date_gmt":"2025-06-13T06:00:38","guid":{"rendered":"https:\/\/www.diarioimagen.net\/?p=671495"},"modified":"2025-06-12T21:58:59","modified_gmt":"2025-06-13T03:58:59","slug":"entrega-tlalnepantla-tarjetas-mujeres-con-bienestar","status":"publish","type":"post","link":"https:\/\/www.diarioimagen.net\/?p=671495","title":{"rendered":"Entrega Tlalnepantla tarjetas \u201cMujeres con Bienestar\u201d"},"content":{"rendered":"<div id=\"attachment_671496\" style=\"width: 415px\" class=\"wp-caption alignnone\"><img loading=\"lazy\" decoding=\"async\" aria-describedby=\"caption-attachment-671496\" class=\"wp-image-671496 size-large\" src=\"https:\/\/www.diarioimagen.net\/wp-content\/uploads\/2025\/06\/BAENA-4-ok-9-405x270.jpg\" alt=\"\" width=\"405\" height=\"270\" srcset=\"https:\/\/www.diarioimagen.net\/wp-content\/uploads\/2025\/06\/BAENA-4-ok-9-405x270.jpg 405w, https:\/\/www.diarioimagen.net\/wp-content\/uploads\/2025\/06\/BAENA-4-ok-9-240x160.jpg 240w, https:\/\/www.diarioimagen.net\/wp-content\/uploads\/2025\/06\/BAENA-4-ok-9-768x511.jpg 768w, https:\/\/www.diarioimagen.net\/wp-content\/uploads\/2025\/06\/BAENA-4-ok-9.jpg 1500w\" sizes=\"auto, (max-width: 405px) 100vw, 405px\" \/><p id=\"caption-attachment-671496\" class=\"wp-caption-text\">Entrega Tlalnepantla tarjetas \u201cMujeres con Bienestar\u201d<\/p><\/div>\n<p>&nbsp;<\/p>\n<p>&nbsp;<\/p>\n<p>&nbsp;<\/p>\n<p>Tlalnepantla, M\u00e9x.- Durante la entrega de m\u00e1s de 2 mil 500 tarjetas del programa integral \u201cMujeres con Bienestar\u201d, que impulsa el gobierno del Estado de M\u00e9xico encabezado por la maestra Delfina G\u00f3mez \u00c1lvarez, el alcalde de Tlalnepantla, Raciel P\u00e9rez Cruz, asegur\u00f3 que este tipo de programas y la pol\u00edtica social que impulsa la Cuarta Transformaci\u00f3n permiti\u00f3 que m\u00e1s de 11 millones de mexicanas y mexicanos salieran del umbral de la pobreza. El edil se\u00f1al\u00f3 que la pol\u00edtica social trazada por los tres \u00f3rdenes de gobierno, seguir\u00e1 dando resultados y es un factor determinante para combatir la pobreza y generar m\u00e1s y mejores oportunidades de desarrollo. Sobre el programa estatal \u201cMujeres con Bienestar\u201d, P\u00e9rez Cruz mencion\u00f3 que este encuentro representa un acto de justicia y reconocimiento a las mujeres, a quienes refrendamos nuestro compromiso desde el Gobierno Municipal para generar entornos propicios para elevar su calidad de vida y la de sus familias.<\/p>\n<p>&nbsp;<\/p>\n<p>&nbsp;<\/p>\n<p>&nbsp;<\/p>\n<p>El titular de la Secretar\u00eda de Bienestar del Estado de M\u00e9xico Juan Carlos Gonz\u00e1lez Romero enfatiz\u00f3 que este evento regional instruido por la Gobernadora Delfina G\u00f3mez \u00c1lvarez tiene como objetivo entregar esta tarjeta \u201ccreada por una mujer para una mujer\u201d.<\/p>\n","protected":false},"excerpt":{"rendered":"<p>&nbsp; &nbsp; &nbsp; Tlalnepantla, M\u00e9x.- Durante la entrega de m\u00e1s de 2 mil 500 tarjetas del programa integral \u201cMujeres con Bienestar\u201d, que impulsa el gobierno del Estado de M\u00e9xico encabezado por la maestra Delfina G\u00f3mez \u00c1lvarez, el alcalde de Tlalnepantla, Raciel P\u00e9rez Cruz, asegur\u00f3 que este tipo de programas y la pol\u00edtica social que impulsa [&hellip;]<\/p>\n","protected":false},"author":14,"featured_media":671496,"comment_status":"open","ping_status":"open","sticky":false,"template":"","format":"standard","meta":{"_monsterinsights_skip_tracking":false,"_monsterinsights_sitenote_active":false,"_monsterinsights_sitenote_note":"","_monsterinsights_sitenote_category":0,"footnotes":""},"categories":[5],"tags":[],"class_list":["post-671495","post","type-post","status-publish","format-standard","has-post-thumbnail","hentry","category-estado-de-mexico"],"_links":{"self":[{"href":"https:\/\/www.diarioimagen.net\/index.php?rest_route=\/wp\/v2\/posts\/671495","targetHints":{"allow":["GET"]}}],"collection":[{"href":"https:\/\/www.diarioimagen.net\/index.php?rest_route=\/wp\/v2\/posts"}],"about":[{"href":"https:\/\/www.diarioimagen.net\/index.php?rest_route=\/wp\/v2\/types\/post"}],"author":[{"embeddable":true,"href":"https:\/\/www.diarioimagen.net\/index.php?rest_route=\/wp\/v2\/users\/14"}],"replies":[{"embeddable":true,"href":"https:\/\/www.diarioimagen.net\/index.php?rest_route=%2Fwp%2Fv2%2Fcomments&post=671495"}],"version-history":[{"count":1,"href":"https:\/\/www.diarioimagen.net\/index.php?rest_route=\/wp\/v2\/posts\/671495\/revisions"}],"predecessor-version":[{"id":671497,"href":"https:\/\/www.diarioimagen.net\/index.php?rest_route=\/wp\/v2\/posts\/671495\/revisions\/671497"}],"wp:featuredmedia":[{"embeddable":true,"href":"https:\/\/www.diarioimagen.net\/index.php?rest_route=\/wp\/v2\/media\/671496"}],"wp:attachment":[{"href":"https:\/\/www.diarioimagen.net\/index.php?rest_route=%2Fwp%2Fv2%2Fmedia&parent=671495"}],"wp:term":[{"taxonomy":"category","embeddable":true,"href":"https:\/\/www.diarioimagen.net\/index.php?rest_route=%2Fwp%2Fv2%2Fcategories&post=671495"},{"taxonomy":"post_tag","embeddable":true,"href":"https:\/\/www.diarioimagen.net\/index.php?rest_route=%2Fwp%2Fv2%2Ftags&post=671495"}],"curies":[{"name":"wp","href":"https:\/\/api.w.org\/{rel}","templated":true}]}}