{"id":671503,"date":"2025-06-13T00:00:01","date_gmt":"2025-06-13T06:00:01","guid":{"rendered":"https:\/\/www.diarioimagen.net\/?p=671503"},"modified":"2025-06-12T22:03:57","modified_gmt":"2025-06-13T04:03:57","slug":"inaugura-gem-academia-de-lengua-de-senas","status":"publish","type":"post","link":"https:\/\/www.diarioimagen.net\/?p=671503","title":{"rendered":"Inaugura GEM Academia de Lengua de Se\u00f1as, \u00a0"},"content":{"rendered":"<ul>\n<li><strong>\u00danica en el pa\u00eds<\/strong><\/li>\n<\/ul>\n<div id=\"attachment_671504\" style=\"width: 300px\" class=\"wp-caption alignnone\"><img loading=\"lazy\" decoding=\"async\" aria-describedby=\"caption-attachment-671504\" class=\"wp-image-671504 size-large\" src=\"https:\/\/www.diarioimagen.net\/wp-content\/uploads\/2025\/06\/IMSS-OK-okk-290x270.jpg\" alt=\"\" width=\"290\" height=\"270\" srcset=\"https:\/\/www.diarioimagen.net\/wp-content\/uploads\/2025\/06\/IMSS-OK-okk-290x270.jpg 290w, https:\/\/www.diarioimagen.net\/wp-content\/uploads\/2025\/06\/IMSS-OK-okk-240x223.jpg 240w, https:\/\/www.diarioimagen.net\/wp-content\/uploads\/2025\/06\/IMSS-OK-okk-768x715.jpg 768w, https:\/\/www.diarioimagen.net\/wp-content\/uploads\/2025\/06\/IMSS-OK-okk.jpg 1500w\" sizes=\"auto, (max-width: 290px) 100vw, 290px\" \/><p id=\"caption-attachment-671504\" class=\"wp-caption-text\">Inauguran la Academia de Lengua de Se\u00f1as, la primera de su tipo en el pa\u00eds, a cargo del Sistema para el Desarrollo Integral de la Familia del Estado de M\u00e9xico (DIFEM).<\/p><\/div>\n<p>&nbsp;<\/p>\n<p>&nbsp;<\/p>\n<p>Toluca, Estado de M\u00e9xico.- El gobierno de la maestra Delfina G\u00f3mez \u00c1lvarez inaugur\u00f3 la Academia de Lengua de Se\u00f1as, la primera de su tipo en el pa\u00eds, a cargo del Sistema para el Desarrollo Integral de la Familia del Estado de M\u00e9xico (DIFEM). Certificar\u00e1 competencias en Lengua de Se\u00f1as Mexicana (LSM), promoviendo igualdad y accesibilidad.<\/p>\n<p>&nbsp;<\/p>\n<p>Durante la inauguraci\u00f3n, Karina Labastida Sotelo, Directora General del DIFEM se\u00f1al\u00f3 que esta academia ense\u00f1ar\u00e1, capacitar\u00e1 y certificar\u00e1 conocimientos en LSM. Con \u00abEl Poder de Servir\u00bb, fortalecer\u00e1 la informaci\u00f3n de la comunidad sorda, fomentando comprensi\u00f3n y respeto. Colaborar\u00e1 con organizaciones para promover la LSM y la inclusi\u00f3n.<\/p>\n<p>&nbsp;<\/p>\n<p>La academia certificar\u00e1 competencias a trav\u00e9s de CONOCER y SEP, con validez oficial. Este esfuerzo contribuir\u00e1 a un Estado de M\u00e9xico m\u00e1s justo e incluyente, como instruy\u00f3 la Maestra Delfina G\u00f3mez \u00c1lvarez, asegur\u00f3 la Directora General del DIFEM.<\/p>\n<p>&nbsp;<\/p>\n<p>Jorge Juan Villa Mart\u00ednez, Director de Centros Estatales de Rehabilitaci\u00f3n, destac\u00f3 la importancia de la LSM para la comunicaci\u00f3n, educaci\u00f3n, participaci\u00f3n laboral e integraci\u00f3n social de las personas sordas, garantizando igualdad de oportunidades.<\/p>\n<p>&nbsp;<\/p>\n<p>El curso-taller est\u00e1 dirigido al personal p\u00fablico y privado y consta de seis niveles, en modalidades presencial y en l\u00ednea, con un costo por semestre.<\/p>\n<p>&nbsp;<\/p>\n<p>&nbsp;<\/p>\n","protected":false},"excerpt":{"rendered":"<p>\u00danica en el pa\u00eds &nbsp; &nbsp; Toluca, Estado de M\u00e9xico.- El gobierno de la maestra Delfina G\u00f3mez \u00c1lvarez inaugur\u00f3 la Academia de Lengua de Se\u00f1as, la primera de su tipo en el pa\u00eds, a cargo del Sistema para el Desarrollo Integral de la Familia del Estado de M\u00e9xico (DIFEM). Certificar\u00e1 competencias en Lengua de Se\u00f1as [&hellip;]<\/p>\n","protected":false},"author":14,"featured_media":671504,"comment_status":"open","ping_status":"open","sticky":false,"template":"","format":"standard","meta":{"_monsterinsights_skip_tracking":false,"_monsterinsights_sitenote_active":false,"_monsterinsights_sitenote_note":"","_monsterinsights_sitenote_category":0,"footnotes":""},"categories":[5],"tags":[],"class_list":["post-671503","post","type-post","status-publish","format-standard","has-post-thumbnail","hentry","category-estado-de-mexico"],"_links":{"self":[{"href":"https:\/\/www.diarioimagen.net\/index.php?rest_route=\/wp\/v2\/posts\/671503","targetHints":{"allow":["GET"]}}],"collection":[{"href":"https:\/\/www.diarioimagen.net\/index.php?rest_route=\/wp\/v2\/posts"}],"about":[{"href":"https:\/\/www.diarioimagen.net\/index.php?rest_route=\/wp\/v2\/types\/post"}],"author":[{"embeddable":true,"href":"https:\/\/www.diarioimagen.net\/index.php?rest_route=\/wp\/v2\/users\/14"}],"replies":[{"embeddable":true,"href":"https:\/\/www.diarioimagen.net\/index.php?rest_route=%2Fwp%2Fv2%2Fcomments&post=671503"}],"version-history":[{"count":1,"href":"https:\/\/www.diarioimagen.net\/index.php?rest_route=\/wp\/v2\/posts\/671503\/revisions"}],"predecessor-version":[{"id":671505,"href":"https:\/\/www.diarioimagen.net\/index.php?rest_route=\/wp\/v2\/posts\/671503\/revisions\/671505"}],"wp:featuredmedia":[{"embeddable":true,"href":"https:\/\/www.diarioimagen.net\/index.php?rest_route=\/wp\/v2\/media\/671504"}],"wp:attachment":[{"href":"https:\/\/www.diarioimagen.net\/index.php?rest_route=%2Fwp%2Fv2%2Fmedia&parent=671503"}],"wp:term":[{"taxonomy":"category","embeddable":true,"href":"https:\/\/www.diarioimagen.net\/index.php?rest_route=%2Fwp%2Fv2%2Fcategories&post=671503"},{"taxonomy":"post_tag","embeddable":true,"href":"https:\/\/www.diarioimagen.net\/index.php?rest_route=%2Fwp%2Fv2%2Ftags&post=671503"}],"curies":[{"name":"wp","href":"https:\/\/api.w.org\/{rel}","templated":true}]}}