{"id":671665,"date":"2025-06-16T00:00:02","date_gmt":"2025-06-16T06:00:02","guid":{"rendered":"https:\/\/www.diarioimagen.net\/?p=671665"},"modified":"2025-06-15T20:59:01","modified_gmt":"2025-06-16T02:59:01","slug":"pide-tomas-palomares-parra-a-suteymistas-brindar-servicios-de-calidad-en-naucalpan","status":"publish","type":"post","link":"https:\/\/www.diarioimagen.net\/?p=671665","title":{"rendered":"Pide Tom\u00e1s Palomares Parra a suteymistas  brindar servicios de calidad en Naucalpan"},"content":{"rendered":"<ul>\n<li><strong>Compromiso de trabajar de manera coordinada<\/strong><\/li>\n<\/ul>\n<p><strong>\u00a0<\/strong><\/p>\n<p><strong>\u00a0<\/strong><\/p>\n<div id=\"attachment_671666\" style=\"width: 278px\" class=\"wp-caption alignnone\"><img loading=\"lazy\" decoding=\"async\" aria-describedby=\"caption-attachment-671666\" class=\"wp-image-671666 size-large\" src=\"https:\/\/www.diarioimagen.net\/wp-content\/uploads\/2025\/06\/BAENA-1-ok-9-268x270.jpg\" alt=\"\" width=\"268\" height=\"270\" srcset=\"https:\/\/www.diarioimagen.net\/wp-content\/uploads\/2025\/06\/BAENA-1-ok-9-268x270.jpg 268w, https:\/\/www.diarioimagen.net\/wp-content\/uploads\/2025\/06\/BAENA-1-ok-9-238x240.jpg 238w, https:\/\/www.diarioimagen.net\/wp-content\/uploads\/2025\/06\/BAENA-1-ok-9-150x150.jpg 150w, https:\/\/www.diarioimagen.net\/wp-content\/uploads\/2025\/06\/BAENA-1-ok-9-768x774.jpg 768w, https:\/\/www.diarioimagen.net\/wp-content\/uploads\/2025\/06\/BAENA-1-ok-9-1523x1536.jpg 1523w, https:\/\/www.diarioimagen.net\/wp-content\/uploads\/2025\/06\/BAENA-1-ok-9-2031x2048.jpg 2031w, https:\/\/www.diarioimagen.net\/wp-content\/uploads\/2025\/06\/BAENA-1-ok-9-50x50.jpg 50w, https:\/\/www.diarioimagen.net\/wp-content\/uploads\/2025\/06\/BAENA-1-ok-9-75x75.jpg 75w, https:\/\/www.diarioimagen.net\/wp-content\/uploads\/2025\/06\/BAENA-1-ok-9-70x70.jpg 70w\" sizes=\"auto, (max-width: 268px) 100vw, 268px\" \/><p id=\"caption-attachment-671666\" class=\"wp-caption-text\">El alcalde alcalde Isaac Montoya y el secretario general del SUTEyM, Tom\u00e1s Palomares Parra, durante la entrega a la direcci\u00f3n de Servicios P\u00fablicos de 15 camiones compactadores<\/p><\/div>\n<p>&nbsp;<\/p>\n<p>Por Arturo Baena<\/p>\n<p>&nbsp;<\/p>\n<p>Naucalpan, M\u00e9x.- El SUTEyM reitera su compromiso de trabajar de manera coordinada con todas y cada una de las \u00e1reas de la administraci\u00f3n que encabeza el presidente municipal Isaac Montoya, toda vez que es y ser\u00e1\u00a0 siempre en beneficio de las familias naucalpenses.<\/p>\n<p>&nbsp;<\/p>\n<p>As\u00ed lo expres\u00f3 el doctor en Derecho y secretario general de ese gremio sindical, Tom\u00e1s Palomares Parra, durante la entrega a la direcci\u00f3n de Servicios P\u00fablicos de 15 camiones compactadores de desechos s\u00f3lidos y 25 contenedores m\u00f3viles de basura, para reforzar los trabajos de recolecci\u00f3n y barrido de la basura que se genera diariamente.<\/p>\n<p>&nbsp;<\/p>\n<p>Como parte del programa \u00abHuellas de la Transformaci\u00f3n\u00bb construyendo bienestar para el pueblo, Palomares Parra hizo un llamado a la clase trabajadora a seguir entregando lo mejor de s\u00ed para poder brindar\u00a0 servicios p\u00fablicos de calidad a los habitantes de Naucalpan.<\/p>\n<p>&nbsp;<\/p>\n<p>Con esta entrega de unidades, el municipio ahora cuenta con 154 recolectoras de basura, mismas que diariamente acuden a las diferentes comunidades para dar el servicio y destinar la basura a los lugares adecuados para su correcto tratamiento.<\/p>\n<p>&nbsp;<\/p>\n<p>En este sentido, el alcalde Isaac Montoya realiz\u00f3 un llamado a la ciudadan\u00eda para no tirar basura en las calles, ya que se sancionar\u00e1 a todas aquellas personas que sean sorprendidas depositando su basura en lugares inadecuados como barrancas, r\u00edos, calles y avenidas, adem\u00e1s de ser remitidos con las autoridades correspondientes.<\/p>\n<p>&nbsp;<\/p>\n<p>&nbsp;<\/p>\n","protected":false},"excerpt":{"rendered":"<p>Compromiso de trabajar de manera coordinada \u00a0 \u00a0 &nbsp; Por Arturo Baena &nbsp; Naucalpan, M\u00e9x.- El SUTEyM reitera su compromiso de trabajar de manera coordinada con todas y cada una de las \u00e1reas de la administraci\u00f3n que encabeza el presidente municipal Isaac Montoya, toda vez que es y ser\u00e1\u00a0 siempre en beneficio de las familias [&hellip;]<\/p>\n","protected":false},"author":14,"featured_media":671666,"comment_status":"open","ping_status":"open","sticky":false,"template":"","format":"standard","meta":{"_monsterinsights_skip_tracking":false,"_monsterinsights_sitenote_active":false,"_monsterinsights_sitenote_note":"","_monsterinsights_sitenote_category":0,"footnotes":""},"categories":[5],"tags":[],"class_list":["post-671665","post","type-post","status-publish","format-standard","has-post-thumbnail","hentry","category-estado-de-mexico"],"_links":{"self":[{"href":"https:\/\/www.diarioimagen.net\/index.php?rest_route=\/wp\/v2\/posts\/671665","targetHints":{"allow":["GET"]}}],"collection":[{"href":"https:\/\/www.diarioimagen.net\/index.php?rest_route=\/wp\/v2\/posts"}],"about":[{"href":"https:\/\/www.diarioimagen.net\/index.php?rest_route=\/wp\/v2\/types\/post"}],"author":[{"embeddable":true,"href":"https:\/\/www.diarioimagen.net\/index.php?rest_route=\/wp\/v2\/users\/14"}],"replies":[{"embeddable":true,"href":"https:\/\/www.diarioimagen.net\/index.php?rest_route=%2Fwp%2Fv2%2Fcomments&post=671665"}],"version-history":[{"count":1,"href":"https:\/\/www.diarioimagen.net\/index.php?rest_route=\/wp\/v2\/posts\/671665\/revisions"}],"predecessor-version":[{"id":671667,"href":"https:\/\/www.diarioimagen.net\/index.php?rest_route=\/wp\/v2\/posts\/671665\/revisions\/671667"}],"wp:featuredmedia":[{"embeddable":true,"href":"https:\/\/www.diarioimagen.net\/index.php?rest_route=\/wp\/v2\/media\/671666"}],"wp:attachment":[{"href":"https:\/\/www.diarioimagen.net\/index.php?rest_route=%2Fwp%2Fv2%2Fmedia&parent=671665"}],"wp:term":[{"taxonomy":"category","embeddable":true,"href":"https:\/\/www.diarioimagen.net\/index.php?rest_route=%2Fwp%2Fv2%2Fcategories&post=671665"},{"taxonomy":"post_tag","embeddable":true,"href":"https:\/\/www.diarioimagen.net\/index.php?rest_route=%2Fwp%2Fv2%2Ftags&post=671665"}],"curies":[{"name":"wp","href":"https:\/\/api.w.org\/{rel}","templated":true}]}}