{"id":671671,"date":"2025-06-16T00:00:30","date_gmt":"2025-06-16T06:00:30","guid":{"rendered":"https:\/\/www.diarioimagen.net\/?p=671671"},"modified":"2025-06-15T21:01:46","modified_gmt":"2025-06-16T03:01:46","slug":"se-deben-cerrar-filas-para-poder-corregir-ruta-del-pais-cristina-ruiz","status":"publish","type":"post","link":"https:\/\/www.diarioimagen.net\/?p=671671","title":{"rendered":"Se deben cerrar filas para poder  corregir ruta del pa\u00eds: Cristina Ruiz"},"content":{"rendered":"<ul>\n<li><strong>Llamado a priistas mexiquenses<\/strong><\/li>\n<\/ul>\n<div id=\"attachment_671672\" style=\"width: 352px\" class=\"wp-caption alignnone\"><img loading=\"lazy\" decoding=\"async\" aria-describedby=\"caption-attachment-671672\" class=\"wp-image-671672 size-large\" src=\"https:\/\/www.diarioimagen.net\/wp-content\/uploads\/2025\/06\/BAENA-3-ok-10-342x270.jpg\" alt=\"\" width=\"342\" height=\"270\" srcset=\"https:\/\/www.diarioimagen.net\/wp-content\/uploads\/2025\/06\/BAENA-3-ok-10-342x270.jpg 342w, https:\/\/www.diarioimagen.net\/wp-content\/uploads\/2025\/06\/BAENA-3-ok-10-240x190.jpg 240w, https:\/\/www.diarioimagen.net\/wp-content\/uploads\/2025\/06\/BAENA-3-ok-10-768x607.jpg 768w, https:\/\/www.diarioimagen.net\/wp-content\/uploads\/2025\/06\/BAENA-3-ok-10-1536x1214.jpg 1536w, https:\/\/www.diarioimagen.net\/wp-content\/uploads\/2025\/06\/BAENA-3-ok-10-2048x1619.jpg 2048w\" sizes=\"auto, (max-width: 342px) 100vw, 342px\" \/><p id=\"caption-attachment-671672\" class=\"wp-caption-text\">La presidenta del CDE del PRI en el Estado de M\u00e9xico, Cristina Ruiz Sandoval, junto con el coordinador del grupo parlamentario del PRI,\u00a0 El\u00edas Rescala Jim\u00e9nez, pusieron en marcha el Programa<\/p><\/div>\n<p>&nbsp;<\/p>\n<p>Valle de M\u00e9xico.- El priismo mexiquense est\u00e1 cerrando filas para corregir la ruta del pa\u00eds y que hoy se encuentra sin instituciones fuertes, sin una independencia de los poderes y con destino directo y sin escalas a un autoritarismo.<\/p>\n<p>&nbsp;<\/p>\n<p>Asi lo expres\u00f3 la presidenta del Comit\u00e9 Directivo Estatal (CDE), Cristina Ruiz Sandoval, quien se pronunci\u00f3 por el trabajo en equipo para alcanzar en un futuro la mejor versi\u00f3n del Estado de M\u00e9xico. \u201cSon momentos de cumplir con los que confiaron en el PRI, es tiempo de cambiar la historia\u201d, puntualiz\u00f3.<\/p>\n<p>&nbsp;<\/p>\n<p>La tambi\u00e9n senadora de la Rep\u00fablica, junto con el Coordinador del Grupo Parlamentario del PRI, El\u00edas Rescala Jim\u00e9nez, pusieron en marcha el Programa de Apoyo \u201cNaucalpan, para que vivas mejor\u201d, con la entrega de tinacos para vecinas y vecinos de las colonias Rinc\u00f3n Verde, Praderas de San Mateo, Las Aguilillas y Zona Alta.<\/p>\n<p>&nbsp;<\/p>\n<p>Ruiz Sandoval manifest\u00f3 que el PRI alza la voz porque quiere de vuelta mejores condiciones de vida para los mexiquenses con mayor seguridad, m\u00e1s infraestructura vial y abasto de agua como lo demandan todos.<\/p>\n<p>&nbsp;<\/p>\n<p>\u201cEstamos haciendo equipo para recuperar los espacios de representaci\u00f3n popular, estamos unidos para darle tranquilidad a los municipios porque con el PRI est\u00e1bamos mejor y eso lo sabe la gente, por eso quieren que regresemos para gobernar con resultados; no podemos permitir que el pa\u00eds sea una f\u00e1brica de muertos\u201d, a\u00f1adi\u00f3.<\/p>\n<p>&nbsp;<\/p>\n<p>Por su parte, el diputado El\u00edas Rescala Jim\u00e9nez destac\u00f3 que el PRI est\u00e1 demostrando que se encuentra en territorio para escuchar y atender las necesidades de los mexiquenses.\u00a0 \u201cNuestro partido es el gran constructor del pa\u00eds, tenemos caminos, escuelas, alumbrado y colonias pavimentadas por el trabajo de gobiernos priistas y que va m\u00e1s all\u00e1 de los discursos\u201d, anot\u00f3.<\/p>\n<p>&nbsp;<\/p>\n<p>&nbsp;<\/p>\n","protected":false},"excerpt":{"rendered":"<p>Llamado a priistas mexiquenses &nbsp; Valle de M\u00e9xico.- El priismo mexiquense est\u00e1 cerrando filas para corregir la ruta del pa\u00eds y que hoy se encuentra sin instituciones fuertes, sin una independencia de los poderes y con destino directo y sin escalas a un autoritarismo. &nbsp; Asi lo expres\u00f3 la presidenta del Comit\u00e9 Directivo Estatal (CDE), [&hellip;]<\/p>\n","protected":false},"author":14,"featured_media":671672,"comment_status":"open","ping_status":"open","sticky":false,"template":"","format":"standard","meta":{"_monsterinsights_skip_tracking":false,"_monsterinsights_sitenote_active":false,"_monsterinsights_sitenote_note":"","_monsterinsights_sitenote_category":0,"footnotes":""},"categories":[5],"tags":[],"class_list":["post-671671","post","type-post","status-publish","format-standard","has-post-thumbnail","hentry","category-estado-de-mexico"],"_links":{"self":[{"href":"https:\/\/www.diarioimagen.net\/index.php?rest_route=\/wp\/v2\/posts\/671671","targetHints":{"allow":["GET"]}}],"collection":[{"href":"https:\/\/www.diarioimagen.net\/index.php?rest_route=\/wp\/v2\/posts"}],"about":[{"href":"https:\/\/www.diarioimagen.net\/index.php?rest_route=\/wp\/v2\/types\/post"}],"author":[{"embeddable":true,"href":"https:\/\/www.diarioimagen.net\/index.php?rest_route=\/wp\/v2\/users\/14"}],"replies":[{"embeddable":true,"href":"https:\/\/www.diarioimagen.net\/index.php?rest_route=%2Fwp%2Fv2%2Fcomments&post=671671"}],"version-history":[{"count":1,"href":"https:\/\/www.diarioimagen.net\/index.php?rest_route=\/wp\/v2\/posts\/671671\/revisions"}],"predecessor-version":[{"id":671673,"href":"https:\/\/www.diarioimagen.net\/index.php?rest_route=\/wp\/v2\/posts\/671671\/revisions\/671673"}],"wp:featuredmedia":[{"embeddable":true,"href":"https:\/\/www.diarioimagen.net\/index.php?rest_route=\/wp\/v2\/media\/671672"}],"wp:attachment":[{"href":"https:\/\/www.diarioimagen.net\/index.php?rest_route=%2Fwp%2Fv2%2Fmedia&parent=671671"}],"wp:term":[{"taxonomy":"category","embeddable":true,"href":"https:\/\/www.diarioimagen.net\/index.php?rest_route=%2Fwp%2Fv2%2Fcategories&post=671671"},{"taxonomy":"post_tag","embeddable":true,"href":"https:\/\/www.diarioimagen.net\/index.php?rest_route=%2Fwp%2Fv2%2Ftags&post=671671"}],"curies":[{"name":"wp","href":"https:\/\/api.w.org\/{rel}","templated":true}]}}