{"id":671674,"date":"2025-06-16T00:00:58","date_gmt":"2025-06-16T06:00:58","guid":{"rendered":"https:\/\/www.diarioimagen.net\/?p=671674"},"modified":"2025-06-15T21:02:55","modified_gmt":"2025-06-16T03:02:55","slug":"aplauden-acciones-de-azucena-cisneros-para-evitar-inundaciones-en-ecatepec","status":"publish","type":"post","link":"https:\/\/www.diarioimagen.net\/?p=671674","title":{"rendered":"Aplauden acciones de Azucena Cisneros para evitar inundaciones en Ecatepec"},"content":{"rendered":"<div id=\"attachment_671675\" style=\"width: 424px\" class=\"wp-caption alignnone\"><img loading=\"lazy\" decoding=\"async\" aria-describedby=\"caption-attachment-671675\" class=\"wp-image-671675 size-large\" src=\"https:\/\/www.diarioimagen.net\/wp-content\/uploads\/2025\/06\/BAENA-4-ok-10-414x270.jpg\" alt=\"\" width=\"414\" height=\"270\" srcset=\"https:\/\/www.diarioimagen.net\/wp-content\/uploads\/2025\/06\/BAENA-4-ok-10-414x270.jpg 414w, https:\/\/www.diarioimagen.net\/wp-content\/uploads\/2025\/06\/BAENA-4-ok-10-240x156.jpg 240w, https:\/\/www.diarioimagen.net\/wp-content\/uploads\/2025\/06\/BAENA-4-ok-10-768x501.jpg 768w, https:\/\/www.diarioimagen.net\/wp-content\/uploads\/2025\/06\/BAENA-4-ok-10-1536x1001.jpg 1536w, https:\/\/www.diarioimagen.net\/wp-content\/uploads\/2025\/06\/BAENA-4-ok-10-2048x1335.jpg 2048w\" sizes=\"auto, (max-width: 414px) 100vw, 414px\" \/><p id=\"caption-attachment-671675\" class=\"wp-caption-text\">Aplauden acciones de Azucena Cisneros para evitar inundaciones en Ecatepec<\/p><\/div>\n<p>Ecatepec, M\u00e9x.- Diversos sectores de la sociedad de este municipio, cerraron filas en torno a las acciones que ha realizado el gobierno que encabeza la alcaldesa Azucena Cisteros para evitar afectaciones en esta temporada de lluvias. Delegados, Copacis, empresarios y dirigentes partidistas, en voz de Juan Jos\u00e9 Hern\u00e1ndez,\u00a0 reconocieron los trabajos en diversas materias en beneficio de las familias ecatepenses. Un ejemplo de ello y tras encontrarse inoperante, el c\u00e1rcamo 24 , fue rehabilitado por el Gobierno del Cambio con Honestidad y puesto en operaci\u00f3n por la presidenta municipal Azucena Cisneros, con el prop\u00f3sito de contribuir en mitigar las inundaciones. Frente a vecinos que se dieron cita en el c\u00e1rcamo, ubicado en avenida Adolfo L\u00f3pez Mateos (R1), colonia El Cegor, la alcaldesa se\u00f1al\u00f3 que su funcionamiento beneficiar\u00e1 a alrededor de 35 mil personas.<\/p>\n<p>&nbsp;<\/p>\n<p>&nbsp;<\/p>\n<p>&nbsp;<\/p>\n<p>Desde ese sitio agradeci\u00f3 a la presidenta de la Rep\u00fablica, Claudia Sheinbaum Pardo, ya que el gobierno federal est\u00e1 recuperando seis pozos, pero tambi\u00e9n con recursos federales a partir de la pr\u00f3xima semana se estar\u00e1n rehabilitando siete c\u00e1rcamos en Ecatepec.<\/p>\n<p>&nbsp;<\/p>\n<p>\u201cPorque nosotros, desde el principio de las mesas de trabajo con la presidenta de la Rep\u00fablica y la gobernadora Delfina G\u00f3mez \u00c1lvarez, dejamos claro: Tenemos mucho apuro en el tema del agua, pero tambi\u00e9n llegan las lluvias y tenemos mucho apuro en el tema de las inundaciones\u201d, dijo.<\/p>\n","protected":false},"excerpt":{"rendered":"<p>Ecatepec, M\u00e9x.- Diversos sectores de la sociedad de este municipio, cerraron filas en torno a las acciones que ha realizado el gobierno que encabeza la alcaldesa Azucena Cisteros para evitar afectaciones en esta temporada de lluvias. Delegados, Copacis, empresarios y dirigentes partidistas, en voz de Juan Jos\u00e9 Hern\u00e1ndez,\u00a0 reconocieron los trabajos en diversas materias en [&hellip;]<\/p>\n","protected":false},"author":14,"featured_media":671675,"comment_status":"open","ping_status":"open","sticky":false,"template":"","format":"standard","meta":{"_monsterinsights_skip_tracking":false,"_monsterinsights_sitenote_active":false,"_monsterinsights_sitenote_note":"","_monsterinsights_sitenote_category":0,"footnotes":""},"categories":[5],"tags":[],"class_list":["post-671674","post","type-post","status-publish","format-standard","has-post-thumbnail","hentry","category-estado-de-mexico"],"_links":{"self":[{"href":"https:\/\/www.diarioimagen.net\/index.php?rest_route=\/wp\/v2\/posts\/671674","targetHints":{"allow":["GET"]}}],"collection":[{"href":"https:\/\/www.diarioimagen.net\/index.php?rest_route=\/wp\/v2\/posts"}],"about":[{"href":"https:\/\/www.diarioimagen.net\/index.php?rest_route=\/wp\/v2\/types\/post"}],"author":[{"embeddable":true,"href":"https:\/\/www.diarioimagen.net\/index.php?rest_route=\/wp\/v2\/users\/14"}],"replies":[{"embeddable":true,"href":"https:\/\/www.diarioimagen.net\/index.php?rest_route=%2Fwp%2Fv2%2Fcomments&post=671674"}],"version-history":[{"count":1,"href":"https:\/\/www.diarioimagen.net\/index.php?rest_route=\/wp\/v2\/posts\/671674\/revisions"}],"predecessor-version":[{"id":671676,"href":"https:\/\/www.diarioimagen.net\/index.php?rest_route=\/wp\/v2\/posts\/671674\/revisions\/671676"}],"wp:featuredmedia":[{"embeddable":true,"href":"https:\/\/www.diarioimagen.net\/index.php?rest_route=\/wp\/v2\/media\/671675"}],"wp:attachment":[{"href":"https:\/\/www.diarioimagen.net\/index.php?rest_route=%2Fwp%2Fv2%2Fmedia&parent=671674"}],"wp:term":[{"taxonomy":"category","embeddable":true,"href":"https:\/\/www.diarioimagen.net\/index.php?rest_route=%2Fwp%2Fv2%2Fcategories&post=671674"},{"taxonomy":"post_tag","embeddable":true,"href":"https:\/\/www.diarioimagen.net\/index.php?rest_route=%2Fwp%2Fv2%2Ftags&post=671674"}],"curies":[{"name":"wp","href":"https:\/\/api.w.org\/{rel}","templated":true}]}}