{"id":671688,"date":"2025-06-16T00:00:23","date_gmt":"2025-06-16T06:00:23","guid":{"rendered":"https:\/\/www.diarioimagen.net\/?p=671688"},"modified":"2025-06-15T21:18:42","modified_gmt":"2025-06-16T03:18:42","slug":"reconoce-el-gem-la-trayectoria-y-entrega-de-330-docentes","status":"publish","type":"post","link":"https:\/\/www.diarioimagen.net\/?p=671688","title":{"rendered":"\u00a0  Reconoce el GEM la trayectoria y entrega de 330 docentes"},"content":{"rendered":"<ul>\n<li><strong>Condecoraci\u00f3n \u201cMaestro Altamirano\u201d 2025<\/strong><\/li>\n<\/ul>\n<p><strong>\u00a0<\/strong><\/p>\n<div id=\"attachment_671689\" style=\"width: 415px\" class=\"wp-caption alignnone\"><img loading=\"lazy\" decoding=\"async\" aria-describedby=\"caption-attachment-671689\" class=\"wp-image-671689 size-large\" src=\"https:\/\/www.diarioimagen.net\/wp-content\/uploads\/2025\/06\/EDOMEX-2-ok-7-405x270.jpg\" alt=\"\" width=\"405\" height=\"270\" srcset=\"https:\/\/www.diarioimagen.net\/wp-content\/uploads\/2025\/06\/EDOMEX-2-ok-7-405x270.jpg 405w, https:\/\/www.diarioimagen.net\/wp-content\/uploads\/2025\/06\/EDOMEX-2-ok-7-240x160.jpg 240w, https:\/\/www.diarioimagen.net\/wp-content\/uploads\/2025\/06\/EDOMEX-2-ok-7-768x511.jpg 768w, https:\/\/www.diarioimagen.net\/wp-content\/uploads\/2025\/06\/EDOMEX-2-ok-7.jpg 1500w\" sizes=\"auto, (max-width: 405px) 100vw, 405px\" \/><p id=\"caption-attachment-671689\" class=\"wp-caption-text\">Se reconoci\u00f3 a 330 docentes que han dedicado m\u00e1s de 40 a\u00f1os al servicio educativo, mediante la entrega de la Condecoraci\u00f3n \u201cMaestro Altamirano\u201d 2025, otorgada por la Secretar\u00eda de Educaci\u00f3n P\u00fablica.<\/p><\/div>\n<p><strong>\u00a0<\/strong><\/p>\n<p><strong>\u00a0<\/strong><\/p>\n<p>Texcoco, Estado de M\u00e9xico.\u2013 El gobierno del Estado de M\u00e9xico reconoci\u00f3 a 330 docentes que han dedicado m\u00e1s de 40 a\u00f1os al servicio educativo, mediante la entrega de la Condecoraci\u00f3n \u201cMaestro Altamirano\u201d 2025, otorgada por la Secretar\u00eda de Educaci\u00f3n P\u00fablica (SEP).<\/p>\n<p>Miguel \u00c1ngel Hern\u00e1ndez Espejel, Secretario de Educaci\u00f3n, Ciencia, Tecnolog\u00eda e Innovaci\u00f3n del Estado de M\u00e9xico (Secti) destac\u00f3: \u201cEsta medalla representa m\u00e1s de 40 a\u00f1os de compromiso diario con el conocimiento y el acompa\u00f1amiento de generaciones con paciencia, constancia y sabidur\u00eda. Ustedes han sido protagonistas de la transformaci\u00f3n educativa de nuestro pa\u00eds\u201d.<\/p>\n<p>En el Teatro \u201cElisa Carrillo\u201d del Centro Cultural Bicentenario de Texcoco, el Titular de la Secti subray\u00f3 que el legado de los maestros mexiquenses es un ejemplo vivo de lo que promueve hoy la Nueva Escuela Mexicana (NEM): una educaci\u00f3n centrada en la comunidad, el contexto, la equidad y los valores humanos.<\/p>\n<p>De manera simb\u00f3lica, 14 docentes, uno por cada regi\u00f3n educativa, recibieron la medalla en reconocimiento a su compromiso, constancia y sentido humanista en la ense\u00f1anza.<\/p>\n<p>Las y los profesores condecorados estuvieron acompa\u00f1ados por familiares, autoridades educativas estatales, dirigentes magisteriales y representantes sindicales.<\/p>\n<p>&nbsp;<\/p>\n<p>&nbsp;<\/p>\n<p>&nbsp;<\/p>\n","protected":false},"excerpt":{"rendered":"<p>Condecoraci\u00f3n \u201cMaestro Altamirano\u201d 2025 \u00a0 \u00a0 \u00a0 Texcoco, Estado de M\u00e9xico.\u2013 El gobierno del Estado de M\u00e9xico reconoci\u00f3 a 330 docentes que han dedicado m\u00e1s de 40 a\u00f1os al servicio educativo, mediante la entrega de la Condecoraci\u00f3n \u201cMaestro Altamirano\u201d 2025, otorgada por la Secretar\u00eda de Educaci\u00f3n P\u00fablica (SEP). Miguel \u00c1ngel Hern\u00e1ndez Espejel, Secretario de Educaci\u00f3n, [&hellip;]<\/p>\n","protected":false},"author":14,"featured_media":671689,"comment_status":"open","ping_status":"open","sticky":false,"template":"","format":"standard","meta":{"_monsterinsights_skip_tracking":false,"_monsterinsights_sitenote_active":false,"_monsterinsights_sitenote_note":"","_monsterinsights_sitenote_category":0,"footnotes":""},"categories":[5],"tags":[],"class_list":["post-671688","post","type-post","status-publish","format-standard","has-post-thumbnail","hentry","category-estado-de-mexico"],"_links":{"self":[{"href":"https:\/\/www.diarioimagen.net\/index.php?rest_route=\/wp\/v2\/posts\/671688","targetHints":{"allow":["GET"]}}],"collection":[{"href":"https:\/\/www.diarioimagen.net\/index.php?rest_route=\/wp\/v2\/posts"}],"about":[{"href":"https:\/\/www.diarioimagen.net\/index.php?rest_route=\/wp\/v2\/types\/post"}],"author":[{"embeddable":true,"href":"https:\/\/www.diarioimagen.net\/index.php?rest_route=\/wp\/v2\/users\/14"}],"replies":[{"embeddable":true,"href":"https:\/\/www.diarioimagen.net\/index.php?rest_route=%2Fwp%2Fv2%2Fcomments&post=671688"}],"version-history":[{"count":1,"href":"https:\/\/www.diarioimagen.net\/index.php?rest_route=\/wp\/v2\/posts\/671688\/revisions"}],"predecessor-version":[{"id":671690,"href":"https:\/\/www.diarioimagen.net\/index.php?rest_route=\/wp\/v2\/posts\/671688\/revisions\/671690"}],"wp:featuredmedia":[{"embeddable":true,"href":"https:\/\/www.diarioimagen.net\/index.php?rest_route=\/wp\/v2\/media\/671689"}],"wp:attachment":[{"href":"https:\/\/www.diarioimagen.net\/index.php?rest_route=%2Fwp%2Fv2%2Fmedia&parent=671688"}],"wp:term":[{"taxonomy":"category","embeddable":true,"href":"https:\/\/www.diarioimagen.net\/index.php?rest_route=%2Fwp%2Fv2%2Fcategories&post=671688"},{"taxonomy":"post_tag","embeddable":true,"href":"https:\/\/www.diarioimagen.net\/index.php?rest_route=%2Fwp%2Fv2%2Ftags&post=671688"}],"curies":[{"name":"wp","href":"https:\/\/api.w.org\/{rel}","templated":true}]}}