{"id":671792,"date":"2025-06-17T00:00:28","date_gmt":"2025-06-17T06:00:28","guid":{"rendered":"https:\/\/www.diarioimagen.net\/?p=671792"},"modified":"2025-06-16T20:25:46","modified_gmt":"2025-06-17T02:25:46","slug":"ordise-y-heriberto-perez-impulsan-la-segunda-marcha-del-orgullo-lgbtttiq","status":"publish","type":"post","link":"https:\/\/www.diarioimagen.net\/?p=671792","title":{"rendered":"Ordise y Heriberto P\u00e9rez impulsan la  Segunda Marcha del Orgullo LGBTTTIQ"},"content":{"rendered":"<ul>\n<li><strong>S\u00edmbolo de inclusi\u00f3n y solidaridad en Naucalpan<\/strong><\/li>\n<\/ul>\n<div id=\"attachment_671793\" style=\"width: 413px\" class=\"wp-caption alignnone\"><img loading=\"lazy\" decoding=\"async\" aria-describedby=\"caption-attachment-671793\" class=\"wp-image-671793 size-large\" src=\"https:\/\/www.diarioimagen.net\/wp-content\/uploads\/2025\/06\/BAENA-1-OK-10-403x270.jpg\" alt=\"\" width=\"403\" height=\"270\" srcset=\"https:\/\/www.diarioimagen.net\/wp-content\/uploads\/2025\/06\/BAENA-1-OK-10-403x270.jpg 403w, https:\/\/www.diarioimagen.net\/wp-content\/uploads\/2025\/06\/BAENA-1-OK-10-240x161.jpg 240w, https:\/\/www.diarioimagen.net\/wp-content\/uploads\/2025\/06\/BAENA-1-OK-10-768x515.jpg 768w, https:\/\/www.diarioimagen.net\/wp-content\/uploads\/2025\/06\/BAENA-1-OK-10-1536x1030.jpg 1536w, https:\/\/www.diarioimagen.net\/wp-content\/uploads\/2025\/06\/BAENA-1-OK-10-2048x1373.jpg 2048w\" sizes=\"auto, (max-width: 403px) 100vw, 403px\" \/><p id=\"caption-attachment-671793\" class=\"wp-caption-text\">El activista Heriberto P\u00e9rez Gonz\u00e1lez present\u00f3 al alcalde de Naucalpan, Isaac Montoya, la exposici\u00f3n de motivos de la Segunda Marcha del Orgullo LGBTTTIQ+ 2025.<\/p><\/div>\n<p><strong>\u00a0<\/strong><\/p>\n<p>&nbsp;<\/p>\n<p>&nbsp;<\/p>\n<p>Naucalpan, M\u00e9x.- La Organizaci\u00f3n por la Diversidad Sexual (Ordise), liderada por el activista Heriberto P\u00e9rez Gonz\u00e1lez,\u00a0 present\u00f3 al alcalde Isaac Montoya, la exposici\u00f3n de motivos de la Segunda Marcha del Orgullo LGBTTTIQ+ 2025,\u00a0 un movimiento que promete transformar Naucalpan en un s\u00edmbolo de inclusi\u00f3n y solidaridad.<\/p>\n<p>&nbsp;<\/p>\n<p>P\u00e9rez Gonz\u00e1lez afirm\u00f3 que este evento, arraigado en la lucha por la igualdad, busca unir a la comunidad en un esfuerzo colectivo que redefine el futuro del municipio.<\/p>\n<p>&nbsp;<\/p>\n<p>Record\u00f3 que el comit\u00e9 de hermanos unidos LGBTTTIQ+ de\u00a0 Naucalpan lidera la gesti\u00f3n del proyecto con la participaci\u00f3n de la \u00abAgencia Cultiva Tu Percepci\u00f3n\u00bb,\u00a0 dirigida por Francisco M\u00e1rquez y un equipo de egresados de la Licenciatura en Relaciones Comerciales de la ESCA Santo Tom\u00e1s (IPN).<\/p>\n<p>&nbsp;<\/p>\n<p>El activista dijo que esta alianza se fortalece con comit\u00e9s como \u00abYisus Men\u2019s\u00bb, \u00abResistencia Trans\u00bb e \u00abIsma Buitron\u00bb, entre otros, en un esfuerzo innovador de activistas que visibiliza a la comunidad LGBTTTIQ+, mediante actividades y eventos culturales. Ordise consolida as\u00ed la diversidad y la unidad en Naucalpan, proyectando un cambio que resuena en m\u00e1s de 3,200 voces locales.<\/p>\n<p>&nbsp;<\/p>\n<p>La marcha, se prev\u00e9 desde los Arcos de los Remedios a las\u00a0 hasta el Teatro Isidro Fabela, y\u00a0 reunir\u00e1 a empresas naucalpenses, junto a 50 negocios locales y talentos como sonideros, DJs y 50 artistas. \u201cEn la uni\u00f3n est\u00e1 la fuerza\u201d, declar\u00f3 ORDISE, alineando su visi\u00f3n con el Plan Nacional de Desarrollo 2025-2030.\u00a0 que promueve la igualdad<\/p>\n<p>&nbsp;<\/p>\n<p>Ordise invita a todos los naucalpenses, no solo a la comunidad LGBTTTIQ+, a sumarse a este movimiento a ser parte de un cambio hist\u00f3rico.<\/p>\n<p>&nbsp;<\/p>\n<p>&nbsp;<\/p>\n","protected":false},"excerpt":{"rendered":"<p>S\u00edmbolo de inclusi\u00f3n y solidaridad en Naucalpan \u00a0 &nbsp; &nbsp; Naucalpan, M\u00e9x.- La Organizaci\u00f3n por la Diversidad Sexual (Ordise), liderada por el activista Heriberto P\u00e9rez Gonz\u00e1lez,\u00a0 present\u00f3 al alcalde Isaac Montoya, la exposici\u00f3n de motivos de la Segunda Marcha del Orgullo LGBTTTIQ+ 2025,\u00a0 un movimiento que promete transformar Naucalpan en un s\u00edmbolo de inclusi\u00f3n y [&hellip;]<\/p>\n","protected":false},"author":14,"featured_media":671793,"comment_status":"open","ping_status":"open","sticky":false,"template":"","format":"standard","meta":{"_monsterinsights_skip_tracking":false,"_monsterinsights_sitenote_active":false,"_monsterinsights_sitenote_note":"","_monsterinsights_sitenote_category":0,"footnotes":""},"categories":[5],"tags":[],"class_list":["post-671792","post","type-post","status-publish","format-standard","has-post-thumbnail","hentry","category-estado-de-mexico"],"_links":{"self":[{"href":"https:\/\/www.diarioimagen.net\/index.php?rest_route=\/wp\/v2\/posts\/671792","targetHints":{"allow":["GET"]}}],"collection":[{"href":"https:\/\/www.diarioimagen.net\/index.php?rest_route=\/wp\/v2\/posts"}],"about":[{"href":"https:\/\/www.diarioimagen.net\/index.php?rest_route=\/wp\/v2\/types\/post"}],"author":[{"embeddable":true,"href":"https:\/\/www.diarioimagen.net\/index.php?rest_route=\/wp\/v2\/users\/14"}],"replies":[{"embeddable":true,"href":"https:\/\/www.diarioimagen.net\/index.php?rest_route=%2Fwp%2Fv2%2Fcomments&post=671792"}],"version-history":[{"count":1,"href":"https:\/\/www.diarioimagen.net\/index.php?rest_route=\/wp\/v2\/posts\/671792\/revisions"}],"predecessor-version":[{"id":671794,"href":"https:\/\/www.diarioimagen.net\/index.php?rest_route=\/wp\/v2\/posts\/671792\/revisions\/671794"}],"wp:featuredmedia":[{"embeddable":true,"href":"https:\/\/www.diarioimagen.net\/index.php?rest_route=\/wp\/v2\/media\/671793"}],"wp:attachment":[{"href":"https:\/\/www.diarioimagen.net\/index.php?rest_route=%2Fwp%2Fv2%2Fmedia&parent=671792"}],"wp:term":[{"taxonomy":"category","embeddable":true,"href":"https:\/\/www.diarioimagen.net\/index.php?rest_route=%2Fwp%2Fv2%2Fcategories&post=671792"},{"taxonomy":"post_tag","embeddable":true,"href":"https:\/\/www.diarioimagen.net\/index.php?rest_route=%2Fwp%2Fv2%2Ftags&post=671792"}],"curies":[{"name":"wp","href":"https:\/\/api.w.org\/{rel}","templated":true}]}}