{"id":671795,"date":"2025-06-17T00:00:10","date_gmt":"2025-06-17T06:00:10","guid":{"rendered":"https:\/\/www.diarioimagen.net\/?p=671795"},"modified":"2025-06-16T20:32:20","modified_gmt":"2025-06-17T02:32:20","slug":"gobierno-de-atizapan-comprometido-con-la-educacion-coinciden-mentores","status":"publish","type":"post","link":"https:\/\/www.diarioimagen.net\/?p=671795","title":{"rendered":"Gobierno de Atizap\u00e1n, comprometido  con la educaci\u00f3n, coinciden mentores  \u00a0"},"content":{"rendered":"<ul>\n<li><strong>Festejo por D\u00eda del Maestro<\/strong><\/li>\n<\/ul>\n<div id=\"attachment_671796\" style=\"width: 432px\" class=\"wp-caption alignnone\"><img loading=\"lazy\" decoding=\"async\" aria-describedby=\"caption-attachment-671796\" class=\"wp-image-671796 size-large\" src=\"https:\/\/www.diarioimagen.net\/wp-content\/uploads\/2025\/06\/BAENA-2-OK-11-422x270.jpg\" alt=\"\" width=\"422\" height=\"270\" srcset=\"https:\/\/www.diarioimagen.net\/wp-content\/uploads\/2025\/06\/BAENA-2-OK-11-422x270.jpg 422w, https:\/\/www.diarioimagen.net\/wp-content\/uploads\/2025\/06\/BAENA-2-OK-11-240x153.jpg 240w, https:\/\/www.diarioimagen.net\/wp-content\/uploads\/2025\/06\/BAENA-2-OK-11-768x491.jpg 768w, https:\/\/www.diarioimagen.net\/wp-content\/uploads\/2025\/06\/BAENA-2-OK-11.jpg 1500w\" sizes=\"auto, (max-width: 422px) 100vw, 422px\" \/><p id=\"caption-attachment-671796\" class=\"wp-caption-text\">Maestros de escuelas federales y estatales de Atizap\u00e1n agradecieron a Pedro Rodr\u00edguez Villegas por el evento que organiz\u00f3 con motivo del \u201cD\u00eda del Maestro\u201d.<\/p><\/div>\n<p>&nbsp;<\/p>\n<p>Atizap\u00e1n de Zaragoza, M\u00e9x.- Profesores de escuelas federales y estatales de este municipio, agradecieron al presidente municipal, Pedro Rodr\u00edguez Villegas, por el evento que organiz\u00f3 su gobierno con motivo del D\u00eda del Maestro.<\/p>\n<p>&nbsp;<\/p>\n<p>Los docentes se\u00f1alaron que ning\u00fan otro presidente municipal de Atizap\u00e1n de Zaragoza, hab\u00eda sido tan generoso en la celebraci\u00f3n del D\u00eda del Maestro como lo fue la gesti\u00f3n de\u00a0 Pedro Rodr\u00edguez<\/p>\n<p>&nbsp;<\/p>\n<p>\u201cRif\u00f3 un coche, computadoras, tabletas, refrigeradores, y la organizaci\u00f3n y comida fueron de primera\u00bb, apunt\u00f3 Tom\u00e1s G\u00f3mez, profesor de la secundaria \u201cLic. Isidro Fabela\u201d.<\/p>\n<p>&nbsp;<\/p>\n<p>Por su parte, el alcalde Pedro Rodr\u00edguez Villegas destac\u00f3 que su gobierno est\u00e1 comprometido con una educaci\u00f3n de calidad para los estudiantes del municipio, lo cual -dijo- se logra con \u201cmaestros comprometidos y capacitados\u201d como los que hay en Atizap\u00e1n.<\/p>\n<p>&nbsp;<\/p>\n<p>Agreg\u00f3 que su administraci\u00f3n invierte en infraestructura educativa para que las y los docentes cuenten con las herramientas necesarias para desempe\u00f1ar eficientemente su noble labor.<\/p>\n<p>&nbsp;<\/p>\n<p>El presidente municipal\u00a0 panista record\u00f3 que frecuentemente visita escuelas p\u00fablicas del municipio para conocer\u00a0 personalmente\u00a0 las\u00a0 necesidades de los maestros y alumnos\u00a0 e\u00a0 ir resolviendo\u00a0\u00a0 los temas en beneficio de la comunidad escolar.<\/p>\n<p>&nbsp;<\/p>\n<p>Durante dos d\u00edas, el alcalde emanado del PAN convivi\u00f3 con mentores de todas las escuelas del municipio, reiterando que su gobierno est\u00e1 del lado de las y los maestros, quienes hacen posible una educaci\u00f3n de calidad que permita a ni\u00f1os, adolescentes y j\u00f3venes construir un mejor futuro.<\/p>\n<p><strong>\u00a0<\/strong><\/p>\n<p>&nbsp;<\/p>\n<p>&nbsp;<\/p>\n","protected":false},"excerpt":{"rendered":"<p>Festejo por D\u00eda del Maestro &nbsp; Atizap\u00e1n de Zaragoza, M\u00e9x.- Profesores de escuelas federales y estatales de este municipio, agradecieron al presidente municipal, Pedro Rodr\u00edguez Villegas, por el evento que organiz\u00f3 su gobierno con motivo del D\u00eda del Maestro. &nbsp; Los docentes se\u00f1alaron que ning\u00fan otro presidente municipal de Atizap\u00e1n de Zaragoza, hab\u00eda sido tan [&hellip;]<\/p>\n","protected":false},"author":14,"featured_media":671796,"comment_status":"open","ping_status":"open","sticky":false,"template":"","format":"standard","meta":{"_monsterinsights_skip_tracking":false,"_monsterinsights_sitenote_active":false,"_monsterinsights_sitenote_note":"","_monsterinsights_sitenote_category":0,"footnotes":""},"categories":[5],"tags":[],"class_list":["post-671795","post","type-post","status-publish","format-standard","has-post-thumbnail","hentry","category-estado-de-mexico"],"_links":{"self":[{"href":"https:\/\/www.diarioimagen.net\/index.php?rest_route=\/wp\/v2\/posts\/671795","targetHints":{"allow":["GET"]}}],"collection":[{"href":"https:\/\/www.diarioimagen.net\/index.php?rest_route=\/wp\/v2\/posts"}],"about":[{"href":"https:\/\/www.diarioimagen.net\/index.php?rest_route=\/wp\/v2\/types\/post"}],"author":[{"embeddable":true,"href":"https:\/\/www.diarioimagen.net\/index.php?rest_route=\/wp\/v2\/users\/14"}],"replies":[{"embeddable":true,"href":"https:\/\/www.diarioimagen.net\/index.php?rest_route=%2Fwp%2Fv2%2Fcomments&post=671795"}],"version-history":[{"count":1,"href":"https:\/\/www.diarioimagen.net\/index.php?rest_route=\/wp\/v2\/posts\/671795\/revisions"}],"predecessor-version":[{"id":671797,"href":"https:\/\/www.diarioimagen.net\/index.php?rest_route=\/wp\/v2\/posts\/671795\/revisions\/671797"}],"wp:featuredmedia":[{"embeddable":true,"href":"https:\/\/www.diarioimagen.net\/index.php?rest_route=\/wp\/v2\/media\/671796"}],"wp:attachment":[{"href":"https:\/\/www.diarioimagen.net\/index.php?rest_route=%2Fwp%2Fv2%2Fmedia&parent=671795"}],"wp:term":[{"taxonomy":"category","embeddable":true,"href":"https:\/\/www.diarioimagen.net\/index.php?rest_route=%2Fwp%2Fv2%2Fcategories&post=671795"},{"taxonomy":"post_tag","embeddable":true,"href":"https:\/\/www.diarioimagen.net\/index.php?rest_route=%2Fwp%2Fv2%2Ftags&post=671795"}],"curies":[{"name":"wp","href":"https:\/\/api.w.org\/{rel}","templated":true}]}}