{"id":671798,"date":"2025-06-17T00:00:32","date_gmt":"2025-06-17T06:00:32","guid":{"rendered":"https:\/\/www.diarioimagen.net\/?p=671798"},"modified":"2025-06-16T20:33:39","modified_gmt":"2025-06-17T02:33:39","slug":"impulsa-naucalpan-la-cultura-y-el-deporte-en-familias-de-la-localidad","status":"publish","type":"post","link":"https:\/\/www.diarioimagen.net\/?p=671798","title":{"rendered":"\u00a0  Impulsa Naucalpan la cultura y el  deporte en familias de la localidad"},"content":{"rendered":"<ul>\n<li><strong>Asiste el alcalde Isaac Montoya a diversos eventos<\/strong><\/li>\n<\/ul>\n<div id=\"attachment_671799\" style=\"width: 470px\" class=\"wp-caption alignnone\"><img loading=\"lazy\" decoding=\"async\" aria-describedby=\"caption-attachment-671799\" class=\"wp-image-671799 size-large\" src=\"https:\/\/www.diarioimagen.net\/wp-content\/uploads\/2025\/06\/BAENA-3-OK-11-460x250.jpg\" alt=\"\" width=\"460\" height=\"250\" srcset=\"https:\/\/www.diarioimagen.net\/wp-content\/uploads\/2025\/06\/BAENA-3-OK-11-460x250.jpg 460w, https:\/\/www.diarioimagen.net\/wp-content\/uploads\/2025\/06\/BAENA-3-OK-11-240x130.jpg 240w, https:\/\/www.diarioimagen.net\/wp-content\/uploads\/2025\/06\/BAENA-3-OK-11-768x417.jpg 768w, https:\/\/www.diarioimagen.net\/wp-content\/uploads\/2025\/06\/BAENA-3-OK-11.jpg 1500w\" sizes=\"auto, (max-width: 460px) 100vw, 460px\" \/><p id=\"caption-attachment-671799\" class=\"wp-caption-text\">El alcalde Isaac Montoya reconoci\u00f3 al box como uno de los deportes del pueblo y recalc\u00f3 que su administraci\u00f3n est\u00e1 comprometida con apoyar a los nuevos valores y talentos deportivos de Naucalpan.<\/p><\/div>\n<p>Naucalpan. M\u00e9x.- En el marco del \u201cD\u00eda del Padre\u201d,\u00a0 el alcalde Isaac Montoya, acudi\u00f3 a diversos eventos tanto con maestros del municipio, como con autoridades catalanas en la apertura de la exposici\u00f3n fotogr\u00e1fica \u201cCatalunya, Tierra de Tradici\u00f3n y Cultura Popular\u201d y a la tercera eliminatoria del Cintur\u00f3n de Plata 2025, reiterando el impulso a la cultural,\u00a0 deporte y recreaci\u00f3n.<\/p>\n<p>&nbsp;<\/p>\n<p>En un evento, organizado por el Sistema DIF Municipal, que convoc\u00f3 a 500 docentes de todo el municipio, celebrado en el WTC Sat\u00e9lite, el alcalde destac\u00f3 el trabajo de los padres y tambi\u00e9n de los docentes en el desarrollo de las comunidades, porque son constructores de destinos.<\/p>\n<p>&nbsp;<\/p>\n<p>Del mismo modo, Montoya M\u00e1rquez y Lleir Daban Hurt\u00f3s, Delegado de Catalu\u00f1a en M\u00e9xico, dieron la apertura a la exposici\u00f3n fotogr\u00e1fica \u201cCatalunya, Tierra de Tradici\u00f3n y Cultura Popular\u201d, donde el Alcalde destac\u00f3 que \u201ceste evento es un acto que refleja el compromiso de Naucalpan con la cultura para entender otras realidades y tambi\u00e9n emocionarse con las costumbres y aprender de otras concepciones culturales, de otros pueblos como el Catal\u00e1n\u201d.<\/p>\n<p>&nbsp;<\/p>\n<p>Antes de recorrer la exposici\u00f3n que muestra las tradiciones de Catalu\u00f1a, como los Castells o Castillos (Torres humanas) una pr\u00e1ctica cultural donde participan cientos de personas desde hace m\u00e1s de 200 a\u00f1os y que fue declarada en 2010 como Patrimonio Cultural Inmaterial de la Humanidad por la Unesco, reiter\u00f3 que su gobierno busca impulsar al Parque Naucalli como un espacio cultural abierto a toda la poblaci\u00f3n.<\/p>\n<p>&nbsp;<\/p>\n<p>En otro evento, en la Plaza C\u00edvica de San Mateo Nopala, donde se llev\u00f3 a cabo la tercera eliminatoria del Cintur\u00f3n de Plata 2025, el Alcalde reconoci\u00f3 al box como uno de los deportes del pueblo y recalc\u00f3 que su administraci\u00f3n est\u00e1 comprometida con apoyar a los nuevos valores y talentos deportivos del municipio. Anunci\u00f3 que, la gran final se llevar\u00e1 a cabo en la Explanada del Palacio Municipal.<\/p>\n<p>&nbsp;<\/p>\n<p>&nbsp;<\/p>\n","protected":false},"excerpt":{"rendered":"<p>Asiste el alcalde Isaac Montoya a diversos eventos Naucalpan. M\u00e9x.- En el marco del \u201cD\u00eda del Padre\u201d,\u00a0 el alcalde Isaac Montoya, acudi\u00f3 a diversos eventos tanto con maestros del municipio, como con autoridades catalanas en la apertura de la exposici\u00f3n fotogr\u00e1fica \u201cCatalunya, Tierra de Tradici\u00f3n y Cultura Popular\u201d y a la tercera eliminatoria del Cintur\u00f3n [&hellip;]<\/p>\n","protected":false},"author":14,"featured_media":671799,"comment_status":"open","ping_status":"open","sticky":false,"template":"","format":"standard","meta":{"_monsterinsights_skip_tracking":false,"_monsterinsights_sitenote_active":false,"_monsterinsights_sitenote_note":"","_monsterinsights_sitenote_category":0,"footnotes":""},"categories":[5],"tags":[],"class_list":["post-671798","post","type-post","status-publish","format-standard","has-post-thumbnail","hentry","category-estado-de-mexico"],"_links":{"self":[{"href":"https:\/\/www.diarioimagen.net\/index.php?rest_route=\/wp\/v2\/posts\/671798","targetHints":{"allow":["GET"]}}],"collection":[{"href":"https:\/\/www.diarioimagen.net\/index.php?rest_route=\/wp\/v2\/posts"}],"about":[{"href":"https:\/\/www.diarioimagen.net\/index.php?rest_route=\/wp\/v2\/types\/post"}],"author":[{"embeddable":true,"href":"https:\/\/www.diarioimagen.net\/index.php?rest_route=\/wp\/v2\/users\/14"}],"replies":[{"embeddable":true,"href":"https:\/\/www.diarioimagen.net\/index.php?rest_route=%2Fwp%2Fv2%2Fcomments&post=671798"}],"version-history":[{"count":1,"href":"https:\/\/www.diarioimagen.net\/index.php?rest_route=\/wp\/v2\/posts\/671798\/revisions"}],"predecessor-version":[{"id":671800,"href":"https:\/\/www.diarioimagen.net\/index.php?rest_route=\/wp\/v2\/posts\/671798\/revisions\/671800"}],"wp:featuredmedia":[{"embeddable":true,"href":"https:\/\/www.diarioimagen.net\/index.php?rest_route=\/wp\/v2\/media\/671799"}],"wp:attachment":[{"href":"https:\/\/www.diarioimagen.net\/index.php?rest_route=%2Fwp%2Fv2%2Fmedia&parent=671798"}],"wp:term":[{"taxonomy":"category","embeddable":true,"href":"https:\/\/www.diarioimagen.net\/index.php?rest_route=%2Fwp%2Fv2%2Fcategories&post=671798"},{"taxonomy":"post_tag","embeddable":true,"href":"https:\/\/www.diarioimagen.net\/index.php?rest_route=%2Fwp%2Fv2%2Ftags&post=671798"}],"curies":[{"name":"wp","href":"https:\/\/api.w.org\/{rel}","templated":true}]}}