{"id":671801,"date":"2025-06-17T00:00:57","date_gmt":"2025-06-17T06:00:57","guid":{"rendered":"https:\/\/www.diarioimagen.net\/?p=671801"},"modified":"2025-06-16T20:35:13","modified_gmt":"2025-06-17T02:35:13","slug":"participa-alcaldesa-de-ecatepec-en-foro-metropolitano","status":"publish","type":"post","link":"https:\/\/www.diarioimagen.net\/?p=671801","title":{"rendered":"Participa alcaldesa de Ecatepec en Foro Metropolitano"},"content":{"rendered":"<p>&nbsp;<\/p>\n<div id=\"attachment_671802\" style=\"width: 408px\" class=\"wp-caption alignnone\"><img loading=\"lazy\" decoding=\"async\" aria-describedby=\"caption-attachment-671802\" class=\"wp-image-671802 size-large\" src=\"https:\/\/www.diarioimagen.net\/wp-content\/uploads\/2025\/06\/BAENA-4-OK-11-398x270.jpg\" alt=\"\" width=\"398\" height=\"270\" srcset=\"https:\/\/www.diarioimagen.net\/wp-content\/uploads\/2025\/06\/BAENA-4-OK-11-398x270.jpg 398w, https:\/\/www.diarioimagen.net\/wp-content\/uploads\/2025\/06\/BAENA-4-OK-11-240x163.jpg 240w, https:\/\/www.diarioimagen.net\/wp-content\/uploads\/2025\/06\/BAENA-4-OK-11-768x521.jpg 768w, https:\/\/www.diarioimagen.net\/wp-content\/uploads\/2025\/06\/BAENA-4-OK-11-1536x1043.jpg 1536w, https:\/\/www.diarioimagen.net\/wp-content\/uploads\/2025\/06\/BAENA-4-OK-11-2048x1391.jpg 2048w\" sizes=\"auto, (max-width: 398px) 100vw, 398px\" \/><p id=\"caption-attachment-671802\" class=\"wp-caption-text\">Participa alcaldesa de Ecatepec en Foro Metropolitano<\/p><\/div>\n<p>&nbsp;<\/p>\n<p>Ecatepec, M\u00e9x.- Avanzar hacia un Pacto Metropolitano de Cuidado y Seguridad para las Mujeres, en el cual sea posible replicar la\u00a0 Red Violeta a toda la ZMCM, fue la propuesta de la presidenta municipal de Ecatepec,\u00a0 Azucena Cisneros Coss, al participar en el foro Metr\u00f3polis, organizado por el gobierno de la Ciudad de M\u00e9xico. En el Di\u00e1logo \u201cLa Ciudad de M\u00e9xico y las metr\u00f3polis mexicanas: Retos locales y proyecci\u00f3n global\u201d, donde fue anfitri\u00f3n Alejandro Encinas, Cisneros Coss, afirm\u00f3 que la Red Violeta que entr\u00f3 en operaci\u00f3n en Ecatepec podr\u00eda ser la base para construir una red conjunta entre municipios y la Ciudad. \u201cHay ejemplos que nos inspiran: en Barcelona, en Bogot\u00e1, se han creado corredores seguros, redes de cuidado\u201d, dijo.<\/p>\n<p>&nbsp;<\/p>\n<p>&nbsp;<\/p>\n<p>&nbsp;<\/p>\n<p>La alcaldesa de Ecatepec tambi\u00e9n consider\u00f3 necesario impulsar una Alianza Metropolitana para la Gesti\u00f3n Justa y Popular de la Basura, que transparente los flujos de residuos de la metr\u00f3poli e impulse educaci\u00f3n popular al respecto, as\u00ed como la participaci\u00f3n de la poblaci\u00f3n.<\/p>\n<p>&nbsp;<\/p>\n<p>En el evento comparti\u00f3 la experiencia que el Gobierno del Cambio con Honestidad ha obtenido gracias a los programas Red Violeta, luminarias y recolecci\u00f3n de basura.<\/p>\n<p>&nbsp;<\/p>\n<p>De esta manera, detall\u00f3 que la Red Violeta est\u00e1 conformada por 10 mil l\u00edderes comunitarias que apoyan, acompa\u00f1an y orientan a mujeres que sufren violencia de g\u00e9nero. Indic\u00f3 que la App ha sido descargada m\u00e1s de 70 mil veces y ha atendido seis mil llamadas de acompa\u00f1amiento a mujeres.<\/p>\n<p>&nbsp;<\/p>\n<p>Con respecto al programa Luces de Esperanza, mencion\u00f3 que hasta el momento han encendido 23 mil nuevas luminarias en Ecatepec, muchas de ellas en zonas lim\u00edtrofes y que por la ambig\u00fcedad respecto a qu\u00e9 municipio corresponden, estaban en completa oscuridad y a\u00f1adi\u00f3 que la inseguridad no respeta l\u00edmites municipales.<\/p>\n","protected":false},"excerpt":{"rendered":"<p>&nbsp; &nbsp; Ecatepec, M\u00e9x.- Avanzar hacia un Pacto Metropolitano de Cuidado y Seguridad para las Mujeres, en el cual sea posible replicar la\u00a0 Red Violeta a toda la ZMCM, fue la propuesta de la presidenta municipal de Ecatepec,\u00a0 Azucena Cisneros Coss, al participar en el foro Metr\u00f3polis, organizado por el gobierno de la Ciudad de [&hellip;]<\/p>\n","protected":false},"author":14,"featured_media":671802,"comment_status":"open","ping_status":"open","sticky":false,"template":"","format":"standard","meta":{"_monsterinsights_skip_tracking":false,"_monsterinsights_sitenote_active":false,"_monsterinsights_sitenote_note":"","_monsterinsights_sitenote_category":0,"footnotes":""},"categories":[5],"tags":[],"class_list":["post-671801","post","type-post","status-publish","format-standard","has-post-thumbnail","hentry","category-estado-de-mexico"],"_links":{"self":[{"href":"https:\/\/www.diarioimagen.net\/index.php?rest_route=\/wp\/v2\/posts\/671801","targetHints":{"allow":["GET"]}}],"collection":[{"href":"https:\/\/www.diarioimagen.net\/index.php?rest_route=\/wp\/v2\/posts"}],"about":[{"href":"https:\/\/www.diarioimagen.net\/index.php?rest_route=\/wp\/v2\/types\/post"}],"author":[{"embeddable":true,"href":"https:\/\/www.diarioimagen.net\/index.php?rest_route=\/wp\/v2\/users\/14"}],"replies":[{"embeddable":true,"href":"https:\/\/www.diarioimagen.net\/index.php?rest_route=%2Fwp%2Fv2%2Fcomments&post=671801"}],"version-history":[{"count":1,"href":"https:\/\/www.diarioimagen.net\/index.php?rest_route=\/wp\/v2\/posts\/671801\/revisions"}],"predecessor-version":[{"id":671803,"href":"https:\/\/www.diarioimagen.net\/index.php?rest_route=\/wp\/v2\/posts\/671801\/revisions\/671803"}],"wp:featuredmedia":[{"embeddable":true,"href":"https:\/\/www.diarioimagen.net\/index.php?rest_route=\/wp\/v2\/media\/671802"}],"wp:attachment":[{"href":"https:\/\/www.diarioimagen.net\/index.php?rest_route=%2Fwp%2Fv2%2Fmedia&parent=671801"}],"wp:term":[{"taxonomy":"category","embeddable":true,"href":"https:\/\/www.diarioimagen.net\/index.php?rest_route=%2Fwp%2Fv2%2Fcategories&post=671801"},{"taxonomy":"post_tag","embeddable":true,"href":"https:\/\/www.diarioimagen.net\/index.php?rest_route=%2Fwp%2Fv2%2Ftags&post=671801"}],"curies":[{"name":"wp","href":"https:\/\/api.w.org\/{rel}","templated":true}]}}